{"id":8244,"date":"2011-07-24T05:00:39","date_gmt":"2011-07-24T03:00:39","guid":{"rendered":"http:\/\/rockpixx.com\/wordpress\/?p=8244"},"modified":"2013-02-05T20:29:29","modified_gmt":"2013-02-05T18:29:29","slug":"wirtz-24-07-2011-nordholz-deichbrand-festival","status":"publish","type":"post","link":"http:\/\/www.rockpixx.com\/wordpress\/wirtz-24-07-2011-nordholz-deichbrand-festival\/","title":{"rendered":"Wirtz, 24.07.2011, Nordholz, Deichbrand Festival"},"content":{"rendered":"<p>\u201eWirtz\u201c \u2013 das Soloprojekt von \u201eSub7even\u201c-S\u00e4nger Daniel Wirtz &#8211; steht auf dem Programm als n\u00e4chster Punkt auf der Tagesordnung. Mit seinem mittlerweile dritten Soloalbum \u201eErdling\u201c ist er aktuell unterwegs. <!--more-->Erstaunlich ist vor allem, dass Daniel Wirtz sich konsequent selbst um die komplette anfallende Arbeit k\u00fcmmert (Musik, Texte, Artwork, Merchandising, Promotion, Vertrieb, etc.). Und wenn dabei noch so intelligente deutsche Texte und bemerkenswerte Musik abseits des Mainstreams bei herauskommt, wie bei ihm, dann ist das umso bemerkenswerter. Das Publikum dankt es ihm mit ehrlicher Begeisterung.<\/p>\n<p style=\"text-align: right;\">Fotos:\u00a0<a href=\"mailto:info@rockpixx.com?subject=Fotos%20von%20Wirtz,%20Nordholz%20%E2%80%9EDeichbrand%20Festival%E2%80%9C,%2024.07.2011\">Alex<\/a>\u00a0| Text:\u00a0<a href=\"mailto:info@rockpixx.com?subject=Reviewtext%20von%20Wirtz,%20Nordholz%20%E2%80%9EDeichbrand%20Festival%E2%80%9C,%2024.07.2011\">Alex<\/a><\/p>\n<p>&nbsp;<\/p>\n<p>[slideshow id=94]<\/p>\n","protected":false},"excerpt":{"rendered":"<p>\u201eWirtz\u201c \u2013 das Soloprojekt von \u201eSub7even\u201c-S\u00e4nger Daniel Wirtz &#8211; steht auf dem Programm als n\u00e4chster <a href=\"http:\/\/www.rockpixx.com\/wordpress\/wirtz-24-07-2011-nordholz-deichbrand-festival\/\">Read more<\/a><\/p>\n","protected":false},"author":2,"featured_media":8227,"comment_status":"open","ping_status":"open","sticky":false,"template":"","format":"standard","meta":{"_jetpack_memberships_contains_paid_content":false,"footnotes":"","jetpack_publicize_message":"","jetpack_publicize_feature_enabled":true,"jetpack_social_post_already_shared":false,"jetpack_social_options":{"image_generator_settings":{"template":"highway","default_image_id":0,"font":"","enabled":false},"version":2}},"categories":[34,603],"tags":[1733,844,133,2058,1967],"class_list":["post-8244","post","type-post","status-publish","format-standard","has-post-thumbnail","hentry","category-acts","category-wirtz","tag-1733","tag-deichbrand-festival","tag-festivals","tag-nordholz","tag-wirtz"],"aioseo_notices":[],"jetpack_publicize_connections":[],"jetpack_featured_media_url":"http:\/\/www.rockpixx.com\/wordpress\/wp-content\/uploads\/2013\/02\/20110724-05-wirtz-Artikel.jpg","jetpack-related-posts":[{"id":15161,"url":"http:\/\/www.rockpixx.com\/wordpress\/wirtz-18-07-2014-deichbrand-festival-nordholz\/","url_meta":{"origin":8244,"position":0},"title":"Wirtz, 18.07.2014, Deichbrand Festival, Nordholz","author":"admin","date":"18. Juli 2014","format":false,"excerpt":"Wenn man das vierte Jahr in Folge auf das gleiche Festival f\u00e4hrt und dieses Festival dann in diesem Jahr sein zehnj\u00e4hriges Jubil\u00e4um feiert, dann bleibt es nicht aus, dass es mit der einen oder anderen Band ein Wiedersehen gibt. So auch hier jetzt auf der Waterstage mit \u2192 \u201eWirtz\u201c. Ich\u2026","rel":"","context":"In &quot;Acts&quot;","block_context":{"text":"Acts","link":"http:\/\/www.rockpixx.com\/wordpress\/category\/acts\/"},"img":{"alt_text":"Wirtz, 18.07.2014, Deichbrand Open Air, Seeflughafen, Nordholz","src":"https:\/\/i0.wp.com\/www.rockpixx.com\/wordpress\/wp-content\/uploads\/2014\/07\/20140718-02-019_wirtz_Artikel.jpg?resize=350%2C200","width":350,"height":200,"srcset":"https:\/\/i0.wp.com\/www.rockpixx.com\/wordpress\/wp-content\/uploads\/2014\/07\/20140718-02-019_wirtz_Artikel.jpg?resize=350%2C200 1x, https:\/\/i0.wp.com\/www.rockpixx.com\/wordpress\/wp-content\/uploads\/2014\/07\/20140718-02-019_wirtz_Artikel.jpg?resize=525%2C300 1.5x, https:\/\/i0.wp.com\/www.rockpixx.com\/wordpress\/wp-content\/uploads\/2014\/07\/20140718-02-019_wirtz_Artikel.jpg?resize=700%2C400 2x"},"classes":[]},{"id":15203,"url":"http:\/\/www.rockpixx.com\/wordpress\/irie-revoltes-19-07-2014-deichbrand-festival-nordholz\/","url_meta":{"origin":8244,"position":1},"title":"Irie R\u00e9volt\u00e9s, 19.07.2014, Deichbrand Festival, Nordholz","author":"admin","date":"19. Juli 2014","format":false,"excerpt":"Die W\u00e4rmegrade auf dem Thermometer guckt sich sowieso schon keiner mehr an \u2013 ist zu anstrengend. Passend zur Hitze wird es jetzt auf der Waterstage auch noch richtig hei\u00df und turbulent: \u201eIrie R\u00e9volt\u00e9s\u201c toben da rum. Bereits \u2192 2012 hatte ich sie ja schon auf dem Deichbrand gesehen und geh\u00f6rt\u2026","rel":"","context":"In &quot;Acts&quot;","block_context":{"text":"Acts","link":"http:\/\/www.rockpixx.com\/wordpress\/category\/acts\/"},"img":{"alt_text":"Irie R\u00e9volt\u00e9s, 19.07.2014, Deichbrand Open Air, Seeflughafen, Nordholz","src":"https:\/\/i0.wp.com\/www.rockpixx.com\/wordpress\/wp-content\/uploads\/2014\/07\/20140719-03-008_irie-revoltes_Artikel.jpg?resize=350%2C200","width":350,"height":200,"srcset":"https:\/\/i0.wp.com\/www.rockpixx.com\/wordpress\/wp-content\/uploads\/2014\/07\/20140719-03-008_irie-revoltes_Artikel.jpg?resize=350%2C200 1x, https:\/\/i0.wp.com\/www.rockpixx.com\/wordpress\/wp-content\/uploads\/2014\/07\/20140719-03-008_irie-revoltes_Artikel.jpg?resize=525%2C300 1.5x, https:\/\/i0.wp.com\/www.rockpixx.com\/wordpress\/wp-content\/uploads\/2014\/07\/20140719-03-008_irie-revoltes_Artikel.jpg?resize=700%2C400 2x"},"classes":[]},{"id":8247,"url":"http:\/\/www.rockpixx.com\/wordpress\/skunk-anansie-24-07-2011-nordholz-deichbrand-festival\/","url_meta":{"origin":8244,"position":2},"title":"Skunk Anansie, 24.07.2011, Nordholz, Deichbrand Festival","author":"Anja","date":"24. Juli 2011","format":false,"excerpt":"\u201eSkunk Anansie\u201c! Was soll ich eigentlich noch \u00fcber Deborah Anne Dyer aka \u201eSKIN\u201c schreiben, was nicht andere bereits in Texte gegossen h\u00e4tten? Dass die Band nach acht Jahren Pause sich wieder zusammengerauft hat und mit dem ersten neuen Album \u201eWonderlustre\u201c nach elf Jahren 2010 wieder ein bemerkenswertes St\u00fcck Musik hingelegt\u2026","rel":"","context":"In &quot;Acts&quot;","block_context":{"text":"Acts","link":"http:\/\/www.rockpixx.com\/wordpress\/category\/acts\/"},"img":{"alt_text":"Skunk Anansie, 24.07.2011, Nordholz, Deichbrand Festival","src":"https:\/\/i0.wp.com\/www.rockpixx.com\/wordpress\/wp-content\/uploads\/2013\/02\/20110724-06-skunk-anansie-Artikel.jpg?resize=350%2C200","width":350,"height":200,"srcset":"https:\/\/i0.wp.com\/www.rockpixx.com\/wordpress\/wp-content\/uploads\/2013\/02\/20110724-06-skunk-anansie-Artikel.jpg?resize=350%2C200 1x, https:\/\/i0.wp.com\/www.rockpixx.com\/wordpress\/wp-content\/uploads\/2013\/02\/20110724-06-skunk-anansie-Artikel.jpg?resize=525%2C300 1.5x, https:\/\/i0.wp.com\/www.rockpixx.com\/wordpress\/wp-content\/uploads\/2013\/02\/20110724-06-skunk-anansie-Artikel.jpg?resize=700%2C400 2x"},"classes":[]},{"id":15167,"url":"http:\/\/www.rockpixx.com\/wordpress\/prinz-pi-18-07-2014-deichbrand-festival-nordholz\/","url_meta":{"origin":8244,"position":3},"title":"Prinz Pi, 18.07.2014, Deichbrand Festival, Nordholz","author":"admin","date":"18. Juli 2014","format":false,"excerpt":"Gerade eben noch Mittelalterrock auf der Firestage mit \u2192 \u201eSubway to Sally\u201c, jetzt deutscher Rap auf der Waterstage mit \u201ePrinz Pi\u201c \u2013 so abwechslungsreich geht es auf dem Deichbrand zu. Zugegeben, meine Musik ist das nie gewesen und wird es auch nie werden, aber dennoch kommt die Begleitband um den\u2026","rel":"","context":"In &quot;Acts&quot;","block_context":{"text":"Acts","link":"http:\/\/www.rockpixx.com\/wordpress\/category\/acts\/"},"img":{"alt_text":"Prinz Pi, 18.07.2014, Deichbrand Open Air, Seeflughafen, Nordholz","src":"https:\/\/i0.wp.com\/www.rockpixx.com\/wordpress\/wp-content\/uploads\/2014\/07\/20140718-04-013_prinz-pi_Artikl.jpg?resize=350%2C200","width":350,"height":200,"srcset":"https:\/\/i0.wp.com\/www.rockpixx.com\/wordpress\/wp-content\/uploads\/2014\/07\/20140718-04-013_prinz-pi_Artikl.jpg?resize=350%2C200 1x, https:\/\/i0.wp.com\/www.rockpixx.com\/wordpress\/wp-content\/uploads\/2014\/07\/20140718-04-013_prinz-pi_Artikl.jpg?resize=525%2C300 1.5x, https:\/\/i0.wp.com\/www.rockpixx.com\/wordpress\/wp-content\/uploads\/2014\/07\/20140718-04-013_prinz-pi_Artikl.jpg?resize=700%2C400 2x"},"classes":[]},{"id":11698,"url":"http:\/\/www.rockpixx.com\/wordpress\/die-orsons-20-07-2013-deichbrand-festival-nordholz\/","url_meta":{"origin":8244,"position":4},"title":"Die Orsons, 20.07.2013, Deichbrand Festival, Nordholz","author":"Anja","date":"27. Juli 2013","format":false,"excerpt":"Deutscher Hip-Hop \u2013 zuckers\u00fc\u00dfe Texte mit viel Fantasie, Ironie und Sarkasmus. Dies ist die Kurzbeschreibung von \u201eDie Orsons\u201c. Eigentlich k\u00f6nnte ich jetzt Schluss machen, mache ich aber nicht. Ich kannte \u201eDie Orsons\u201c bis zu diesem Festival nicht und fand so das Intro der Band ganz interessant, da die S\u00e4nger erst\u2026","rel":"","context":"In &quot;Acts&quot;","block_context":{"text":"Acts","link":"http:\/\/www.rockpixx.com\/wordpress\/category\/acts\/"},"img":{"alt_text":"","src":"https:\/\/i0.wp.com\/www.rockpixx.com\/wordpress\/wp-content\/uploads\/2013\/07\/20130720-06-006_die-orsons-Artikel.jpg?resize=350%2C200","width":350,"height":200,"srcset":"https:\/\/i0.wp.com\/www.rockpixx.com\/wordpress\/wp-content\/uploads\/2013\/07\/20130720-06-006_die-orsons-Artikel.jpg?resize=350%2C200 1x, https:\/\/i0.wp.com\/www.rockpixx.com\/wordpress\/wp-content\/uploads\/2013\/07\/20130720-06-006_die-orsons-Artikel.jpg?resize=525%2C300 1.5x, https:\/\/i0.wp.com\/www.rockpixx.com\/wordpress\/wp-content\/uploads\/2013\/07\/20130720-06-006_die-orsons-Artikel.jpg?resize=700%2C400 2x"},"classes":[]},{"id":11777,"url":"http:\/\/www.rockpixx.com\/wordpress\/madsen-21-07-2013-deichbrand-festival-nordholz\/","url_meta":{"origin":8244,"position":5},"title":"MADSEN, 21.07.2013, Deichbrand Festival, Nordholz","author":"Anja","date":"28. Juli 2013","format":false,"excerpt":"Eigentlich steht ja bei \u201eMADSEN\u201c ein kleines Familienunternehmen auf der B\u00fchne \u2013 besteht doch die Band aus den drei Br\u00fcdern Sebastian, Johannes und Sasha Madsen, welche noch Unterst\u00fctzung von Nico Maurer am Bass erhalten. Die Musik rockt richtig los und geht in die Beine. S\u00e4nger Sebastian Madsen freut sich \u00fcber\u2026","rel":"","context":"In &quot;Acts&quot;","block_context":{"text":"Acts","link":"http:\/\/www.rockpixx.com\/wordpress\/category\/acts\/"},"img":{"alt_text":"Madsen","src":"https:\/\/i0.wp.com\/www.rockpixx.com\/wordpress\/wp-content\/uploads\/2013\/07\/20130721-08-049_madsen-Artikel.jpg?resize=350%2C200","width":350,"height":200,"srcset":"https:\/\/i0.wp.com\/www.rockpixx.com\/wordpress\/wp-content\/uploads\/2013\/07\/20130721-08-049_madsen-Artikel.jpg?resize=350%2C200 1x, https:\/\/i0.wp.com\/www.rockpixx.com\/wordpress\/wp-content\/uploads\/2013\/07\/20130721-08-049_madsen-Artikel.jpg?resize=525%2C300 1.5x, https:\/\/i0.wp.com\/www.rockpixx.com\/wordpress\/wp-content\/uploads\/2013\/07\/20130721-08-049_madsen-Artikel.jpg?resize=700%2C400 2x"},"classes":[]}],"jetpack_sharing_enabled":true,"publishpress_future_action":{"enabled":false,"date":"2026-05-06 18:32:19","action":"change-status","newStatus":"draft","terms":[],"taxonomy":"category","extraData":[]},"publishpress_future_workflow_manual_trigger":{"enabledWorkflows":[]},"_links":{"self":[{"href":"http:\/\/www.rockpixx.com\/wordpress\/wp-json\/wp\/v2\/posts\/8244","targetHints":{"allow":["GET"]}}],"collection":[{"href":"http:\/\/www.rockpixx.com\/wordpress\/wp-json\/wp\/v2\/posts"}],"about":[{"href":"http:\/\/www.rockpixx.com\/wordpress\/wp-json\/wp\/v2\/types\/post"}],"author":[{"embeddable":true,"href":"http:\/\/www.rockpixx.com\/wordpress\/wp-json\/wp\/v2\/users\/2"}],"replies":[{"embeddable":true,"href":"http:\/\/www.rockpixx.com\/wordpress\/wp-json\/wp\/v2\/comments?post=8244"}],"version-history":[{"count":0,"href":"http:\/\/www.rockpixx.com\/wordpress\/wp-json\/wp\/v2\/posts\/8244\/revisions"}],"wp:featuredmedia":[{"embeddable":true,"href":"http:\/\/www.rockpixx.com\/wordpress\/wp-json\/wp\/v2\/media\/8227"}],"wp:attachment":[{"href":"http:\/\/www.rockpixx.com\/wordpress\/wp-json\/wp\/v2\/media?parent=8244"}],"wp:term":[{"taxonomy":"category","embeddable":true,"href":"http:\/\/www.rockpixx.com\/wordpress\/wp-json\/wp\/v2\/categories?post=8244"},{"taxonomy":"post_tag","embeddable":true,"href":"http:\/\/www.rockpixx.com\/wordpress\/wp-json\/wp\/v2\/tags?post=8244"}],"curies":[{"name":"wp","href":"https:\/\/api.w.org\/{rel}","templated":true}]}}