{"id":8270,"date":"2011-07-24T10:00:00","date_gmt":"2011-07-24T08:00:00","guid":{"rendered":"http:\/\/rockpixx.com\/wordpress\/?p=8270"},"modified":"2013-06-19T11:08:08","modified_gmt":"2013-06-19T10:08:08","slug":"die-fantastischen-vier-24-07-2011-nordholz-deichbrand-festival","status":"publish","type":"post","link":"http:\/\/www.rockpixx.com\/wordpress\/die-fantastischen-vier-24-07-2011-nordholz-deichbrand-festival\/","title":{"rendered":"Die Fantastischen Vier, 24.07.2011, Nordholz, Deichbrand Festival"},"content":{"rendered":"<p>Und zu guter Letzt geben alle noch einmal alles: Publikum, Security, Regen, Sturm, Fotografen und \u201eDie Fantastischen Vier\u201c. Auch hier sind die Musiker vom Durchhalteverm\u00f6gen des Publikums so angetan, dass sie ebenfalls hinaus auf die Boxen in den str\u00f6menden Regen klettern und binnen k\u00fcrzester Zeit v\u00f6llig durchn\u00e4sst \u00fcber die B\u00fchne toben.<!--more-->\u2192 \u00a0<a title=\"Thomas D., 23.06.2009, Kiel, NDR-B\u00fchne\" href=\"http:\/\/rockpixx.com\/wordpress\/?p=5087\">Thomas D<\/a>. legt sp\u00e4testens beim zweiten Song seine Brille ab \u2013 sonst k\u00f6nnte er nichts mehr sehen. Eine \u201eFantastische\u201c Show l\u00e4uft da auf der B\u00fchne hoch \u00fcber den Fotografen ab und ich sch\u00e4tze einmal, dass w\u00e4hrend der erlaubten drei Songs bestimmt eine f\u00fcnfstelligen Anzahl an Bildern zustande gekommen sein wird.<\/p>\n<p>Abschlie\u00dfend hei\u00dft es nur noch: Und jetzt so schnell wie m\u00f6glich raus aus den v\u00f6llig durchweichten Regenklamotten, ab ins Auto und nix wie weg ins Hotel. Zum Gl\u00fcck komme ich noch heil durch den Schlamm und nach einem Umweg von ca. 20 Kilometern (Stra\u00dfensperre wegen der Abreisewelle) bin ich dann auch wieder im Hotel.<\/p>\n<p>Fazit: Das \u201eDeichbrand 2011\u201c war eine ganz eigene Erfahrung mit drei Tagen \u00fcbelstem Schietwetter, die Organisation des Ganzen und die Betreuung der Pressemeute war \u2013 gemessen an den Umst\u00e4nden \u2013 schwer in Ordnung und rockpixx.com sagt noch einmal \u201eDankesch\u00f6n\u201c an die gesamte Crew \u2013 f\u00fcr das Wetter konntet Ihr ja schlie\u00dflich nix.<\/p>\n<p style=\"text-align: right;\">Fotos:\u00a0<a href=\"mailto:info@rockpixx.com?subject=Fotos%20von%20Die%20Fantastischen%20Vier,%20Nordholz%20%E2%80%9EDeichbrand%20Festival%E2%80%9C,%2024.07.2011\">Alex<\/a>\u00a0| Text:\u00a0<a href=\"mailto:info@rockpixx.com?subject=Reviewtext%20von%20Die%20Fantastischen%20Vier,%20Nordholz%20%E2%80%9EDeichbrand%20Festival%E2%80%9C,%2024.07.2011\">Alex<\/a><\/p>\n<p>&nbsp;<\/p>\n<p>[slideshow id=99]<\/p>\n","protected":false},"excerpt":{"rendered":"<p>Und zu guter Letzt geben alle noch einmal alles: Publikum, Security, Regen, Sturm, Fotografen und <a href=\"http:\/\/www.rockpixx.com\/wordpress\/die-fantastischen-vier-24-07-2011-nordholz-deichbrand-festival\/\">Read more<\/a><\/p>\n","protected":false},"author":2,"featured_media":8232,"comment_status":"open","ping_status":"open","sticky":false,"template":"","format":"standard","meta":{"_jetpack_memberships_contains_paid_content":false,"footnotes":"","jetpack_publicize_message":"","jetpack_publicize_feature_enabled":true,"jetpack_social_post_already_shared":false,"jetpack_social_options":{"image_generator_settings":{"template":"highway","default_image_id":0,"font":"","enabled":false},"version":2}},"categories":[34,1561],"tags":[1733,844,849,1140,133,2058,1821],"class_list":["post-8270","post","type-post","status-publish","format-standard","has-post-thumbnail","hentry","category-acts","category-die-fantastischen-vier","tag-1733","tag-deichbrand-festival","tag-die-fantastischen-vier-2","tag-fanta4","tag-festivals","tag-nordholz","tag-thomas-d"],"aioseo_notices":[],"jetpack_publicize_connections":[],"jetpack_featured_media_url":"http:\/\/www.rockpixx.com\/wordpress\/wp-content\/uploads\/2013\/02\/20110724-10-fanta4-Artikel.jpg","jetpack-related-posts":[{"id":11261,"url":"http:\/\/www.rockpixx.com\/wordpress\/die-fantastischen-vier-28-09-2013-kiel-horn-buhne\/","url_meta":{"origin":8270,"position":0},"title":"Die Fantastischen Vier, 28.06.2013, Kiel, h\u00f6rn b\u00fchne","author":"Anja","date":"29. Juni 2013","format":false,"excerpt":"Einmal eine Premiere und einmal Altbekanntes: Zum ersten Mal w\u00e4hrend dieser Kieler Woche befinde ich mich an der h\u00f6rn b\u00fchne und erneut stehe ich bei den \u201eFantastischen Vier\u201c im Regen \u2013 was auch sonst? (s. \u2192\u00a0Deichbrand Festival 2012). Es ist das einzige Konzert an dieser B\u00fchne, f\u00fcr das dieses Mal\u2026","rel":"","context":"In &quot;Acts&quot;","block_context":{"text":"Acts","link":"http:\/\/www.rockpixx.com\/wordpress\/category\/acts\/"},"img":{"alt_text":"Die Fantastischen Vier","src":"https:\/\/i0.wp.com\/www.rockpixx.com\/wordpress\/wp-content\/uploads\/2013\/06\/20130628-03-122_fanta4-Artikel.jpg?resize=350%2C200","width":350,"height":200,"srcset":"https:\/\/i0.wp.com\/www.rockpixx.com\/wordpress\/wp-content\/uploads\/2013\/06\/20130628-03-122_fanta4-Artikel.jpg?resize=350%2C200 1x, https:\/\/i0.wp.com\/www.rockpixx.com\/wordpress\/wp-content\/uploads\/2013\/06\/20130628-03-122_fanta4-Artikel.jpg?resize=525%2C300 1.5x, https:\/\/i0.wp.com\/www.rockpixx.com\/wordpress\/wp-content\/uploads\/2013\/06\/20130628-03-122_fanta4-Artikel.jpg?resize=700%2C400 2x"},"classes":[]},{"id":8262,"url":"http:\/\/www.rockpixx.com\/wordpress\/bad-religion-24-07-2011-nordholz-deichbrand-festival\/","url_meta":{"origin":8270,"position":1},"title":"Bad Religion, 24.07.2011, Nordholz, Deichbrand Festival","author":"Anja","date":"24. Juli 2011","format":false,"excerpt":"\u201eBad Religion\u201c -\u00a0\u201ePr\u00e4dikat: Einfach g\u00f6ttlich!\u201c, um es kurz und pr\u00e4gnant mit dem Text im Programmheft zu sagen. Zum vorletzten Mal also an diesem Wochenende stehe ich vor der \u201eFire Stage\u201c auf dem Deichbrand, um eine Band abzulichten. Die Stimmung unter den Fotografen unmittelbar vor dem Gig ist nicht die Beste,\u2026","rel":"","context":"In &quot;Acts&quot;","block_context":{"text":"Acts","link":"http:\/\/www.rockpixx.com\/wordpress\/category\/acts\/"},"img":{"alt_text":"Bad Religion, 24.07.2011, Nordholz, Deichbrand Festival","src":"https:\/\/i0.wp.com\/www.rockpixx.com\/wordpress\/wp-content\/uploads\/2013\/02\/20110724-08-bad-religion-Artikel.jpg?resize=350%2C200","width":350,"height":200,"srcset":"https:\/\/i0.wp.com\/www.rockpixx.com\/wordpress\/wp-content\/uploads\/2013\/02\/20110724-08-bad-religion-Artikel.jpg?resize=350%2C200 1x, https:\/\/i0.wp.com\/www.rockpixx.com\/wordpress\/wp-content\/uploads\/2013\/02\/20110724-08-bad-religion-Artikel.jpg?resize=525%2C300 1.5x, https:\/\/i0.wp.com\/www.rockpixx.com\/wordpress\/wp-content\/uploads\/2013\/02\/20110724-08-bad-religion-Artikel.jpg?resize=700%2C400 2x"},"classes":[]},{"id":8101,"url":"http:\/\/www.rockpixx.com\/wordpress\/donots-22-07-2011-nordholz-deichbrand-festival\/","url_meta":{"origin":8270,"position":2},"title":"Donots, 22.07.2011, Nordholz, Deichbrand Festival","author":"Anja","date":"22. Juli 2011","format":false,"excerpt":"Im Pressezelt wird\u2019s dunkel, das Arbeiten am Laptop wird also nicht einfacher, obwohl wir mittlerweile wieder Strom\u00a0und\u00a0WLAN haben \u2013 nur der Kaffee ist leider alle. Freundlicherweise bekommen wir einen Baustrahler ins Zelt gestellt, auf dass wir erhellt werden m\u00f6gen. Dummerweise wird der so hei\u00df, dass er seinen eigenen Griff abfackelt\u2026","rel":"","context":"In &quot;Acts&quot;","block_context":{"text":"Acts","link":"http:\/\/www.rockpixx.com\/wordpress\/category\/acts\/"},"img":{"alt_text":"Donots, 22.07.2011, Nordholz, Deichbrand Festival","src":"https:\/\/i0.wp.com\/www.rockpixx.com\/wordpress\/wp-content\/uploads\/2013\/02\/20110722-08-donots-Artikel.jpg?resize=350%2C200","width":350,"height":200,"srcset":"https:\/\/i0.wp.com\/www.rockpixx.com\/wordpress\/wp-content\/uploads\/2013\/02\/20110722-08-donots-Artikel.jpg?resize=350%2C200 1x, https:\/\/i0.wp.com\/www.rockpixx.com\/wordpress\/wp-content\/uploads\/2013\/02\/20110722-08-donots-Artikel.jpg?resize=525%2C300 1.5x, https:\/\/i0.wp.com\/www.rockpixx.com\/wordpress\/wp-content\/uploads\/2013\/02\/20110722-08-donots-Artikel.jpg?resize=700%2C400 2x"},"classes":[]},{"id":15218,"url":"http:\/\/www.rockpixx.com\/wordpress\/katzenjammer-19-07-2014-deichbrand-festival-nordholz\/","url_meta":{"origin":8270,"position":3},"title":"Katzenjammer, 19.07.2014, Deichbrand Festival, Nordholz","author":"admin","date":"19. Juli 2014","format":false,"excerpt":"Das ist so eine Band, die wir schon vor Jahren fotografieren wollten, es aber nie geschafft hatten. Nun hat es endlich einmal geklappt, und ich kann die vier M\u00e4dels von \u201eKatzenjammer\u201c live in Augenschein nehmen. Die Musik ist ein ziemlicher Kontrast zu den vorher geh\u00f6rten \u2192 \u201eIn Extremo\u201c, die Optik\u2026","rel":"","context":"In &quot;Acts&quot;","block_context":{"text":"Acts","link":"http:\/\/www.rockpixx.com\/wordpress\/category\/acts\/"},"img":{"alt_text":"Katzenjammer, 19.07.2014, Deichbrand Open Air, Seeflughafen, Nordholz","src":"https:\/\/i0.wp.com\/www.rockpixx.com\/wordpress\/wp-content\/uploads\/2014\/07\/20140719-07-051_katzenjammer_Artikel.jpg?resize=350%2C200","width":350,"height":200,"srcset":"https:\/\/i0.wp.com\/www.rockpixx.com\/wordpress\/wp-content\/uploads\/2014\/07\/20140719-07-051_katzenjammer_Artikel.jpg?resize=350%2C200 1x, https:\/\/i0.wp.com\/www.rockpixx.com\/wordpress\/wp-content\/uploads\/2014\/07\/20140719-07-051_katzenjammer_Artikel.jpg?resize=525%2C300 1.5x, https:\/\/i0.wp.com\/www.rockpixx.com\/wordpress\/wp-content\/uploads\/2014\/07\/20140719-07-051_katzenjammer_Artikel.jpg?resize=700%2C400 2x"},"classes":[]},{"id":8187,"url":"http:\/\/www.rockpixx.com\/wordpress\/jennifer-rostock-23-07-2011-nordholz-deichbrand-festival\/","url_meta":{"origin":8270,"position":4},"title":"Jennifer Rostock, 23.07.2011, Nordholz, Deichbrand Festival","author":"Anja","date":"23. Juli 2011","format":false,"excerpt":"Vorab eine Anmerkung: Ja, ich wei\u00df, dass die S\u00e4ngerin von \u201eJennifer Rostock\u201c nicht so, sondern \u201eJennifer Weist\u201c hei\u00dft. Und ich wei\u00df auch, dass zur Band noch vier m\u00e4nnliche Musiker geh\u00f6ren. Aber dennoch zeige ich hier ausschlie\u00dflich Bilder von der Frontfrau \u2013 sie gibt optisch einfach mehr her als ihre Kollegen.\u2026","rel":"","context":"In &quot;Acts&quot;","block_context":{"text":"Acts","link":"http:\/\/www.rockpixx.com\/wordpress\/category\/acts\/"},"img":{"alt_text":"Jennifer Rostock, 23.07.2011, Nordholz, Deichbrand Festival","src":"https:\/\/i0.wp.com\/www.rockpixx.com\/wordpress\/wp-content\/uploads\/2011\/07\/20110723-07-jennifer-rostock-Artikel.jpg?resize=350%2C200","width":350,"height":200,"srcset":"https:\/\/i0.wp.com\/www.rockpixx.com\/wordpress\/wp-content\/uploads\/2011\/07\/20110723-07-jennifer-rostock-Artikel.jpg?resize=350%2C200 1x, https:\/\/i0.wp.com\/www.rockpixx.com\/wordpress\/wp-content\/uploads\/2011\/07\/20110723-07-jennifer-rostock-Artikel.jpg?resize=525%2C300 1.5x, https:\/\/i0.wp.com\/www.rockpixx.com\/wordpress\/wp-content\/uploads\/2011\/07\/20110723-07-jennifer-rostock-Artikel.jpg?resize=700%2C400 2x"},"classes":[]},{"id":8201,"url":"http:\/\/www.rockpixx.com\/wordpress\/guano-apes-23-07-2011-nordholz-deichbrand-festival\/","url_meta":{"origin":8270,"position":5},"title":"Guano Apes, 23.07.2011, Nordholz, Deichbrand Festival","author":"Anja","date":"23. Juli 2011","format":false,"excerpt":"Und nun die absoluten Headliner des Sonnabends: Die \u201eGuano Apes\u201c stehen auf der B\u00fchne, nachdem sie sich nach 5\u00a0Jahren Pause eindrucksvoll mit dem neuen Album \u201eBel Air\u201c zur\u00fcckgemeldet haben. Vor der B\u00fchne herrscht Alarmstufe 1: Noch mehr Securities, die Wellenbrecher werden noch einmal ausgebaut, wir d\u00fcrfen nur noch durch den\u2026","rel":"","context":"In &quot;Acts&quot;","block_context":{"text":"Acts","link":"http:\/\/www.rockpixx.com\/wordpress\/category\/acts\/"},"img":{"alt_text":"Guano Apes, 23.07.2011, Nordholz, Deichbrand Festival","src":"https:\/\/i0.wp.com\/www.rockpixx.com\/wordpress\/wp-content\/uploads\/2013\/02\/20110723-10-guano-apes-Artikel.jpg?resize=350%2C200","width":350,"height":200,"srcset":"https:\/\/i0.wp.com\/www.rockpixx.com\/wordpress\/wp-content\/uploads\/2013\/02\/20110723-10-guano-apes-Artikel.jpg?resize=350%2C200 1x, https:\/\/i0.wp.com\/www.rockpixx.com\/wordpress\/wp-content\/uploads\/2013\/02\/20110723-10-guano-apes-Artikel.jpg?resize=525%2C300 1.5x, https:\/\/i0.wp.com\/www.rockpixx.com\/wordpress\/wp-content\/uploads\/2013\/02\/20110723-10-guano-apes-Artikel.jpg?resize=700%2C400 2x"},"classes":[]}],"jetpack_sharing_enabled":true,"publishpress_future_action":{"enabled":false,"date":"2026-05-06 19:55:59","action":"change-status","newStatus":"draft","terms":[],"taxonomy":"category","extraData":[]},"publishpress_future_workflow_manual_trigger":{"enabledWorkflows":[]},"_links":{"self":[{"href":"http:\/\/www.rockpixx.com\/wordpress\/wp-json\/wp\/v2\/posts\/8270","targetHints":{"allow":["GET"]}}],"collection":[{"href":"http:\/\/www.rockpixx.com\/wordpress\/wp-json\/wp\/v2\/posts"}],"about":[{"href":"http:\/\/www.rockpixx.com\/wordpress\/wp-json\/wp\/v2\/types\/post"}],"author":[{"embeddable":true,"href":"http:\/\/www.rockpixx.com\/wordpress\/wp-json\/wp\/v2\/users\/2"}],"replies":[{"embeddable":true,"href":"http:\/\/www.rockpixx.com\/wordpress\/wp-json\/wp\/v2\/comments?post=8270"}],"version-history":[{"count":0,"href":"http:\/\/www.rockpixx.com\/wordpress\/wp-json\/wp\/v2\/posts\/8270\/revisions"}],"wp:featuredmedia":[{"embeddable":true,"href":"http:\/\/www.rockpixx.com\/wordpress\/wp-json\/wp\/v2\/media\/8232"}],"wp:attachment":[{"href":"http:\/\/www.rockpixx.com\/wordpress\/wp-json\/wp\/v2\/media?parent=8270"}],"wp:term":[{"taxonomy":"category","embeddable":true,"href":"http:\/\/www.rockpixx.com\/wordpress\/wp-json\/wp\/v2\/categories?post=8270"},{"taxonomy":"post_tag","embeddable":true,"href":"http:\/\/www.rockpixx.com\/wordpress\/wp-json\/wp\/v2\/tags?post=8270"}],"curies":[{"name":"wp","href":"https:\/\/api.w.org\/{rel}","templated":true}]}}