{"id":8304,"date":"2011-08-21T01:00:47","date_gmt":"2011-08-20T23:00:47","guid":{"rendered":"http:\/\/rockpixx.com\/wordpress\/?p=8304"},"modified":"2013-02-05T23:24:24","modified_gmt":"2013-02-05T21:24:24","slug":"mina-harker-21-08-2011-coburg-schlossplatz","status":"publish","type":"post","link":"http:\/\/www.rockpixx.com\/wordpress\/mina-harker-21-08-2011-coburg-schlossplatz\/","title":{"rendered":"Mina Harker, 21.08.2011, Coburg, Schlossplatz"},"content":{"rendered":"<p>Coburg, Schlossplatz, zwei Tage sp\u00e4ter: Wieder ist es eine sch\u00f6ne Sommernacht und ich stehe erneut vor der unanst\u00e4ndig hohen B\u00fchne. Dieses Mal ist der Platz nicht bestuhlt, also gibt es einen Graben, der relativ eng ist. An der B\u00fchnenvorderkante stehen noch Monitorboxen und sobald ein Musiker ca. einen Meter von der vordersten B\u00fchnenkante nach hinten geht, wird er f\u00fcr die Fotografen unsichtbar. Daf\u00fcr lassen sich bei den vorne agierenden Musikern aber hervorragende Nasenhaar-Studien betreiben. F\u00fcr den ersten Act steht \u201eMina Harker\u201c <!--more-->im kurzen Sommerkleidchen bei reinster Tageslichtbeleuchtung im Halbschatten der \u00dcberdachung mit ihren Mitstreitern auf der B\u00fchne. Es kostet mich eine sehr gro\u00dfe Menge an Selbstdisziplin aus meiner Position tiiiieeef unter ihr nicht doch noch eine Nahansicht ihres Zwickels zu schie\u00dfen\u2026 Letztendlich einige ich mich mit mir darauf, die LifeView-F\u00e4higkeit meiner Kameras zu nutzen, um mit hochgerechten Armen zwischen den Monitorboxen hindurchzuzielen. Diese Arbeitsweise sollte mich auch bei den noch folgenden Acts retten.<\/p>\n<p>Die Show und die Musik gefallen mir gut, ich kann mich kursierenden Kritiken bez\u00fcglich Minas Stimme nicht anschlie\u00dfen. Die Musik ist Geschmackssache \u2013 mit \u201eGothic\u201c oder \u201eschwarzer Szene\u201c hat das nichts mehr zu tun, es ist eindeutig kommerzieller und massenkompatibler Pop. Das mag manchen wie Verrat erscheinen, daf\u00fcr gef\u00e4llt\u2019s anderen.<\/p>\n<p>Mir h\u00e4tte es sehr gefallen, wenn ich \u2013 wie am Freitag bei \u2192\u00a0<a title=\"MerQury, 19.08.2011, Coburg, Schlossplatz\" href=\"http:\/\/rockpixx.com\/wordpress\/?p=8297\" target=\"_blank\">\u201eMerQury\u201c<\/a>\u00a0\u2013 mit auf die B\u00fchne gedurft h\u00e4tte\u2026<\/p>\n<p style=\"text-align: right;\">Fotos:\u00a0<a href=\"mailto:info@rockpixx.com?subject=Fotos%20von%20Mina%20Harker,%20Coburg%20%E2%80%9ESchlossplatz%E2%80%9C,%2021.08.2011\">Alex<\/a>\u00a0| Text:\u00a0<a href=\"mailto:info@rockpixx.com?subject=Reviewtext%20von%20Mina%20Harker,%20Coburg%20%E2%80%9ESchlossplatz%E2%80%9C,%2021.08.2011\">Alex<\/a><\/p>\n<p>&nbsp;<\/p>\n<p>[slideshow id=103]<\/p>\n","protected":false},"excerpt":{"rendered":"<p>Coburg, Schlossplatz, zwei Tage sp\u00e4ter: Wieder ist es eine sch\u00f6ne Sommernacht und ich stehe erneut <a href=\"http:\/\/www.rockpixx.com\/wordpress\/mina-harker-21-08-2011-coburg-schlossplatz\/\">Read more<\/a><\/p>\n","protected":false},"author":2,"featured_media":8279,"comment_status":"open","ping_status":"open","sticky":false,"template":"","format":"standard","meta":{"_jetpack_memberships_contains_paid_content":false,"footnotes":"","jetpack_publicize_message":"","jetpack_publicize_feature_enabled":true,"jetpack_social_post_already_shared":false,"jetpack_social_options":{"image_generator_settings":{"template":"highway","default_image_id":0,"font":"","enabled":false},"version":2}},"categories":[34,611],"tags":[1733,854,1973,855],"class_list":["post-8304","post","type-post","status-publish","format-standard","has-post-thumbnail","hentry","category-acts","category-mina-harker","tag-1733","tag-coburg","tag-mina-harker","tag-schlossplatz"],"aioseo_notices":[],"jetpack_publicize_connections":[],"jetpack_featured_media_url":"http:\/\/www.rockpixx.com\/wordpress\/wp-content\/uploads\/2013\/02\/20110821-01-mina-harker-Artikel.jpg","jetpack-related-posts":[{"id":8308,"url":"http:\/\/www.rockpixx.com\/wordpress\/unheilig-21-08-2011-coburg-schlossplatz\/","url_meta":{"origin":8304,"position":0},"title":"Unheilig, 21.08.2011, Coburg, Schlossplatz","author":"Anja","date":"21. August 2011","format":false,"excerpt":"Der dritte Supportact war ausgefallen, also kommt \u201eEr\u201c fr\u00fcher als vorgesehen auf die B\u00fchne und die Massen danken es ihm\u00a0\u2013 bis hinauf zum \u201eFamilienbereich\u201c hoch \u00fcber dem Schlossplatz, wo tausende Erwachsene mit ihren Kindern sich niedergelassen haben. So eine Einrichtung verdient Anerkennung gegen\u00fcber den daf\u00fcr Zust\u00e4ndigen. Es geht also los:\u2026","rel":"","context":"In &quot;Acts&quot;","block_context":{"text":"Acts","link":"http:\/\/www.rockpixx.com\/wordpress\/category\/acts\/"},"img":{"alt_text":"Unheilig auf rockpixx.com","src":"https:\/\/i0.wp.com\/www.rockpixx.com\/wordpress\/wp-content\/uploads\/2013\/02\/20110821-03-unheilig-Artikel.jpg?resize=350%2C200","width":350,"height":200,"srcset":"https:\/\/i0.wp.com\/www.rockpixx.com\/wordpress\/wp-content\/uploads\/2013\/02\/20110821-03-unheilig-Artikel.jpg?resize=350%2C200 1x, https:\/\/i0.wp.com\/www.rockpixx.com\/wordpress\/wp-content\/uploads\/2013\/02\/20110821-03-unheilig-Artikel.jpg?resize=525%2C300 1.5x, https:\/\/i0.wp.com\/www.rockpixx.com\/wordpress\/wp-content\/uploads\/2013\/02\/20110821-03-unheilig-Artikel.jpg?resize=700%2C400 2x"},"classes":[]},{"id":8297,"url":"http:\/\/www.rockpixx.com\/wordpress\/merqury-19-08-2011-coburg-schlossplatz\/","url_meta":{"origin":8304,"position":1},"title":"MerQury, 19.08.2011, Coburg, Schlossplatz","author":"Anja","date":"19. August 2011","format":false,"excerpt":"Coburg, Schlossplatz. Hatte es am Nachmittag wenige Kilometer weiter noch unwetterartige Regenf\u00e4lle gegeben, so erwartet mich hier der Beginn einer wunderbaren Sommernacht. Erster Eindruck von der B\u00fchne: \u201eSch\u2026 ist die hoch! Das wird nix mit Bildern von vorne.\u201c Ok, erst einmal backstage orientieren gehen\u2026 Und w\u00e4hrend ich mich noch am\u2026","rel":"","context":"In &quot;Acts&quot;","block_context":{"text":"Acts","link":"http:\/\/www.rockpixx.com\/wordpress\/category\/acts\/"},"img":{"alt_text":"MerQury, 19.08.2011, Coburg, Schlossplatz","src":"https:\/\/i0.wp.com\/www.rockpixx.com\/wordpress\/wp-content\/uploads\/2013\/02\/20110819-merqury-Artikel.jpg?resize=350%2C200","width":350,"height":200,"srcset":"https:\/\/i0.wp.com\/www.rockpixx.com\/wordpress\/wp-content\/uploads\/2013\/02\/20110819-merqury-Artikel.jpg?resize=350%2C200 1x, https:\/\/i0.wp.com\/www.rockpixx.com\/wordpress\/wp-content\/uploads\/2013\/02\/20110819-merqury-Artikel.jpg?resize=525%2C300 1.5x, https:\/\/i0.wp.com\/www.rockpixx.com\/wordpress\/wp-content\/uploads\/2013\/02\/20110819-merqury-Artikel.jpg?resize=700%2C400 2x"},"classes":[]},{"id":8306,"url":"http:\/\/www.rockpixx.com\/wordpress\/livingston-21-08-2011-coburg-schlossplatz\/","url_meta":{"origin":8304,"position":2},"title":"Livingston, 21.08.2011, Coburg, Schlossplatz","author":"Anja","date":"21. August 2011","format":false,"excerpt":"Der zweite Supportact f\u00fcr den Grafen ist eine multinational besetzte Rockband aus England und nennt sich \u201eLivingston\u201c. Zwei S\u00fcdafrikaner und jeweils ein Engl\u00e4nder, ein Italiener und ein Deutscher stehen da hoch \u00fcber mir und rocken richtig melodisch los. Die Musik gef\u00e4llt mir auf Anhieb \u2013 selbst der vierte Song, den\u2026","rel":"","context":"In &quot;Acts&quot;","block_context":{"text":"Acts","link":"http:\/\/www.rockpixx.com\/wordpress\/category\/acts\/"},"img":{"alt_text":"Livingston, 21.08.2011, Coburg, Schlossplatz","src":"https:\/\/i0.wp.com\/www.rockpixx.com\/wordpress\/wp-content\/uploads\/2013\/02\/20110821-02-livingston-Artikel.jpg?resize=350%2C200","width":350,"height":200,"srcset":"https:\/\/i0.wp.com\/www.rockpixx.com\/wordpress\/wp-content\/uploads\/2013\/02\/20110821-02-livingston-Artikel.jpg?resize=350%2C200 1x, https:\/\/i0.wp.com\/www.rockpixx.com\/wordpress\/wp-content\/uploads\/2013\/02\/20110821-02-livingston-Artikel.jpg?resize=525%2C300 1.5x, https:\/\/i0.wp.com\/www.rockpixx.com\/wordpress\/wp-content\/uploads\/2013\/02\/20110821-02-livingston-Artikel.jpg?resize=700%2C400 2x"},"classes":[]},{"id":10816,"url":"http:\/\/www.rockpixx.com\/wordpress\/unheilig-18-05-2013-forde-festival-laboe\/","url_meta":{"origin":8304,"position":3},"title":"Unheilig, 18.05.2013, f\u00f6rde festival, Laboe","author":"Anja","date":"19. Mai 2013","format":false,"excerpt":"Und dann kam \u201eER\u201c \u2013 fr\u00fcher als vorgesehen. So ein Intro habe ich \u00fcbrigens auch beim \u2192 Gig am 21.08.2011 in Coburg geschrieben, wie ich gerade feststelle. Aber jetzt geht\u2019s anders weiter \u2013 versprochen! Statt des damaligen \u201eF\u00fcr mich soll\u2019s rote Rosen regnen\u201c von Hildegard Knef erklingen jetzt \u201eLilli Marleen\u201c\u2026","rel":"","context":"In &quot;Acts&quot;","block_context":{"text":"Acts","link":"http:\/\/www.rockpixx.com\/wordpress\/category\/acts\/"},"img":{"alt_text":"Unheilig, 18.05.2013, Laboe, f\u00f6rde festival 2013, Kurstrand","src":"https:\/\/i0.wp.com\/www.rockpixx.com\/wordpress\/wp-content\/uploads\/2013\/05\/20130518-08-169-unheilig-Artikel.jpg?resize=350%2C200","width":350,"height":200,"srcset":"https:\/\/i0.wp.com\/www.rockpixx.com\/wordpress\/wp-content\/uploads\/2013\/05\/20130518-08-169-unheilig-Artikel.jpg?resize=350%2C200 1x, https:\/\/i0.wp.com\/www.rockpixx.com\/wordpress\/wp-content\/uploads\/2013\/05\/20130518-08-169-unheilig-Artikel.jpg?resize=525%2C300 1.5x, https:\/\/i0.wp.com\/www.rockpixx.com\/wordpress\/wp-content\/uploads\/2013\/05\/20130518-08-169-unheilig-Artikel.jpg?resize=700%2C400 2x"},"classes":[]},{"id":8694,"url":"http:\/\/www.rockpixx.com\/wordpress\/was-ich-bei-einem-gig-alles-so-dabei-habe\/","url_meta":{"origin":8304,"position":4},"title":"Was ich bei einem Gig alles so dabei habe\u2026","author":"admin","date":"25. Januar 2008","format":false,"excerpt":"Oft werde ich gefragt, womit ich denn so fotografiere und was f\u00fcr Konzertfotografie denn nun die \u201erichtige Ausr\u00fcstung\u201c sei. Und genauso oft gibt es in diversen Internet-Fotoforen dar\u00fcber erbitterte Diskussionen \u2013 am lautesten oft von denjenigen Deppen gef\u00fchrt, die noch nie ein brauchbares Bild vorzeigen konnten bzw. \u00fcber den Status\u2026","rel":"","context":"In &quot;2008&quot;","block_context":{"text":"2008","link":"http:\/\/www.rockpixx.com\/wordpress\/category\/backstage\/2008\/"},"img":{"alt_text":"20080125-akt","src":"https:\/\/i0.wp.com\/rockpixx.com\/wordpress\/wp-content\/uploads\/2008\/01\/20080125-akt.jpg?resize=350%2C200","width":350,"height":200},"classes":[]},{"id":1074,"url":"http:\/\/www.rockpixx.com\/wordpress\/das-war-2011\/","url_meta":{"origin":8304,"position":5},"title":"Das war 2011","author":"admin","date":"29. Dezember 2011","format":false,"excerpt":"Ein ereignisreiches Jahr neigt sich dem Ende zu. Es war f\u00fcr uns das Jahr, in dem wir die bisher meisten Acts fotografiert haben: Erstmals haben wir die Hunderter-Marke mit insgesamt 116 Acts geknackt! In der Gesamtheit ist ja alles auf \u2192 rockpixx.com nachzulesen \u2013 hier soll dagegen unser pers\u00f6nliches Fazit\u2026","rel":"","context":"In &quot;2011&quot;","block_context":{"text":"2011","link":"http:\/\/www.rockpixx.com\/wordpress\/category\/backstage\/2011\/"},"img":{"alt_text":"Konzertposter 2011","src":"https:\/\/i0.wp.com\/www.rockpixx.com\/wordpress\/wp-content\/uploads\/2013\/03\/20111229-Konzerte-2011-100x70.jpg?resize=350%2C200","width":350,"height":200,"srcset":"https:\/\/i0.wp.com\/www.rockpixx.com\/wordpress\/wp-content\/uploads\/2013\/03\/20111229-Konzerte-2011-100x70.jpg?resize=350%2C200 1x, https:\/\/i0.wp.com\/www.rockpixx.com\/wordpress\/wp-content\/uploads\/2013\/03\/20111229-Konzerte-2011-100x70.jpg?resize=525%2C300 1.5x, https:\/\/i0.wp.com\/www.rockpixx.com\/wordpress\/wp-content\/uploads\/2013\/03\/20111229-Konzerte-2011-100x70.jpg?resize=700%2C400 2x"},"classes":[]}],"jetpack_sharing_enabled":true,"publishpress_future_action":{"enabled":false,"date":"2026-05-07 07:46:02","action":"change-status","newStatus":"draft","terms":[],"taxonomy":"category","extraData":[]},"publishpress_future_workflow_manual_trigger":{"enabledWorkflows":[]},"_links":{"self":[{"href":"http:\/\/www.rockpixx.com\/wordpress\/wp-json\/wp\/v2\/posts\/8304","targetHints":{"allow":["GET"]}}],"collection":[{"href":"http:\/\/www.rockpixx.com\/wordpress\/wp-json\/wp\/v2\/posts"}],"about":[{"href":"http:\/\/www.rockpixx.com\/wordpress\/wp-json\/wp\/v2\/types\/post"}],"author":[{"embeddable":true,"href":"http:\/\/www.rockpixx.com\/wordpress\/wp-json\/wp\/v2\/users\/2"}],"replies":[{"embeddable":true,"href":"http:\/\/www.rockpixx.com\/wordpress\/wp-json\/wp\/v2\/comments?post=8304"}],"version-history":[{"count":0,"href":"http:\/\/www.rockpixx.com\/wordpress\/wp-json\/wp\/v2\/posts\/8304\/revisions"}],"wp:featuredmedia":[{"embeddable":true,"href":"http:\/\/www.rockpixx.com\/wordpress\/wp-json\/wp\/v2\/media\/8279"}],"wp:attachment":[{"href":"http:\/\/www.rockpixx.com\/wordpress\/wp-json\/wp\/v2\/media?parent=8304"}],"wp:term":[{"taxonomy":"category","embeddable":true,"href":"http:\/\/www.rockpixx.com\/wordpress\/wp-json\/wp\/v2\/categories?post=8304"},{"taxonomy":"post_tag","embeddable":true,"href":"http:\/\/www.rockpixx.com\/wordpress\/wp-json\/wp\/v2\/tags?post=8304"}],"curies":[{"name":"wp","href":"https:\/\/api.w.org\/{rel}","templated":true}]}}