{"id":8308,"date":"2011-08-21T03:00:53","date_gmt":"2011-08-21T01:00:53","guid":{"rendered":"http:\/\/rockpixx.com\/wordpress\/?p=8308"},"modified":"2013-09-27T20:38:59","modified_gmt":"2013-09-27T19:38:59","slug":"unheilig-21-08-2011-coburg-schlossplatz","status":"publish","type":"post","link":"http:\/\/www.rockpixx.com\/wordpress\/unheilig-21-08-2011-coburg-schlossplatz\/","title":{"rendered":"Unheilig, 21.08.2011, Coburg, Schlossplatz"},"content":{"rendered":"<p>Der dritte Supportact war ausgefallen, also kommt \u201eEr\u201c fr\u00fcher als vorgesehen auf die B\u00fchne und die Massen danken es ihm\u00a0\u2013 bis hinauf zum \u201eFamilienbereich\u201c hoch \u00fcber dem Schlossplatz, wo tausende Erwachsene mit ihren Kindern sich niedergelassen haben. So eine Einrichtung verdient Anerkennung gegen\u00fcber den daf\u00fcr Zust\u00e4ndigen.<!--more--><\/p>\n<p>Es geht also los: Auf der B\u00fchne ein riesiger Schiffsrumpf im Hintergrund, dazu unz\u00e4hliger Kerzen und vom Band erklingt als Intro <em>\u201eF\u00fcr mich soll\u2019s rote Rosen regnen\u201c<\/em> von der unvergessenen Hildegard Knef. Das Publikum ist selbst hier erstaunlich textsicher und der Refrain aus vielen tausend Kehlen sorgt f\u00fcr die erste G\u00e4nsehaut des Abends. Als die Band nach dem Countdown auf den beiden Videowalls dann loslegt und \u201eDer Graf\u201c die B\u00fchne betritt, gibt\u2019s bei ihm und beim Publikum kein Halten mehr. Sein typischer schwarzer Anzug und das wei\u00dfe Hemd sind binnen k\u00fcrzester Zeit schwei\u00dfnass und zum Gl\u00fcck f\u00fcr die zahlreich versammelten Fotografen kommt er auf dem Catwalk vor der B\u00fchne auch oft genug nach vorne, so dass zumindest ein paar brauchbare Bilder zustande kommen. Die Performance von \u201eUnheilig\u201c \u2013 speziell die ihres Frontmannes \u2013 ist gewohnt energiegeladen und durchweg professionell. Und bei aller Kommerz-Kritik eingefleischter Fans aus der schwarzen Szene: Mir ist eine solide kommerzielle Vorstellung immer noch lieber als amateurhaftes Musizieren f\u00fcr Minderheiten.<\/p>\n<p style=\"text-align: right;\">Fotos:\u00a0<a href=\"mailto:info@rockpixx.com?subject=Fotos%20von%20Unheilig,%20Coburg%20%E2%80%9ESchlossplatz%E2%80%9C,%2021.08.2011\">Alex<\/a>\u00a0| Text:\u00a0<a href=\"mailto:info@rockpixx.com?subject=Reviewtext%20von%20Unheilig,%20Coburg%20%E2%80%9ESchlossplatz%E2%80%9C,%2021.08.2011\">Alex<\/a><\/p>\n<p>&nbsp;<\/p>\n<p>[slideshow id=105]<\/p>\n","protected":false},"excerpt":{"rendered":"<p>Der dritte Supportact war ausgefallen, also kommt \u201eEr\u201c fr\u00fcher als vorgesehen auf die B\u00fchne und <a href=\"http:\/\/www.rockpixx.com\/wordpress\/unheilig-21-08-2011-coburg-schlossplatz\/\">Read more<\/a><\/p>\n","protected":false},"author":2,"featured_media":8281,"comment_status":"open","ping_status":"open","sticky":false,"template":"","format":"standard","meta":{"_jetpack_memberships_contains_paid_content":false,"footnotes":"","jetpack_publicize_message":"","jetpack_publicize_feature_enabled":true,"jetpack_social_post_already_shared":false,"jetpack_social_options":{"image_generator_settings":{"template":"highway","default_image_id":0,"font":"","enabled":false},"version":2}},"categories":[34,613],"tags":[1733,1285,854,855,1976],"class_list":["post-8308","post","type-post","status-publish","format-standard","has-post-thumbnail","hentry","category-acts","category-unheilig","tag-1733","tag-bundesvision-song-contest","tag-coburg","tag-schlossplatz","tag-unheilig"],"aioseo_notices":[],"jetpack_publicize_connections":[],"jetpack_featured_media_url":"http:\/\/www.rockpixx.com\/wordpress\/wp-content\/uploads\/2013\/02\/20110821-03-unheilig-Artikel.jpg","jetpack-related-posts":[{"id":8297,"url":"http:\/\/www.rockpixx.com\/wordpress\/merqury-19-08-2011-coburg-schlossplatz\/","url_meta":{"origin":8308,"position":0},"title":"MerQury, 19.08.2011, Coburg, Schlossplatz","author":"Anja","date":"19. August 2011","format":false,"excerpt":"Coburg, Schlossplatz. Hatte es am Nachmittag wenige Kilometer weiter noch unwetterartige Regenf\u00e4lle gegeben, so erwartet mich hier der Beginn einer wunderbaren Sommernacht. Erster Eindruck von der B\u00fchne: \u201eSch\u2026 ist die hoch! Das wird nix mit Bildern von vorne.\u201c Ok, erst einmal backstage orientieren gehen\u2026 Und w\u00e4hrend ich mich noch am\u2026","rel":"","context":"In &quot;Acts&quot;","block_context":{"text":"Acts","link":"http:\/\/www.rockpixx.com\/wordpress\/category\/acts\/"},"img":{"alt_text":"MerQury, 19.08.2011, Coburg, Schlossplatz","src":"https:\/\/i0.wp.com\/www.rockpixx.com\/wordpress\/wp-content\/uploads\/2013\/02\/20110819-merqury-Artikel.jpg?resize=350%2C200","width":350,"height":200,"srcset":"https:\/\/i0.wp.com\/www.rockpixx.com\/wordpress\/wp-content\/uploads\/2013\/02\/20110819-merqury-Artikel.jpg?resize=350%2C200 1x, https:\/\/i0.wp.com\/www.rockpixx.com\/wordpress\/wp-content\/uploads\/2013\/02\/20110819-merqury-Artikel.jpg?resize=525%2C300 1.5x, https:\/\/i0.wp.com\/www.rockpixx.com\/wordpress\/wp-content\/uploads\/2013\/02\/20110819-merqury-Artikel.jpg?resize=700%2C400 2x"},"classes":[]},{"id":8304,"url":"http:\/\/www.rockpixx.com\/wordpress\/mina-harker-21-08-2011-coburg-schlossplatz\/","url_meta":{"origin":8308,"position":1},"title":"Mina Harker, 21.08.2011, Coburg, Schlossplatz","author":"Anja","date":"21. August 2011","format":false,"excerpt":"Coburg, Schlossplatz, zwei Tage sp\u00e4ter: Wieder ist es eine sch\u00f6ne Sommernacht und ich stehe erneut vor der unanst\u00e4ndig hohen B\u00fchne. Dieses Mal ist der Platz nicht bestuhlt, also gibt es einen Graben, der relativ eng ist. An der B\u00fchnenvorderkante stehen noch Monitorboxen und sobald ein Musiker ca. einen Meter von\u2026","rel":"","context":"In &quot;Acts&quot;","block_context":{"text":"Acts","link":"http:\/\/www.rockpixx.com\/wordpress\/category\/acts\/"},"img":{"alt_text":"Mina Harker, 21.08.2011, Coburg, Schlossplatz","src":"https:\/\/i0.wp.com\/www.rockpixx.com\/wordpress\/wp-content\/uploads\/2013\/02\/20110821-01-mina-harker-Artikel.jpg?resize=350%2C200","width":350,"height":200,"srcset":"https:\/\/i0.wp.com\/www.rockpixx.com\/wordpress\/wp-content\/uploads\/2013\/02\/20110821-01-mina-harker-Artikel.jpg?resize=350%2C200 1x, https:\/\/i0.wp.com\/www.rockpixx.com\/wordpress\/wp-content\/uploads\/2013\/02\/20110821-01-mina-harker-Artikel.jpg?resize=525%2C300 1.5x, https:\/\/i0.wp.com\/www.rockpixx.com\/wordpress\/wp-content\/uploads\/2013\/02\/20110821-01-mina-harker-Artikel.jpg?resize=700%2C400 2x"},"classes":[]},{"id":10816,"url":"http:\/\/www.rockpixx.com\/wordpress\/unheilig-18-05-2013-forde-festival-laboe\/","url_meta":{"origin":8308,"position":2},"title":"Unheilig, 18.05.2013, f\u00f6rde festival, Laboe","author":"Anja","date":"19. Mai 2013","format":false,"excerpt":"Und dann kam \u201eER\u201c \u2013 fr\u00fcher als vorgesehen. So ein Intro habe ich \u00fcbrigens auch beim \u2192 Gig am 21.08.2011 in Coburg geschrieben, wie ich gerade feststelle. Aber jetzt geht\u2019s anders weiter \u2013 versprochen! Statt des damaligen \u201eF\u00fcr mich soll\u2019s rote Rosen regnen\u201c von Hildegard Knef erklingen jetzt \u201eLilli Marleen\u201c\u2026","rel":"","context":"In &quot;Acts&quot;","block_context":{"text":"Acts","link":"http:\/\/www.rockpixx.com\/wordpress\/category\/acts\/"},"img":{"alt_text":"Unheilig, 18.05.2013, Laboe, f\u00f6rde festival 2013, Kurstrand","src":"https:\/\/i0.wp.com\/www.rockpixx.com\/wordpress\/wp-content\/uploads\/2013\/05\/20130518-08-169-unheilig-Artikel.jpg?resize=350%2C200","width":350,"height":200,"srcset":"https:\/\/i0.wp.com\/www.rockpixx.com\/wordpress\/wp-content\/uploads\/2013\/05\/20130518-08-169-unheilig-Artikel.jpg?resize=350%2C200 1x, https:\/\/i0.wp.com\/www.rockpixx.com\/wordpress\/wp-content\/uploads\/2013\/05\/20130518-08-169-unheilig-Artikel.jpg?resize=525%2C300 1.5x, https:\/\/i0.wp.com\/www.rockpixx.com\/wordpress\/wp-content\/uploads\/2013\/05\/20130518-08-169-unheilig-Artikel.jpg?resize=700%2C400 2x"},"classes":[]},{"id":8306,"url":"http:\/\/www.rockpixx.com\/wordpress\/livingston-21-08-2011-coburg-schlossplatz\/","url_meta":{"origin":8308,"position":3},"title":"Livingston, 21.08.2011, Coburg, Schlossplatz","author":"Anja","date":"21. August 2011","format":false,"excerpt":"Der zweite Supportact f\u00fcr den Grafen ist eine multinational besetzte Rockband aus England und nennt sich \u201eLivingston\u201c. Zwei S\u00fcdafrikaner und jeweils ein Engl\u00e4nder, ein Italiener und ein Deutscher stehen da hoch \u00fcber mir und rocken richtig melodisch los. Die Musik gef\u00e4llt mir auf Anhieb \u2013 selbst der vierte Song, den\u2026","rel":"","context":"In &quot;Acts&quot;","block_context":{"text":"Acts","link":"http:\/\/www.rockpixx.com\/wordpress\/category\/acts\/"},"img":{"alt_text":"Livingston, 21.08.2011, Coburg, Schlossplatz","src":"https:\/\/i0.wp.com\/www.rockpixx.com\/wordpress\/wp-content\/uploads\/2013\/02\/20110821-02-livingston-Artikel.jpg?resize=350%2C200","width":350,"height":200,"srcset":"https:\/\/i0.wp.com\/www.rockpixx.com\/wordpress\/wp-content\/uploads\/2013\/02\/20110821-02-livingston-Artikel.jpg?resize=350%2C200 1x, https:\/\/i0.wp.com\/www.rockpixx.com\/wordpress\/wp-content\/uploads\/2013\/02\/20110821-02-livingston-Artikel.jpg?resize=525%2C300 1.5x, https:\/\/i0.wp.com\/www.rockpixx.com\/wordpress\/wp-content\/uploads\/2013\/02\/20110821-02-livingston-Artikel.jpg?resize=700%2C400 2x"},"classes":[]},{"id":10809,"url":"http:\/\/www.rockpixx.com\/wordpress\/f-r-e-i-18-05-2013-forde-festival-laboe\/","url_meta":{"origin":8308,"position":4},"title":"F.R.E.I., 18.05.2013, f\u00f6rde festival, Laboe","author":"Anja","date":"19. Mai 2013","format":false,"excerpt":"\u201eF.R.E.I.\u201c sind nun der letzte Act, der vor \u201eUnheilig\u201c auf der B\u00fchne steht. Und, um es vorwegzunehmen: Es liegt nicht an ihnen, dass es nun zu schiffen anf\u00e4ngt. Eigentlich bl\u00f6d, denn was diese Band da auf der B\u00fchne an musikalischem Feuerwerk z\u00fcndet, das ist richtig gut und macht \u2013 zumindest\u2026","rel":"","context":"In &quot;Acts&quot;","block_context":{"text":"Acts","link":"http:\/\/www.rockpixx.com\/wordpress\/category\/acts\/"},"img":{"alt_text":"F.R.E.I., 18.05.2013, Laboe, f\u00f6rde festival 2013, Kurstrand","src":"https:\/\/i0.wp.com\/www.rockpixx.com\/wordpress\/wp-content\/uploads\/2013\/05\/20130518-07-030-frei-Artikel.jpg?resize=350%2C200","width":350,"height":200,"srcset":"https:\/\/i0.wp.com\/www.rockpixx.com\/wordpress\/wp-content\/uploads\/2013\/05\/20130518-07-030-frei-Artikel.jpg?resize=350%2C200 1x, https:\/\/i0.wp.com\/www.rockpixx.com\/wordpress\/wp-content\/uploads\/2013\/05\/20130518-07-030-frei-Artikel.jpg?resize=525%2C300 1.5x, https:\/\/i0.wp.com\/www.rockpixx.com\/wordpress\/wp-content\/uploads\/2013\/05\/20130518-07-030-frei-Artikel.jpg?resize=700%2C400 2x"},"classes":[]},{"id":10732,"url":"http:\/\/www.rockpixx.com\/wordpress\/illegal-2001-09-05-2013-wallsbull-open-air-wallsbull\/","url_meta":{"origin":8308,"position":5},"title":"Illegal 2001, 09.05.2013, Wallsb\u00fcll Open Air, Wallsb\u00fcll","author":"admin","date":"13. Mai 2013","format":false,"excerpt":"Gespr\u00e4chsfetzen vor dem Wohnwagen der Band kurz vor deren LineCheck: \u201eNa, wie kommt Ihr heute auf die B\u00fchne? Als Sportler?\u201e \u2013 \u201eN\u00f6.\u201c \u2013 \u201eAls Gartenzwerge?\u201c \u2013 \u201eN\u00f6.\u201c \u2013 \u201e???\u201c \u2013 \u201eAls Panzerknacker!\u201c Hmmm\u2026 die Panzerknacker sind ja bekannterma\u00dfen so was von d\u00e4mlich, aber \u201eDosenbier macht schlau\u201c \u2013 mal sehen, wie\u2026","rel":"","context":"In &quot;Acts&quot;","block_context":{"text":"Acts","link":"http:\/\/www.rockpixx.com\/wordpress\/category\/acts\/"},"img":{"alt_text":"Illegal 2001, 09.05.2013, Wallsb\u00fcll, Wallsb\u00fcll Open Air 2013","src":"https:\/\/i0.wp.com\/www.rockpixx.com\/wordpress\/wp-content\/uploads\/2013\/05\/20130509-08-illegal-2001-Artikel.jpg?resize=350%2C200","width":350,"height":200,"srcset":"https:\/\/i0.wp.com\/www.rockpixx.com\/wordpress\/wp-content\/uploads\/2013\/05\/20130509-08-illegal-2001-Artikel.jpg?resize=350%2C200 1x, https:\/\/i0.wp.com\/www.rockpixx.com\/wordpress\/wp-content\/uploads\/2013\/05\/20130509-08-illegal-2001-Artikel.jpg?resize=525%2C300 1.5x, https:\/\/i0.wp.com\/www.rockpixx.com\/wordpress\/wp-content\/uploads\/2013\/05\/20130509-08-illegal-2001-Artikel.jpg?resize=700%2C400 2x"},"classes":[]}],"jetpack_sharing_enabled":true,"publishpress_future_action":{"enabled":false,"date":"2026-05-06 12:44:17","action":"change-status","newStatus":"draft","terms":[],"taxonomy":"category","extraData":[]},"publishpress_future_workflow_manual_trigger":{"enabledWorkflows":[]},"_links":{"self":[{"href":"http:\/\/www.rockpixx.com\/wordpress\/wp-json\/wp\/v2\/posts\/8308","targetHints":{"allow":["GET"]}}],"collection":[{"href":"http:\/\/www.rockpixx.com\/wordpress\/wp-json\/wp\/v2\/posts"}],"about":[{"href":"http:\/\/www.rockpixx.com\/wordpress\/wp-json\/wp\/v2\/types\/post"}],"author":[{"embeddable":true,"href":"http:\/\/www.rockpixx.com\/wordpress\/wp-json\/wp\/v2\/users\/2"}],"replies":[{"embeddable":true,"href":"http:\/\/www.rockpixx.com\/wordpress\/wp-json\/wp\/v2\/comments?post=8308"}],"version-history":[{"count":0,"href":"http:\/\/www.rockpixx.com\/wordpress\/wp-json\/wp\/v2\/posts\/8308\/revisions"}],"wp:featuredmedia":[{"embeddable":true,"href":"http:\/\/www.rockpixx.com\/wordpress\/wp-json\/wp\/v2\/media\/8281"}],"wp:attachment":[{"href":"http:\/\/www.rockpixx.com\/wordpress\/wp-json\/wp\/v2\/media?parent=8308"}],"wp:term":[{"taxonomy":"category","embeddable":true,"href":"http:\/\/www.rockpixx.com\/wordpress\/wp-json\/wp\/v2\/categories?post=8308"},{"taxonomy":"post_tag","embeddable":true,"href":"http:\/\/www.rockpixx.com\/wordpress\/wp-json\/wp\/v2\/tags?post=8308"}],"curies":[{"name":"wp","href":"https:\/\/api.w.org\/{rel}","templated":true}]}}