{"id":8325,"date":"2011-11-11T02:00:08","date_gmt":"2011-11-11T00:00:08","guid":{"rendered":"http:\/\/rockpixx.com\/wordpress\/?p=8325"},"modified":"2013-02-06T00:36:52","modified_gmt":"2013-02-05T22:36:52","slug":"saga-11-11-2011-munchen-circus-krone","status":"publish","type":"post","link":"http:\/\/www.rockpixx.com\/wordpress\/saga-11-11-2011-munchen-circus-krone\/","title":{"rendered":"Saga, 11.11.2011, M\u00fcnchen, Circus Krone"},"content":{"rendered":"<p>Beim Supportact \u2192\u00a0<a title=\"Marillion, 11.11.2011, M\u00fcnchen, Circus Krone\" href=\"http:\/\/rockpixx.com\/wordpress\/?p=8323\" target=\"_blank\">Marillion<\/a>\u00a0klang es ja schon an: Das war nicht der gesamte Abend im \u201eCircus Krone\u201c. Es folgten Saga, die wir ja schon OpenAir \u2192\u00a0<a title=\"Saga, 26.06.2011, Kiel, NDR-B\u00fchne\" href=\"http:\/\/rockpixx.com\/wordpress\/?p=8062\" target=\"_blank\">im Juni in Kiel<\/a>\u00a0vor den Kameras hatten.<!--more--> Und die Jungs sind auch in einer Halle so richtig gut drauf. Dieses Mal mit ihrer eigenen Lightshow zauberten sie eine beeindruckende Farbenpracht auf die B\u00fchne. Leider zwar \u00fcberwiegend LED, aber das gab\u2019s auch schon in schlimmeren Varianten. Der Sound war mehr als bombastisch und alle gro\u00dfen Hits wurden gespielt. F\u00fcr mich eine sch\u00f6ne Abwechslung, Saga nicht nur live von CD zu h\u00f6ren, sondern auch noch zu sehen (und nat\u00fcrlich zu fotografieren).<\/p>\n<p style=\"text-align: right;\">Fotos:\u00a0<a href=\"mailto:info@rockpixx.com?subject=Fotos%20von%20Saga,%20M%C3%BCnchen%20%E2%80%9ECircus%20Krone%E2%80%9C,%2011.11.2011\">Alex<\/a>\u00a0| Text:\u00a0<a href=\"mailto:info@rockpixx.com?subject=Reviewtext%20von%20Saga,%20M%C3%BCnchen%20%E2%80%9ECircus%20Krone%E2%80%9C,%2011.11.2011\">Alex<\/a><\/p>\n<p>&nbsp;<\/p>\n<p>[slideshow id=110]<\/p>\n","protected":false},"excerpt":{"rendered":"<p>Beim Supportact \u2192\u00a0Marillion\u00a0klang es ja schon an: Das war nicht der gesamte Abend im \u201eCircus <a href=\"http:\/\/www.rockpixx.com\/wordpress\/saga-11-11-2011-munchen-circus-krone\/\">Read more<\/a><\/p>\n","protected":false},"author":2,"featured_media":8286,"comment_status":"open","ping_status":"open","sticky":false,"template":"","format":"standard","meta":{"_jetpack_memberships_contains_paid_content":false,"footnotes":"","jetpack_publicize_message":"","jetpack_publicize_feature_enabled":true,"jetpack_social_post_already_shared":false,"jetpack_social_options":{"image_generator_settings":{"template":"highway","default_image_id":0,"font":"","enabled":false},"version":2}},"categories":[34,579],"tags":[1733,353,352,1940],"class_list":["post-8325","post","type-post","status-publish","format-standard","has-post-thumbnail","hentry","category-acts","category-saga","tag-1733","tag-circus-krone","tag-munchen","tag-saga"],"aioseo_notices":[],"jetpack_publicize_connections":[],"jetpack_featured_media_url":"http:\/\/www.rockpixx.com\/wordpress\/wp-content\/uploads\/2013\/02\/20111111-2-saga-Artikel.jpg","jetpack-related-posts":[{"id":685,"url":"http:\/\/www.rockpixx.com\/wordpress\/barock-13-10-2007-munchen-circus-krone\/","url_meta":{"origin":8325,"position":0},"title":"Barock, 13.10.2007, M\u00fcnchen, Circus Krone","author":"Anja","date":"13. Oktober 2007","format":false,"excerpt":"\u201eCircus Krone!\u201c - Ein geschichtstr\u00e4chtiger Ort, haben doch schlie\u00dflich AC\/DC dort auch schon gespielt. Es wird also Zeit f\u00fcr eine Performance von \u201eEuropas bester AC\/DC-Coverband\u201c am selben Ort. Im Backstage-Bereich ist's \u00e4hnlich trostlos wie immer, die Getr\u00e4nke sind auch schon fast alle \u2013 daf\u00fcr riecht's \u00fcberall noch nach Raubtieren. Soundcheck\u2026","rel":"","context":"In &quot;AC\/DC&quot;","block_context":{"text":"AC\/DC","link":"http:\/\/www.rockpixx.com\/wordpress\/category\/acts\/tributebands\/acdc\/"},"img":{"alt_text":"Barock, 13.10.2007, M\u00fcnchen, Circus Krone","src":"https:\/\/i0.wp.com\/www.rockpixx.com\/wordpress\/wp-content\/uploads\/2007\/10\/20071013-2-barock-Artikel.jpg?resize=350%2C200","width":350,"height":200,"srcset":"https:\/\/i0.wp.com\/www.rockpixx.com\/wordpress\/wp-content\/uploads\/2007\/10\/20071013-2-barock-Artikel.jpg?resize=350%2C200 1x, https:\/\/i0.wp.com\/www.rockpixx.com\/wordpress\/wp-content\/uploads\/2007\/10\/20071013-2-barock-Artikel.jpg?resize=525%2C300 1.5x, https:\/\/i0.wp.com\/www.rockpixx.com\/wordpress\/wp-content\/uploads\/2007\/10\/20071013-2-barock-Artikel.jpg?resize=700%2C400 2x"},"classes":[]},{"id":7635,"url":"http:\/\/www.rockpixx.com\/wordpress\/red-hot-chilli-pipers-07-05-2011-munchen-circus-krone\/","url_meta":{"origin":8325,"position":1},"title":"Red Hot Chilli Pipers, 07.05.2011, M\u00fcnchen, Circus Krone","author":"Anja","date":"7. Mai 2011","format":false,"excerpt":"Schon 'mal \u201eHighway to Hell\u201c von AC\/DC geh\u00f6rt? Bestimmt. Auch mit Sicherheit schon \u201eSmoke on the Water\u201c von Deep Purple. \u2013 Klar doch: Das kennt fast jeder! Nun versch\u00e4rfen wir die Frage einmal ein wenig: Beide St\u00fccke schon einmal in der Version f\u00fcr Drums, Bass, Gitarre und Dudelsack geh\u00f6rt? Nein?\u2026","rel":"","context":"In &quot;Acts&quot;","block_context":{"text":"Acts","link":"http:\/\/www.rockpixx.com\/wordpress\/category\/acts\/"},"img":{"alt_text":"Red Hot Chilli Pipers, 07.05.2011, M\u00fcnchen, Circus Krone","src":"https:\/\/i0.wp.com\/www.rockpixx.com\/wordpress\/wp-content\/uploads\/2013\/01\/20110507-02-red-hot-chilli-pipers-Artikel.jpg?resize=350%2C200","width":350,"height":200,"srcset":"https:\/\/i0.wp.com\/www.rockpixx.com\/wordpress\/wp-content\/uploads\/2013\/01\/20110507-02-red-hot-chilli-pipers-Artikel.jpg?resize=350%2C200 1x, https:\/\/i0.wp.com\/www.rockpixx.com\/wordpress\/wp-content\/uploads\/2013\/01\/20110507-02-red-hot-chilli-pipers-Artikel.jpg?resize=525%2C300 1.5x, https:\/\/i0.wp.com\/www.rockpixx.com\/wordpress\/wp-content\/uploads\/2013\/01\/20110507-02-red-hot-chilli-pipers-Artikel.jpg?resize=700%2C400 2x"},"classes":[]},{"id":7627,"url":"http:\/\/www.rockpixx.com\/wordpress\/drownntears-07-05-2011-munchen-circus-krone\/","url_meta":{"origin":8325,"position":2},"title":"Drown&#8217;n&#8217;Tears, 07.05.2011, M\u00fcnchen, Circus Krone","author":"Anja","date":"7. Mai 2011","format":false,"excerpt":"\u00a0 \u00a0 Da spielt schon einmal unsere M\u00fcnchner Lieblingsband \u201eDrown'n'Tears\u201c an historischer St\u00e4tte im Circus Krone, spielt sogar zum ersten Mal live ihr neues St\u00fcck und wir haben f\u00fcr uns eine der Garderoben, in denen in den Sechzigern schon die Beatles, die Stones und andere \u201egehaust\u201c haben und dann so\u2026","rel":"","context":"In &quot;Acts&quot;","block_context":{"text":"Acts","link":"http:\/\/www.rockpixx.com\/wordpress\/category\/acts\/"},"img":{"alt_text":"Drown'n'Tears, 07.05.2011, M\u00fcnchen, Circus Krone","src":"https:\/\/i0.wp.com\/www.rockpixx.com\/wordpress\/wp-content\/uploads\/2013\/01\/20110507-01-dnt-Artikel.jpg?resize=350%2C200","width":350,"height":200,"srcset":"https:\/\/i0.wp.com\/www.rockpixx.com\/wordpress\/wp-content\/uploads\/2013\/01\/20110507-01-dnt-Artikel.jpg?resize=350%2C200 1x, https:\/\/i0.wp.com\/www.rockpixx.com\/wordpress\/wp-content\/uploads\/2013\/01\/20110507-01-dnt-Artikel.jpg?resize=525%2C300 1.5x, https:\/\/i0.wp.com\/www.rockpixx.com\/wordpress\/wp-content\/uploads\/2013\/01\/20110507-01-dnt-Artikel.jpg?resize=700%2C400 2x"},"classes":[]},{"id":8323,"url":"http:\/\/www.rockpixx.com\/wordpress\/marillion-11-11-2011-munchen-circus-krone\/","url_meta":{"origin":8325,"position":3},"title":"Marillion, 11.11.2011, M\u00fcnchen, Circus Krone","author":"Anja","date":"11. November 2011","format":false,"excerpt":"Alle Jahre wieder\u2026 treffen wir in M\u00fcnchen Marillion. So auch in diesem Jahr \u2013 allerdings weder in der Olympiahalle noch im \u201eBackstage\u201c, sondern im altehrw\u00fcrdigen \u201eCircus Krone\u201c. Dort waren wir ja auch schon einige Male zu Gast. Tja, was soll ich noch \u00fcber Steve Hogarth schreiben? Seine Performance beeindruckt mich\u2026","rel":"","context":"In &quot;Acts&quot;","block_context":{"text":"Acts","link":"http:\/\/www.rockpixx.com\/wordpress\/category\/acts\/"},"img":{"alt_text":"Marillion, 11.11.2011, M\u00fcnchen, Circus Krone","src":"https:\/\/i0.wp.com\/www.rockpixx.com\/wordpress\/wp-content\/uploads\/2013\/02\/20111111-1-marillion-Artikel.jpg?resize=350%2C200","width":350,"height":200,"srcset":"https:\/\/i0.wp.com\/www.rockpixx.com\/wordpress\/wp-content\/uploads\/2013\/02\/20111111-1-marillion-Artikel.jpg?resize=350%2C200 1x, https:\/\/i0.wp.com\/www.rockpixx.com\/wordpress\/wp-content\/uploads\/2013\/02\/20111111-1-marillion-Artikel.jpg?resize=525%2C300 1.5x, https:\/\/i0.wp.com\/www.rockpixx.com\/wordpress\/wp-content\/uploads\/2013\/02\/20111111-1-marillion-Artikel.jpg?resize=700%2C400 2x"},"classes":[]},{"id":650,"url":"http:\/\/www.rockpixx.com\/wordpress\/drownntears-13-10-2007-munchen-circus-krone\/","url_meta":{"origin":8325,"position":4},"title":"Drown\u2019n\u2019Tears, 13.10.2007, M\u00fcnchen, Circus Krone","author":"Anja","date":"13. Oktober 2007","format":false,"excerpt":"Die Vorgruppe zu Barock, Repertoire ist erdiger Rock aus fr\u00fcheren Jahren, beispielsweise von Cream oder den Rolling Stones. Das Licht k\u00f6nnte besser gewesen sein und reichlich irritiert hat mich das Kleid von \u201especial guest\u201c Claudia Cane von den \u2192 \u201eCyberspacehippies\u201c als S\u00e4ngerin. Zudem war sie mit ihrem Hut im Leoparden-Look\u2026","rel":"","context":"In &quot;Acts&quot;","block_context":{"text":"Acts","link":"http:\/\/www.rockpixx.com\/wordpress\/category\/acts\/"},"img":{"alt_text":"Drown\u2019n\u2019Tears, 13.10.2007, M\u00fcnchen, Circus Krone","src":"https:\/\/i0.wp.com\/www.rockpixx.com\/wordpress\/wp-content\/uploads\/2007\/10\/20071013-1-dnt-Artikel.jpg?resize=350%2C200","width":350,"height":200,"srcset":"https:\/\/i0.wp.com\/www.rockpixx.com\/wordpress\/wp-content\/uploads\/2007\/10\/20071013-1-dnt-Artikel.jpg?resize=350%2C200 1x, https:\/\/i0.wp.com\/www.rockpixx.com\/wordpress\/wp-content\/uploads\/2007\/10\/20071013-1-dnt-Artikel.jpg?resize=525%2C300 1.5x, https:\/\/i0.wp.com\/www.rockpixx.com\/wordpress\/wp-content\/uploads\/2007\/10\/20071013-1-dnt-Artikel.jpg?resize=700%2C400 2x"},"classes":[]},{"id":1074,"url":"http:\/\/www.rockpixx.com\/wordpress\/das-war-2011\/","url_meta":{"origin":8325,"position":5},"title":"Das war 2011","author":"admin","date":"29. Dezember 2011","format":false,"excerpt":"Ein ereignisreiches Jahr neigt sich dem Ende zu. Es war f\u00fcr uns das Jahr, in dem wir die bisher meisten Acts fotografiert haben: Erstmals haben wir die Hunderter-Marke mit insgesamt 116 Acts geknackt! In der Gesamtheit ist ja alles auf \u2192 rockpixx.com nachzulesen \u2013 hier soll dagegen unser pers\u00f6nliches Fazit\u2026","rel":"","context":"In &quot;2011&quot;","block_context":{"text":"2011","link":"http:\/\/www.rockpixx.com\/wordpress\/category\/backstage\/2011\/"},"img":{"alt_text":"Konzertposter 2011","src":"https:\/\/i0.wp.com\/www.rockpixx.com\/wordpress\/wp-content\/uploads\/2013\/03\/20111229-Konzerte-2011-100x70.jpg?resize=350%2C200","width":350,"height":200,"srcset":"https:\/\/i0.wp.com\/www.rockpixx.com\/wordpress\/wp-content\/uploads\/2013\/03\/20111229-Konzerte-2011-100x70.jpg?resize=350%2C200 1x, https:\/\/i0.wp.com\/www.rockpixx.com\/wordpress\/wp-content\/uploads\/2013\/03\/20111229-Konzerte-2011-100x70.jpg?resize=525%2C300 1.5x, https:\/\/i0.wp.com\/www.rockpixx.com\/wordpress\/wp-content\/uploads\/2013\/03\/20111229-Konzerte-2011-100x70.jpg?resize=700%2C400 2x"},"classes":[]}],"jetpack_sharing_enabled":true,"publishpress_future_action":{"enabled":false,"date":"2026-05-06 09:50:55","action":"change-status","newStatus":"draft","terms":[],"taxonomy":"category","extraData":[]},"publishpress_future_workflow_manual_trigger":{"enabledWorkflows":[]},"_links":{"self":[{"href":"http:\/\/www.rockpixx.com\/wordpress\/wp-json\/wp\/v2\/posts\/8325","targetHints":{"allow":["GET"]}}],"collection":[{"href":"http:\/\/www.rockpixx.com\/wordpress\/wp-json\/wp\/v2\/posts"}],"about":[{"href":"http:\/\/www.rockpixx.com\/wordpress\/wp-json\/wp\/v2\/types\/post"}],"author":[{"embeddable":true,"href":"http:\/\/www.rockpixx.com\/wordpress\/wp-json\/wp\/v2\/users\/2"}],"replies":[{"embeddable":true,"href":"http:\/\/www.rockpixx.com\/wordpress\/wp-json\/wp\/v2\/comments?post=8325"}],"version-history":[{"count":0,"href":"http:\/\/www.rockpixx.com\/wordpress\/wp-json\/wp\/v2\/posts\/8325\/revisions"}],"wp:featuredmedia":[{"embeddable":true,"href":"http:\/\/www.rockpixx.com\/wordpress\/wp-json\/wp\/v2\/media\/8286"}],"wp:attachment":[{"href":"http:\/\/www.rockpixx.com\/wordpress\/wp-json\/wp\/v2\/media?parent=8325"}],"wp:term":[{"taxonomy":"category","embeddable":true,"href":"http:\/\/www.rockpixx.com\/wordpress\/wp-json\/wp\/v2\/categories?post=8325"},{"taxonomy":"post_tag","embeddable":true,"href":"http:\/\/www.rockpixx.com\/wordpress\/wp-json\/wp\/v2\/tags?post=8325"}],"curies":[{"name":"wp","href":"https:\/\/api.w.org\/{rel}","templated":true}]}}