{"id":8376,"date":"2012-01-20T01:00:40","date_gmt":"2012-01-19T23:00:40","guid":{"rendered":"http:\/\/rockpixx.com\/wordpress\/?p=8376"},"modified":"2013-02-06T18:49:39","modified_gmt":"2013-02-06T16:49:39","slug":"barock-20-01-2012-oberhausen-turbinenhalle","status":"publish","type":"post","link":"http:\/\/www.rockpixx.com\/wordpress\/barock-20-01-2012-oberhausen-turbinenhalle\/","title":{"rendered":"Barock, 20.01.2012, Oberhausen, Turbinenhalle"},"content":{"rendered":"<p>Das Jahr 2012 f\u00e4ngt wieder mit dem \u00fcblichen Ausflug nach NRW an: Via N\u00fcrnberg fahre ich mit der Band am 20. Januar 2012 zum ersten Mal nach Oberhausen in die \u201eTurbinenhalle\u201c. In der Halle ist\u2019s m\u00f6rderisch kalt aber nach mehreren Staus auf der A3 ist uns das ziemlich egal \u2013 Hauptsache der Soundcheck f\u00e4ngt nicht noch sp\u00e4ter an.<!--more--> Sean Mulvihill aus Los Angeles ist als Bon Scott wieder mit dabei und so steht das Konzert dann auch unter dem Motto \u201eBon Scott meets Brian Johnson\u201c. Die ca. 700 Fans in Oberhausen sehen \u201eBarock\u201c zum ersten Mal und sind von Anfang an schon richtig gut drauf.<\/p>\n<p>Fazit: F\u00fcr mich gibt\u2019s zum Einstieg in das Konzertjahr 2012 gleich schon wieder \u201evoll auf die Ohren\u201c und die Show hat sich auch ohne Follower mit station\u00e4ren Frontlights noch ganz gut fotografieren lassen \u2013 trotz der relativ hohen B\u00fchne. Ach ja \u2013 warm wurde es sp\u00e4ter in der Halle zum Gl\u00fcck auch noch\u2026<\/p>\n<p style=\"text-align: right;\">Fotos:\u00a0<a href=\"mailto:info@rockpixx.com?subject=Fotos%20von%20Barock,%20Oberhausen%20%E2%80%9ETurbinenhalle%E2%80%9C,%2020.01.2012\">Alex<\/a>\u00a0| Text:\u00a0<a href=\"mailto:info@rockpixx.com?subject=Reviewtext%20von%20Barock,%20Oberhausen%20%E2%80%9ETurbinenhalle%E2%80%9C,%2020.01.2012\">Alex<\/a><\/p>\n<p>&nbsp;<\/p>\n<p>[slideshow id=120]<\/p>\n","protected":false},"excerpt":{"rendered":"<p>Das Jahr 2012 f\u00e4ngt wieder mit dem \u00fcblichen Ausflug nach NRW an: Via N\u00fcrnberg fahre <a href=\"http:\/\/www.rockpixx.com\/wordpress\/barock-20-01-2012-oberhausen-turbinenhalle\/\">Read more<\/a><\/p>\n","protected":false},"author":2,"featured_media":8377,"comment_status":"open","ping_status":"open","sticky":false,"template":"","format":"standard","meta":{"_jetpack_memberships_contains_paid_content":false,"footnotes":"","jetpack_publicize_message":"","jetpack_publicize_feature_enabled":true,"jetpack_social_post_already_shared":false,"jetpack_social_options":{"image_generator_settings":{"template":"highway","default_image_id":0,"font":"","enabled":false},"version":2}},"categories":[8,34,47,5],"tags":[1759,1716,1724,730,859,860],"class_list":["post-8376","post","type-post","status-publish","format-standard","has-post-thumbnail","hentry","category-acdc","category-acts","category-barock","category-tributebands","tag-1759","tag-acdc","tag-barock","tag-bon-scott","tag-oberhausen","tag-turbinenhalle"],"aioseo_notices":[],"jetpack_publicize_connections":[],"jetpack_featured_media_url":"http:\/\/www.rockpixx.com\/wordpress\/wp-content\/uploads\/2013\/02\/20120120-barock-Artikel.jpg","jetpack-related-posts":[{"id":16695,"url":"http:\/\/www.rockpixx.com\/wordpress\/barock-30-08-2014-baltic-open-air-schleswig\/","url_meta":{"origin":8376,"position":0},"title":"Barock, 30.08.2014, Baltic Open Air, Schleswig","author":"admin","date":"6. September 2014","format":false,"excerpt":"Normalerweise k\u00f6nnen wir mit der Graben-Security ja gut. Die machen ihren Job und lassen uns den unseren machen. Was da aber bei \u201eBarock\u201c f\u00fcr ein Vollpfosten im Graben stand, das spottet jeder Beschreibung. Er hatte etwas von \u201ePyros\u201c geh\u00f6rt und das veranlasste ihn, den Zugang zum Graben generell zu verweigern.\u2026","rel":"","context":"In &quot;AC\/DC&quot;","block_context":{"text":"AC\/DC","link":"http:\/\/www.rockpixx.com\/wordpress\/category\/acts\/tributebands\/acdc\/"},"img":{"alt_text":"Barock, 30.08.2014, Baltic Open Air, Schleswig","src":"https:\/\/i0.wp.com\/www.rockpixx.com\/wordpress\/wp-content\/uploads\/2014\/09\/20140830-04-466.jpg?resize=350%2C200","width":350,"height":200,"srcset":"https:\/\/i0.wp.com\/www.rockpixx.com\/wordpress\/wp-content\/uploads\/2014\/09\/20140830-04-466.jpg?resize=350%2C200 1x, https:\/\/i0.wp.com\/www.rockpixx.com\/wordpress\/wp-content\/uploads\/2014\/09\/20140830-04-466.jpg?resize=525%2C300 1.5x, https:\/\/i0.wp.com\/www.rockpixx.com\/wordpress\/wp-content\/uploads\/2014\/09\/20140830-04-466.jpg?resize=700%2C400 2x"},"classes":[]},{"id":9087,"url":"http:\/\/www.rockpixx.com\/wordpress\/barock-19-01-2013-soest-stadthalle\/","url_meta":{"origin":8376,"position":1},"title":"Barock, 19.01.2013, Soest, Stadthalle","author":"Anja","date":"19. Januar 2013","format":false,"excerpt":"Bevor wir nun also bei Barock aus dem Graben der proppenvollen und seit Monaten ausverkauften Soester Stadthalle erstmals die acht Kanonen in Aktion erleben konnten, war erst einmal Warten angesagt\u2026 Was war geschehen? Ein Stromausfall auf der B\u00fchne lie\u00df zuvor die Elektroboys still und im Halbdunkel stehen, so dass eine\u2026","rel":"","context":"In &quot;AC\/DC&quot;","block_context":{"text":"AC\/DC","link":"http:\/\/www.rockpixx.com\/wordpress\/category\/acts\/tributebands\/acdc\/"},"img":{"alt_text":"Barock, 19.01.2013, Soest, Stadthalle","src":"https:\/\/i0.wp.com\/www.rockpixx.com\/wordpress\/wp-content\/uploads\/2013\/02\/20130119-02-barock-Artikel.jpg?resize=350%2C200","width":350,"height":200,"srcset":"https:\/\/i0.wp.com\/www.rockpixx.com\/wordpress\/wp-content\/uploads\/2013\/02\/20130119-02-barock-Artikel.jpg?resize=350%2C200 1x, https:\/\/i0.wp.com\/www.rockpixx.com\/wordpress\/wp-content\/uploads\/2013\/02\/20130119-02-barock-Artikel.jpg?resize=525%2C300 1.5x, https:\/\/i0.wp.com\/www.rockpixx.com\/wordpress\/wp-content\/uploads\/2013\/02\/20130119-02-barock-Artikel.jpg?resize=700%2C400 2x"},"classes":[]},{"id":2916,"url":"http:\/\/www.rockpixx.com\/wordpress\/barock15-01-2009-nurnberg-hirsch\/","url_meta":{"origin":8376,"position":2},"title":"Barock, 15.01.2009, N\u00fcrnberg, Hirsch","author":"Anja","date":"15. Januar 2009","format":false,"excerpt":"Wieder einmal Barock \u2013 zu Jahresbeginn allerdings gleich mit einem besonderen Bonbon: Neben dem etatm\u00e4\u00dfigen S\u00e4nger Grant Foster aus London wurde dieses Mal zus\u00e4tzlich Sean Mulvihill aus Los Angeles eingeflogen. So gab's also ein \u201e,Bon Scott-Special\u201c! Und was f\u00fcr ein Special war das! Bon Scott lebt (Brian Johnson nat\u00fcrlich auch).\u2026","rel":"","context":"In &quot;AC\/DC&quot;","block_context":{"text":"AC\/DC","link":"http:\/\/www.rockpixx.com\/wordpress\/category\/acts\/tributebands\/acdc\/"},"img":{"alt_text":"Barock,15.01.2009, N\u00fcrnberg, Hirsch","src":"https:\/\/i0.wp.com\/www.rockpixx.com\/wordpress\/wp-content\/uploads\/2009\/01\/20090115-02-barock-Artikel.jpg?resize=350%2C200","width":350,"height":200,"srcset":"https:\/\/i0.wp.com\/www.rockpixx.com\/wordpress\/wp-content\/uploads\/2009\/01\/20090115-02-barock-Artikel.jpg?resize=350%2C200 1x, https:\/\/i0.wp.com\/www.rockpixx.com\/wordpress\/wp-content\/uploads\/2009\/01\/20090115-02-barock-Artikel.jpg?resize=525%2C300 1.5x, https:\/\/i0.wp.com\/www.rockpixx.com\/wordpress\/wp-content\/uploads\/2009\/01\/20090115-02-barock-Artikel.jpg?resize=700%2C400 2x"},"classes":[]},{"id":4352,"url":"http:\/\/www.rockpixx.com\/wordpress\/barock-17-01-2009-soest-stadthalle-2\/","url_meta":{"origin":8376,"position":3},"title":"Barock, 17.01.2009, Soest, Stadthalle","author":"Anja","date":"17. Januar 2009","format":false,"excerpt":"Weiter gings zwei Tage sp\u00e4ter in der schon ein paar Wochen vorher (traditionell) ausverkauften Stadthalle in Soest\u2026 Wieder mit beiden S\u00e4ngern im Doppelpack, dieses Mal bestritt \u201eBon Scott\u201c das erste Set. Auf einer gro\u00dfen B\u00fchne wie dort kommt die Show von Barock nat\u00fcrlich noch besser zur Geltung und auch lichttechnisch\u2026","rel":"","context":"In &quot;AC\/DC&quot;","block_context":{"text":"AC\/DC","link":"http:\/\/www.rockpixx.com\/wordpress\/category\/acts\/tributebands\/acdc\/"},"img":{"alt_text":"Barock, 17.01.2009, Soest, Stadthalle","src":"https:\/\/i0.wp.com\/www.rockpixx.com\/wordpress\/wp-content\/uploads\/2013\/01\/20090117-barock-Artikel.jpg?resize=350%2C200","width":350,"height":200,"srcset":"https:\/\/i0.wp.com\/www.rockpixx.com\/wordpress\/wp-content\/uploads\/2013\/01\/20090117-barock-Artikel.jpg?resize=350%2C200 1x, https:\/\/i0.wp.com\/www.rockpixx.com\/wordpress\/wp-content\/uploads\/2013\/01\/20090117-barock-Artikel.jpg?resize=525%2C300 1.5x, https:\/\/i0.wp.com\/www.rockpixx.com\/wordpress\/wp-content\/uploads\/2013\/01\/20090117-barock-Artikel.jpg?resize=700%2C400 2x"},"classes":[]},{"id":8396,"url":"http:\/\/www.rockpixx.com\/wordpress\/barock-21-01-2012-soest-stadthalle\/","url_meta":{"origin":8376,"position":4},"title":"Barock, 21.01.2012, Soest, Stadthalle","author":"Anja","date":"21. Januar 2012","format":false,"excerpt":"Und dann wieder die winterliche Kult-Veranstaltung in der Soester Stadthalle: Barock! Ausverkauft wie immer in den letzten Jahren und ein begeistertes Publikum, welches schon ab dem ersten Song (dieses Mal \u201eThunderstruck\u201c) voll mitgeht. Auch hier gab es wieder ein geteiltes Set: Grant Foster aus London er\u00f6ffnete als Brian Johnson den\u2026","rel":"","context":"In &quot;AC\/DC&quot;","block_context":{"text":"AC\/DC","link":"http:\/\/www.rockpixx.com\/wordpress\/category\/acts\/tributebands\/acdc\/"},"img":{"alt_text":"Barock, 21.01.2012, Soest, Stadthalle","src":"https:\/\/i0.wp.com\/www.rockpixx.com\/wordpress\/wp-content\/uploads\/2013\/02\/20120121-02-barock-Artikel.jpg?resize=350%2C200","width":350,"height":200,"srcset":"https:\/\/i0.wp.com\/www.rockpixx.com\/wordpress\/wp-content\/uploads\/2013\/02\/20120121-02-barock-Artikel.jpg?resize=350%2C200 1x, https:\/\/i0.wp.com\/www.rockpixx.com\/wordpress\/wp-content\/uploads\/2013\/02\/20120121-02-barock-Artikel.jpg?resize=525%2C300 1.5x, https:\/\/i0.wp.com\/www.rockpixx.com\/wordpress\/wp-content\/uploads\/2013\/02\/20120121-02-barock-Artikel.jpg?resize=700%2C400 2x"},"classes":[]},{"id":7592,"url":"http:\/\/www.rockpixx.com\/wordpress\/barock-19-03-2011-gersthofen-stadthalle\/","url_meta":{"origin":8376,"position":5},"title":"Barock, 19.03.2011, Gersthofen, Stadthalle","author":"Anja","date":"19. M\u00e4rz 2011","format":false,"excerpt":"So\u2026 dann also der Mainact des Abends: \u201eBarock\u201c. Eigentlich h\u00e4tte alles in bew\u00e4hrter Art und Weise laufen k\u00f6nnen, wenn nicht\u2026 Also gut, der Reihe nach: Es fing schon damit an, dass das Intro nicht lief und die Musiker auf der teilbeleuchteten B\u00fchne wie Falschgeld herumstanden. Den verschnarchten Spotfahrer konnten alle\u2026","rel":"","context":"In &quot;AC\/DC&quot;","block_context":{"text":"AC\/DC","link":"http:\/\/www.rockpixx.com\/wordpress\/category\/acts\/tributebands\/acdc\/"},"img":{"alt_text":"Barock, 19.03.2011, Gersthofen, Stadthalle","src":"https:\/\/i0.wp.com\/www.rockpixx.com\/wordpress\/wp-content\/uploads\/2013\/01\/20110319-02-barock-Artikel.jpg?resize=350%2C200","width":350,"height":200,"srcset":"https:\/\/i0.wp.com\/www.rockpixx.com\/wordpress\/wp-content\/uploads\/2013\/01\/20110319-02-barock-Artikel.jpg?resize=350%2C200 1x, https:\/\/i0.wp.com\/www.rockpixx.com\/wordpress\/wp-content\/uploads\/2013\/01\/20110319-02-barock-Artikel.jpg?resize=525%2C300 1.5x, https:\/\/i0.wp.com\/www.rockpixx.com\/wordpress\/wp-content\/uploads\/2013\/01\/20110319-02-barock-Artikel.jpg?resize=700%2C400 2x"},"classes":[]}],"jetpack_sharing_enabled":true,"publishpress_future_action":{"enabled":false,"date":"2026-05-09 07:07:49","action":"change-status","newStatus":"draft","terms":[],"taxonomy":"category","extraData":[]},"publishpress_future_workflow_manual_trigger":{"enabledWorkflows":[]},"_links":{"self":[{"href":"http:\/\/www.rockpixx.com\/wordpress\/wp-json\/wp\/v2\/posts\/8376","targetHints":{"allow":["GET"]}}],"collection":[{"href":"http:\/\/www.rockpixx.com\/wordpress\/wp-json\/wp\/v2\/posts"}],"about":[{"href":"http:\/\/www.rockpixx.com\/wordpress\/wp-json\/wp\/v2\/types\/post"}],"author":[{"embeddable":true,"href":"http:\/\/www.rockpixx.com\/wordpress\/wp-json\/wp\/v2\/users\/2"}],"replies":[{"embeddable":true,"href":"http:\/\/www.rockpixx.com\/wordpress\/wp-json\/wp\/v2\/comments?post=8376"}],"version-history":[{"count":0,"href":"http:\/\/www.rockpixx.com\/wordpress\/wp-json\/wp\/v2\/posts\/8376\/revisions"}],"wp:featuredmedia":[{"embeddable":true,"href":"http:\/\/www.rockpixx.com\/wordpress\/wp-json\/wp\/v2\/media\/8377"}],"wp:attachment":[{"href":"http:\/\/www.rockpixx.com\/wordpress\/wp-json\/wp\/v2\/media?parent=8376"}],"wp:term":[{"taxonomy":"category","embeddable":true,"href":"http:\/\/www.rockpixx.com\/wordpress\/wp-json\/wp\/v2\/categories?post=8376"},{"taxonomy":"post_tag","embeddable":true,"href":"http:\/\/www.rockpixx.com\/wordpress\/wp-json\/wp\/v2\/tags?post=8376"}],"curies":[{"name":"wp","href":"https:\/\/api.w.org\/{rel}","templated":true}]}}