{"id":8390,"date":"2012-01-21T01:00:15","date_gmt":"2012-01-20T23:00:15","guid":{"rendered":"http:\/\/rockpixx.com\/wordpress\/?p=8390"},"modified":"2013-02-06T18:45:52","modified_gmt":"2013-02-06T16:45:52","slug":"rock-ignition-21-01-2012-soest-stadthalle","status":"publish","type":"post","link":"http:\/\/www.rockpixx.com\/wordpress\/rock-ignition-21-01-2012-soest-stadthalle\/","title":{"rendered":"Rock Ignition, 21.01.2012, Soest, Stadthalle"},"content":{"rendered":"<p>Am n\u00e4chsten Mittag bin ich dann nach einer erfreulich unproblematischen und relativ kurzen Anreise wieder einmal in \u2192\u00a0<a title=\"Soest\" href=\"http:\/\/rockpixx.com\/wordpress\/?tag=soest\" target=\"_blank\">Soest<\/a>. Die dortige Stadthalle ist schon seit Wochen ausverkauft und los geht\u2019s an diesem Abend mit dem Supportact \u201eRock Ignition\u201c. <!--more-->Es stehen zwei schmucke S\u00e4ngerinnen auf der B\u00fchne, die von drei m\u00e4nnlichen Musikern an Drums, Bass und Gitarre begleitet werden. Auch wenn ihr Auftritt relativ kurz ist, so rocken sie doch die Halle gewaltig. Naturgem\u00e4\u00df ist das Licht etwas dunkler als beim folgenden Mainact aber die Posen direkt vor mir sind allemal sehenswert. So komme ich trotz der relativen Dunkelheit doch noch zu brauchbaren Bildern.<\/p>\n<p>Tipp f\u00fcr alle: Die Band kann auch das volle Programm spielen, hingehen, es lohnt sich.<\/p>\n<p style=\"text-align: right;\">Fotos:\u00a0<a href=\"mailto:info@rockpixx.com?subject=Fotos%20von%20Rock%20Ignition,%20Soest%20%E2%80%9EStadthalle%E2%80%9C,%2021.01.2012\">Alex<\/a>\u00a0| Text:\u00a0<a href=\"mailto:info@rockpixx.com?subject=Reviewtext%20von%20Rock%20Ignition,%20Soest%20%E2%80%9EStadthalle%E2%80%9C,%2021.01.2012\">Alex<\/a><\/p>\n<p>&nbsp;<\/p>\n<p>[slideshow id=121]<\/p>\n","protected":false},"excerpt":{"rendered":"<p>Am n\u00e4chsten Mittag bin ich dann nach einer erfreulich unproblematischen und relativ kurzen Anreise wieder <a href=\"http:\/\/www.rockpixx.com\/wordpress\/rock-ignition-21-01-2012-soest-stadthalle\/\">Read more<\/a><\/p>\n","protected":false},"author":2,"featured_media":8378,"comment_status":"open","ping_status":"open","sticky":false,"template":"","format":"standard","meta":{"_jetpack_memberships_contains_paid_content":false,"footnotes":"","jetpack_publicize_message":"","jetpack_publicize_feature_enabled":true,"jetpack_social_post_already_shared":false,"jetpack_social_options":{"image_generator_settings":{"template":"highway","default_image_id":0,"font":"","enabled":false},"version":2}},"categories":[34,619],"tags":[1759,1980,363,360],"class_list":["post-8390","post","type-post","status-publish","format-standard","has-post-thumbnail","hentry","category-acts","category-rock-ignition","tag-1759","tag-rock-ignition","tag-soest","tag-stadthalle"],"aioseo_notices":[],"jetpack_publicize_connections":[],"jetpack_featured_media_url":"http:\/\/www.rockpixx.com\/wordpress\/wp-content\/uploads\/2013\/02\/20120121-01-rock-ignition-Artikel.jpg","jetpack-related-posts":[{"id":1758,"url":"http:\/\/www.rockpixx.com\/wordpress\/barock-19-01-2008-soest-stadthalle\/","url_meta":{"origin":8390,"position":0},"title":"Barock, 19.01.2008, Soest, Stadthalle","author":"Anja","date":"19. Januar 2008","format":false,"excerpt":"Stadthalle Soest \u2013 ausverkauft, gut 1.500 begeisterte Zuschauer. Weniger begeistert sind die Musiker beim Soundcheck, ist doch der f\u00fcr den B\u00fchnensound zust\u00e4ndige Techniker absolut nicht in der Lage, einen vern\u00fcnftigen Monitoring-Sound hinzubekommen. Das f\u00fchrt zu sehr angespannten Mienen aller Beteiligten beim Soundcheck\u2026 Letztendlich klappt's doch irgendwie und die Show geht\u2026","rel":"","context":"In &quot;AC\/DC&quot;","block_context":{"text":"AC\/DC","link":"http:\/\/www.rockpixx.com\/wordpress\/category\/acts\/tributebands\/acdc\/"},"img":{"alt_text":"Barock, 19.01.2008, Soest, Stadthalle","src":"https:\/\/i0.wp.com\/www.rockpixx.com\/wordpress\/wp-content\/uploads\/2008\/01\/20080119-barock-Artikel.jpg?resize=350%2C200","width":350,"height":200,"srcset":"https:\/\/i0.wp.com\/www.rockpixx.com\/wordpress\/wp-content\/uploads\/2008\/01\/20080119-barock-Artikel.jpg?resize=350%2C200 1x, https:\/\/i0.wp.com\/www.rockpixx.com\/wordpress\/wp-content\/uploads\/2008\/01\/20080119-barock-Artikel.jpg?resize=525%2C300 1.5x, https:\/\/i0.wp.com\/www.rockpixx.com\/wordpress\/wp-content\/uploads\/2008\/01\/20080119-barock-Artikel.jpg?resize=700%2C400 2x"},"classes":[]},{"id":6099,"url":"http:\/\/www.rockpixx.com\/wordpress\/elektroboys-16-01-2010-soest-stadthalle\/","url_meta":{"origin":8390,"position":1},"title":"Elektroboys, 16.01.2010, Soest, Stadthalle","author":"Anja","date":"16. Januar 2010","format":false,"excerpt":"Auch am zweiten Abend spielten die \u201eElektroboys\u201c vor \u2192\u00a0\u201eBarock\u201c \u2013 dieses Mal in der schon traditionell ausverkauften Stadthalle von Soest. Und weil zum Gig vom Vortag schon alles das geschreiben worden ist, was auch hier stehen k\u00f6nnte, gibt's gleich nur die Bilder. Fotos: Alex | Text: Alex","rel":"","context":"In &quot;Acts&quot;","block_context":{"text":"Acts","link":"http:\/\/www.rockpixx.com\/wordpress\/category\/acts\/"},"img":{"alt_text":"Elektroboys, 16.01.2010, Soest, Stadthalle","src":"https:\/\/i0.wp.com\/www.rockpixx.com\/wordpress\/wp-content\/uploads\/2010\/01\/20100116-01-elektroboys-Artikel.jpg?resize=350%2C200","width":350,"height":200,"srcset":"https:\/\/i0.wp.com\/www.rockpixx.com\/wordpress\/wp-content\/uploads\/2010\/01\/20100116-01-elektroboys-Artikel.jpg?resize=350%2C200 1x, https:\/\/i0.wp.com\/www.rockpixx.com\/wordpress\/wp-content\/uploads\/2010\/01\/20100116-01-elektroboys-Artikel.jpg?resize=525%2C300 1.5x, https:\/\/i0.wp.com\/www.rockpixx.com\/wordpress\/wp-content\/uploads\/2010\/01\/20100116-01-elektroboys-Artikel.jpg?resize=700%2C400 2x"},"classes":[]},{"id":7551,"url":"http:\/\/www.rockpixx.com\/wordpress\/the-jones-15-01-2011-soest-stadthalle\/","url_meta":{"origin":8390,"position":2},"title":"The Jones, 15.01.2011, Soest, Stadthalle","author":"Anja","date":"15. Januar 2011","format":false,"excerpt":"Und dann sind wir wieder in Soest! Das ist \u2013 neben der MAXB\u00fchne in Kiel \u2013 mittlerweile unsere zweitliebste Location. Zum Einen sind hier die Fans in der schon seit Wochen ausverkauften Stadthalle wirklich au\u00dfergew\u00f6hnlich und zum Anderen f\u00fchlt man sich beim Team um Rainer Renneke fast wie zu Hause:\u2026","rel":"","context":"In &quot;Acts&quot;","block_context":{"text":"Acts","link":"http:\/\/www.rockpixx.com\/wordpress\/category\/acts\/"},"img":{"alt_text":"The Jones, 15.01.2011, Soest, Stadthalle","src":"https:\/\/i0.wp.com\/www.rockpixx.com\/wordpress\/wp-content\/uploads\/2013\/01\/20110115-01-the-jones-Artikel.jpg?resize=350%2C200","width":350,"height":200,"srcset":"https:\/\/i0.wp.com\/www.rockpixx.com\/wordpress\/wp-content\/uploads\/2013\/01\/20110115-01-the-jones-Artikel.jpg?resize=350%2C200 1x, https:\/\/i0.wp.com\/www.rockpixx.com\/wordpress\/wp-content\/uploads\/2013\/01\/20110115-01-the-jones-Artikel.jpg?resize=525%2C300 1.5x, https:\/\/i0.wp.com\/www.rockpixx.com\/wordpress\/wp-content\/uploads\/2013\/01\/20110115-01-the-jones-Artikel.jpg?resize=700%2C400 2x"},"classes":[]},{"id":9076,"url":"http:\/\/www.rockpixx.com\/wordpress\/elektroboys-soest-stadthalle-19-01-2013\/","url_meta":{"origin":8390,"position":3},"title":"Elektroboys, Soest, Stadthalle, 19.01.2013","author":"Anja","date":"19. Januar 2013","format":false,"excerpt":"Am Abend zuvor konnten wir ja schon in Beverungen an der \u201eWeltpremiere\u201c des zum Quartett mutierten Terzetts \u201eElektroboys\u201c teilhaben und waren angenehm \u00fcberrascht. Dieser gute Eindruck hat sich nun in Soest in der schon seit Monaten ausverkauften Stadthalle fortgesetzt, verfestigt und best\u00e4tigt. Die B\u00fchnenpr\u00e4senz der Elektroboys ist wesentlich dynamischer geworden\u2026","rel":"","context":"In &quot;Acts&quot;","block_context":{"text":"Acts","link":"http:\/\/www.rockpixx.com\/wordpress\/category\/acts\/"},"img":{"alt_text":"Elektroboys, Soest \u201eStadthalle\u201c, 19.01.2013","src":"https:\/\/i0.wp.com\/www.rockpixx.com\/wordpress\/wp-content\/uploads\/2013\/02\/20130119-01-elektroboys-Artikel.jpg?resize=350%2C200","width":350,"height":200,"srcset":"https:\/\/i0.wp.com\/www.rockpixx.com\/wordpress\/wp-content\/uploads\/2013\/02\/20130119-01-elektroboys-Artikel.jpg?resize=350%2C200 1x, https:\/\/i0.wp.com\/www.rockpixx.com\/wordpress\/wp-content\/uploads\/2013\/02\/20130119-01-elektroboys-Artikel.jpg?resize=525%2C300 1.5x, https:\/\/i0.wp.com\/www.rockpixx.com\/wordpress\/wp-content\/uploads\/2013\/02\/20130119-01-elektroboys-Artikel.jpg?resize=700%2C400 2x"},"classes":[]},{"id":9087,"url":"http:\/\/www.rockpixx.com\/wordpress\/barock-19-01-2013-soest-stadthalle\/","url_meta":{"origin":8390,"position":4},"title":"Barock, 19.01.2013, Soest, Stadthalle","author":"Anja","date":"19. Januar 2013","format":false,"excerpt":"Bevor wir nun also bei Barock aus dem Graben der proppenvollen und seit Monaten ausverkauften Soester Stadthalle erstmals die acht Kanonen in Aktion erleben konnten, war erst einmal Warten angesagt\u2026 Was war geschehen? Ein Stromausfall auf der B\u00fchne lie\u00df zuvor die Elektroboys still und im Halbdunkel stehen, so dass eine\u2026","rel":"","context":"In &quot;AC\/DC&quot;","block_context":{"text":"AC\/DC","link":"http:\/\/www.rockpixx.com\/wordpress\/category\/acts\/tributebands\/acdc\/"},"img":{"alt_text":"Barock, 19.01.2013, Soest, Stadthalle","src":"https:\/\/i0.wp.com\/www.rockpixx.com\/wordpress\/wp-content\/uploads\/2013\/02\/20130119-02-barock-Artikel.jpg?resize=350%2C200","width":350,"height":200,"srcset":"https:\/\/i0.wp.com\/www.rockpixx.com\/wordpress\/wp-content\/uploads\/2013\/02\/20130119-02-barock-Artikel.jpg?resize=350%2C200 1x, https:\/\/i0.wp.com\/www.rockpixx.com\/wordpress\/wp-content\/uploads\/2013\/02\/20130119-02-barock-Artikel.jpg?resize=525%2C300 1.5x, https:\/\/i0.wp.com\/www.rockpixx.com\/wordpress\/wp-content\/uploads\/2013\/02\/20130119-02-barock-Artikel.jpg?resize=700%2C400 2x"},"classes":[]},{"id":7556,"url":"http:\/\/www.rockpixx.com\/wordpress\/barock-15-01-2011-soest-stadthalle\/","url_meta":{"origin":8390,"position":5},"title":"Barock, 15.01.2011, Soest, Stadthalle","author":"Anja","date":"15. Januar 2011","format":false,"excerpt":"Ein Doppel-Jubil\u00e4um! Dieser Gig ist etwas ganz Besonderes: Es ist der 20. Gig mit \u201eBarock\u201c und es ist (lt. unserer offiziellen Z\u00e4hlung) der 250. Gig auf rockpixx.com. Lassen wir es also die Kanonen knallen und schauen den Jungs dabei zu, wie sie auf der B\u00fchne ein showtechnisches Feuerwerk abbrannten. Trotz\u2026","rel":"","context":"In &quot;AC\/DC&quot;","block_context":{"text":"AC\/DC","link":"http:\/\/www.rockpixx.com\/wordpress\/category\/acts\/tributebands\/acdc\/"},"img":{"alt_text":"Barock, 15.01.2011, Soest, Stadthalle","src":"https:\/\/i0.wp.com\/www.rockpixx.com\/wordpress\/wp-content\/uploads\/2013\/01\/20110115-02-barock-Artikel.jpg?resize=350%2C200","width":350,"height":200,"srcset":"https:\/\/i0.wp.com\/www.rockpixx.com\/wordpress\/wp-content\/uploads\/2013\/01\/20110115-02-barock-Artikel.jpg?resize=350%2C200 1x, https:\/\/i0.wp.com\/www.rockpixx.com\/wordpress\/wp-content\/uploads\/2013\/01\/20110115-02-barock-Artikel.jpg?resize=525%2C300 1.5x, https:\/\/i0.wp.com\/www.rockpixx.com\/wordpress\/wp-content\/uploads\/2013\/01\/20110115-02-barock-Artikel.jpg?resize=700%2C400 2x"},"classes":[]}],"jetpack_sharing_enabled":true,"publishpress_future_action":{"enabled":false,"date":"2026-05-09 08:59:37","action":"change-status","newStatus":"draft","terms":[],"taxonomy":"category","extraData":[]},"publishpress_future_workflow_manual_trigger":{"enabledWorkflows":[]},"_links":{"self":[{"href":"http:\/\/www.rockpixx.com\/wordpress\/wp-json\/wp\/v2\/posts\/8390","targetHints":{"allow":["GET"]}}],"collection":[{"href":"http:\/\/www.rockpixx.com\/wordpress\/wp-json\/wp\/v2\/posts"}],"about":[{"href":"http:\/\/www.rockpixx.com\/wordpress\/wp-json\/wp\/v2\/types\/post"}],"author":[{"embeddable":true,"href":"http:\/\/www.rockpixx.com\/wordpress\/wp-json\/wp\/v2\/users\/2"}],"replies":[{"embeddable":true,"href":"http:\/\/www.rockpixx.com\/wordpress\/wp-json\/wp\/v2\/comments?post=8390"}],"version-history":[{"count":0,"href":"http:\/\/www.rockpixx.com\/wordpress\/wp-json\/wp\/v2\/posts\/8390\/revisions"}],"wp:featuredmedia":[{"embeddable":true,"href":"http:\/\/www.rockpixx.com\/wordpress\/wp-json\/wp\/v2\/media\/8378"}],"wp:attachment":[{"href":"http:\/\/www.rockpixx.com\/wordpress\/wp-json\/wp\/v2\/media?parent=8390"}],"wp:term":[{"taxonomy":"category","embeddable":true,"href":"http:\/\/www.rockpixx.com\/wordpress\/wp-json\/wp\/v2\/categories?post=8390"},{"taxonomy":"post_tag","embeddable":true,"href":"http:\/\/www.rockpixx.com\/wordpress\/wp-json\/wp\/v2\/tags?post=8390"}],"curies":[{"name":"wp","href":"https:\/\/api.w.org\/{rel}","templated":true}]}}