{"id":8409,"date":"2012-06-15T03:00:26","date_gmt":"2012-06-15T01:00:26","guid":{"rendered":"http:\/\/rockpixx.com\/wordpress\/?p=8409"},"modified":"2013-04-06T21:22:32","modified_gmt":"2013-04-06T20:22:32","slug":"santiano-15-06-2012-kiel-horn-buhne","status":"publish","type":"post","link":"http:\/\/www.rockpixx.com\/wordpress\/santiano-15-06-2012-kiel-horn-buhne\/","title":{"rendered":"Santiano, 15.06.2012, Kiel, h\u00f6rn b\u00fchne"},"content":{"rendered":"<p>Kieler Woche 2012 &#8211; Soundcheck-Tag<\/p>\n<p>Ich starte ihn an der h\u00f6rn b\u00fchne, die dieses Jahr mit einen komplett neuen Veranstalter ein neues Konzept hat.<\/p>\n<p>Auf der B\u00fchne stehen heute Santiano &#8211; eine &#8222;einheimische&#8220; Band, die es vorz\u00fcglich versteht, dem Shanty das angestaubte Image runterzureisen. <!--more-->Frisch und recht rockig werden von den Musikern &#8222;Seemannslieder&#8220; zum Besten gegeben. Seit einiger Zeit haben sich die Musiker auch weibliche Verst\u00e4rkung mit Leandra Ophelia Dax, die ich bereits in \u2192\u00a0<a title=\"JUST PiNK, 09.07.2011, Tuttlingen, Burgruine Honberg\" href=\"http:\/\/rockpixx.com\/wordpress\/?p=8074\" target=\"_blank\">Tuttlingen<\/a>\u00a0vor der Kamera hatte, an Bord geholt. Schade eigentlich nur, dass durch die H\u00f6he der B\u00fchne die Sicht auf die Musiker eingeschr\u00e4nkt war.<\/p>\n<p style=\"text-align: right;\">Fotos:\u00a0<a href=\"mailto:a.roselt@rockpixx.com?subject=Fotos%20von%20Santiano,%20Kiel%20%E2%80%9Eh%C3%B6rn%20B%C3%BChne%E2%80%9C,%2015.06.2012\">Anja<\/a>\u00a0| Text:\u00a0<a href=\"mailto:a.roselt@rockpixx.com?subject=Reviewtext%20von%20Santiano,%20Kiel%20%E2%80%9Eh%C3%B6rn%20B%C3%BChne%E2%80%9C,%2015.06.2012\">Anja<\/a><\/p>\n<p>&nbsp;<\/p>\n<p>[slideshow id=125]<\/p>\n","protected":false},"excerpt":{"rendered":"<p>Kieler Woche 2012 &#8211; Soundcheck-Tag Ich starte ihn an der h\u00f6rn b\u00fchne, die dieses Jahr <a href=\"http:\/\/www.rockpixx.com\/wordpress\/santiano-15-06-2012-kiel-horn-buhne\/\">Read more<\/a><\/p>\n","protected":false},"author":2,"featured_media":8382,"comment_status":"open","ping_status":"open","sticky":false,"template":"","format":"standard","meta":{"_jetpack_memberships_contains_paid_content":false,"footnotes":"","jetpack_publicize_message":"","jetpack_publicize_feature_enabled":true,"jetpack_social_post_already_shared":false,"jetpack_social_options":{"image_generator_settings":{"template":"highway","default_image_id":0,"font":"","enabled":false},"version":2}},"categories":[34,621],"tags":[1759,133,1645,1735,138,1983],"class_list":["post-8409","post","type-post","status-publish","format-standard","has-post-thumbnail","hentry","category-acts","category-santiano","tag-1759","tag-festivals","tag-horn-buhne","tag-kiel","tag-kieler-woche","tag-santiano"],"aioseo_notices":[],"jetpack_publicize_connections":[],"jetpack_featured_media_url":"http:\/\/www.rockpixx.com\/wordpress\/wp-content\/uploads\/2013\/02\/20120615-03-santiano-Artikel.jpg","jetpack-related-posts":[{"id":8911,"url":"http:\/\/www.rockpixx.com\/wordpress\/santiano-02-08-2012-wacken-woa-2012\/","url_meta":{"origin":8409,"position":0},"title":"Santiano, 02.08.2012, Wacken, W:O:A 2012","author":"Anja","date":"2. August 2012","format":false,"excerpt":"Und dann beim Schlendern \u00fcber das Gel\u00e4nde entdecke ich \u201eSantiano\u201c, die wir ja auch \u2192\u00a0im Juni schon zur Kieler Woche\u00a0auf unserer Liste stehen hatten. Optisch nicht gerade spektakul\u00e4r (Aber welche Band ist das in der prallen Mittagssonne auf einer kleinen B\u00fchne schon?), aber akustisch richtig nett: \u201eAlle die mit uns\u2026","rel":"","context":"In &quot;Acts&quot;","block_context":{"text":"Acts","link":"http:\/\/www.rockpixx.com\/wordpress\/category\/acts\/"},"img":{"alt_text":"Santiano, 02.08.2012, Wacken, W:O:A 2012","src":"https:\/\/i0.wp.com\/www.rockpixx.com\/wordpress\/wp-content\/uploads\/2013\/02\/20120802-02-santiano-Artikel.jpg?resize=350%2C200","width":350,"height":200,"srcset":"https:\/\/i0.wp.com\/www.rockpixx.com\/wordpress\/wp-content\/uploads\/2013\/02\/20120802-02-santiano-Artikel.jpg?resize=350%2C200 1x, https:\/\/i0.wp.com\/www.rockpixx.com\/wordpress\/wp-content\/uploads\/2013\/02\/20120802-02-santiano-Artikel.jpg?resize=525%2C300 1.5x, https:\/\/i0.wp.com\/www.rockpixx.com\/wordpress\/wp-content\/uploads\/2013\/02\/20120802-02-santiano-Artikel.jpg?resize=700%2C400 2x"},"classes":[]},{"id":18243,"url":"http:\/\/www.rockpixx.com\/wordpress\/guildo-horn-20-06-2015-kieler-woche-hoern-buehne-kiel\/","url_meta":{"origin":8409,"position":1},"title":"Guildo Horn, 20.06.2015, Kieler Woche, H\u00f6rn-B\u00fchne, Kiel","author":"Anja","date":"21. Juni 2015","format":false,"excerpt":"Nach vier Jahren durfte ich Guildo Horn \u2192 zum 2. Mal auf der Kieler Woche erleben. Das Intro mit Klassischer Musik und einer Stimme aus dem Off, die die Nussecke im Stil \u201e\u2026 und der Herr sprach es werde Licht \u2026\u201c anpries, brachte mich zum schmunzeln. Den \u201eEinmarsch\u201c der Musiker\u2026","rel":"","context":"In &quot;Acts&quot;","block_context":{"text":"Acts","link":"http:\/\/www.rockpixx.com\/wordpress\/category\/acts\/"},"img":{"alt_text":"Guildo Horn &amp; Die orthop\u00e4dischen Str\u00fcmpfe, 20.06.2015, H\u00f6rn-B\u00fchne, Kiel","src":"https:\/\/i0.wp.com\/www.rockpixx.com\/wordpress\/wp-content\/uploads\/2015\/06\/20150620-02-067_guildo-horn_Artikel.jpg?resize=350%2C200","width":350,"height":200,"srcset":"https:\/\/i0.wp.com\/www.rockpixx.com\/wordpress\/wp-content\/uploads\/2015\/06\/20150620-02-067_guildo-horn_Artikel.jpg?resize=350%2C200 1x, https:\/\/i0.wp.com\/www.rockpixx.com\/wordpress\/wp-content\/uploads\/2015\/06\/20150620-02-067_guildo-horn_Artikel.jpg?resize=525%2C300 1.5x, https:\/\/i0.wp.com\/www.rockpixx.com\/wordpress\/wp-content\/uploads\/2015\/06\/20150620-02-067_guildo-horn_Artikel.jpg?resize=700%2C400 2x"},"classes":[]},{"id":20363,"url":"http:\/\/www.rockpixx.com\/wordpress\/royal-republic-23-06-2016-kieler-woche-hoern-buehne-kiel\/","url_meta":{"origin":8409,"position":2},"title":"Royal Republic, 23.06.2016, Kieler Woche, H\u00f6rn-B\u00fchne, Kiel","author":"A. Hahl","date":"24. Juni 2016","format":false,"excerpt":"\u201eSchweden rockt!\u201c habe ich ja schon in diversen anderen Reviews festgestellt und diese Festellung gilt nat\u00fcrlich auch hier und heute erneut f\u00fcr die vier Musiker von \u201eRoyal Republic\u201c. 2013 sah ich sie zuletzt auf dem \u201eDeichbrand-Festival\u201c und nun stehen sie erneut vor mir: Die Garderobe etwas edler, das B\u00fchnenbild etwas\u2026","rel":"","context":"In &quot;Acts&quot;","block_context":{"text":"Acts","link":"http:\/\/www.rockpixx.com\/wordpress\/category\/acts\/"},"img":{"alt_text":"Royal Republic, 23.06.2016, Kiel, Kieler Woche, H\u00f6rn-B\u00fchne","src":"https:\/\/i0.wp.com\/www.rockpixx.com\/wordpress\/wp-content\/uploads\/2016\/06\/20160623-04-157.jpg?resize=350%2C200","width":350,"height":200,"srcset":"https:\/\/i0.wp.com\/www.rockpixx.com\/wordpress\/wp-content\/uploads\/2016\/06\/20160623-04-157.jpg?resize=350%2C200 1x, https:\/\/i0.wp.com\/www.rockpixx.com\/wordpress\/wp-content\/uploads\/2016\/06\/20160623-04-157.jpg?resize=525%2C300 1.5x, https:\/\/i0.wp.com\/www.rockpixx.com\/wordpress\/wp-content\/uploads\/2016\/06\/20160623-04-157.jpg?resize=700%2C400 2x"},"classes":[]},{"id":18333,"url":"http:\/\/www.rockpixx.com\/wordpress\/nessi-22-06-2015-kieler-woche-hoern-buehne-kiel\/","url_meta":{"origin":8409,"position":3},"title":"Nessi, 22.06.2015, Kieler Woche, H\u00f6rn-B\u00fchne, Kiel","author":"Anja","date":"23. Juni 2015","format":false,"excerpt":"Angek\u00fcndigt als \u201eElektropop\u201c auf der H\u00f6rn-B\u00fchne \u2013 heute im Programm von \u201edelta radio\u201c erwartet mich\u2026 \u2026 ein leerer Platz vor der B\u00fchne. Inklusive Security und Fotograf sind ganze 22 Menschen auf dem weiten Areal anwesend \u2013 und das 15 Minuten vor Konzertbeginn. Sollte ich mich in meiner Liste f\u00fcr den\u2026","rel":"","context":"In &quot;Acts&quot;","block_context":{"text":"Acts","link":"http:\/\/www.rockpixx.com\/wordpress\/category\/acts\/"},"img":{"alt_text":"Nessi, 22.06.2015, H\u00f6rn-B\u00fchne, Kiel","src":"https:\/\/i0.wp.com\/www.rockpixx.com\/wordpress\/wp-content\/uploads\/2015\/06\/20150622-02-004_nessi_Artikel.jpg?resize=350%2C200","width":350,"height":200,"srcset":"https:\/\/i0.wp.com\/www.rockpixx.com\/wordpress\/wp-content\/uploads\/2015\/06\/20150622-02-004_nessi_Artikel.jpg?resize=350%2C200 1x, https:\/\/i0.wp.com\/www.rockpixx.com\/wordpress\/wp-content\/uploads\/2015\/06\/20150622-02-004_nessi_Artikel.jpg?resize=525%2C300 1.5x, https:\/\/i0.wp.com\/www.rockpixx.com\/wordpress\/wp-content\/uploads\/2015\/06\/20150622-02-004_nessi_Artikel.jpg?resize=700%2C400 2x"},"classes":[]},{"id":8468,"url":"http:\/\/www.rockpixx.com\/wordpress\/5-kleine-jagermeister-16-06-2012-kiel-horn-buhne\/","url_meta":{"origin":8409,"position":4},"title":"5 kleine J\u00e4germeister, 16.06.2012, Kiel, h\u00f6rn b\u00fchne","author":"Anja","date":"16. Juni 2012","format":false,"excerpt":"An dieser Stelle h\u00e4tte ich Euch gerne mehr Bilder von den 5 kleinen J\u00e4germeistern \u2013 einer Toten Hosen Coverband \u2013 gezeigt, aber Petrus der Wettergott und der Gott der Lichtmenschen hatten heute kein Einsehen mit mir. Der eine sorgte f\u00fcr so viel Regen, dass ein vern\u00fcnftiges Fotografieren im Graben nicht\u2026","rel":"","context":"In &quot;5 kleine J\u00e4germeister&quot;","block_context":{"text":"5 kleine J\u00e4germeister","link":"http:\/\/www.rockpixx.com\/wordpress\/category\/acts\/tributebands\/die-toten-hosen\/5-kleine-jagermeister\/"},"img":{"alt_text":"5 kleine J\u00e4germeister, 16.06.2012, Kiel, h\u00f6rn b\u00fchne","src":"https:\/\/i0.wp.com\/www.rockpixx.com\/wordpress\/wp-content\/uploads\/2013\/02\/20120616-03-5-kleine-jaegermeister-Artikel.jpg?resize=350%2C200","width":350,"height":200,"srcset":"https:\/\/i0.wp.com\/www.rockpixx.com\/wordpress\/wp-content\/uploads\/2013\/02\/20120616-03-5-kleine-jaegermeister-Artikel.jpg?resize=350%2C200 1x, https:\/\/i0.wp.com\/www.rockpixx.com\/wordpress\/wp-content\/uploads\/2013\/02\/20120616-03-5-kleine-jaegermeister-Artikel.jpg?resize=525%2C300 1.5x, https:\/\/i0.wp.com\/www.rockpixx.com\/wordpress\/wp-content\/uploads\/2013\/02\/20120616-03-5-kleine-jaegermeister-Artikel.jpg?resize=700%2C400 2x"},"classes":[]},{"id":18642,"url":"http:\/\/www.rockpixx.com\/wordpress\/merqury-24-06-2015-kieler-woche-hoern-buehne-kiel\/","url_meta":{"origin":8409,"position":5},"title":"MerQury, 24.06.2015, Kieler Woche, H\u00f6rn-B\u00fchne, Kiel","author":"Anja","date":"25. Juni 2015","format":false,"excerpt":"Kieler Woche und \u201eMerQury\u201c die Zweite \u2013 nach dem Auftritt am \u2192 Montag auf der NetUSE-B\u00fchne erleben wir heute die Musiker auf der H\u00f6rn-B\u00fchne vor einem gro\u00dfen und begeisterten Publikum. W\u00e4hrend wir Backstage warteten, weil Anastacia noch auf der B\u00fchne war, versprach ich Johnny, Falk, Volker und Norbert diesmal das\u2026","rel":"","context":"In &quot;Acts&quot;","block_context":{"text":"Acts","link":"http:\/\/www.rockpixx.com\/wordpress\/category\/acts\/"},"img":{"alt_text":"MerQury, H\u00f6rn-B\u00fchne, Kiel, 24.06.2015","src":"https:\/\/i0.wp.com\/www.rockpixx.com\/wordpress\/wp-content\/uploads\/2015\/06\/20150624-02-415_merqury_Artikel.jpg?resize=350%2C200","width":350,"height":200,"srcset":"https:\/\/i0.wp.com\/www.rockpixx.com\/wordpress\/wp-content\/uploads\/2015\/06\/20150624-02-415_merqury_Artikel.jpg?resize=350%2C200 1x, https:\/\/i0.wp.com\/www.rockpixx.com\/wordpress\/wp-content\/uploads\/2015\/06\/20150624-02-415_merqury_Artikel.jpg?resize=525%2C300 1.5x, https:\/\/i0.wp.com\/www.rockpixx.com\/wordpress\/wp-content\/uploads\/2015\/06\/20150624-02-415_merqury_Artikel.jpg?resize=700%2C400 2x"},"classes":[]}],"jetpack_sharing_enabled":true,"publishpress_future_action":{"enabled":false,"date":"2026-05-06 16:28:49","action":"change-status","newStatus":"draft","terms":[],"taxonomy":"category","extraData":[]},"publishpress_future_workflow_manual_trigger":{"enabledWorkflows":[]},"_links":{"self":[{"href":"http:\/\/www.rockpixx.com\/wordpress\/wp-json\/wp\/v2\/posts\/8409","targetHints":{"allow":["GET"]}}],"collection":[{"href":"http:\/\/www.rockpixx.com\/wordpress\/wp-json\/wp\/v2\/posts"}],"about":[{"href":"http:\/\/www.rockpixx.com\/wordpress\/wp-json\/wp\/v2\/types\/post"}],"author":[{"embeddable":true,"href":"http:\/\/www.rockpixx.com\/wordpress\/wp-json\/wp\/v2\/users\/2"}],"replies":[{"embeddable":true,"href":"http:\/\/www.rockpixx.com\/wordpress\/wp-json\/wp\/v2\/comments?post=8409"}],"version-history":[{"count":0,"href":"http:\/\/www.rockpixx.com\/wordpress\/wp-json\/wp\/v2\/posts\/8409\/revisions"}],"wp:featuredmedia":[{"embeddable":true,"href":"http:\/\/www.rockpixx.com\/wordpress\/wp-json\/wp\/v2\/media\/8382"}],"wp:attachment":[{"href":"http:\/\/www.rockpixx.com\/wordpress\/wp-json\/wp\/v2\/media?parent=8409"}],"wp:term":[{"taxonomy":"category","embeddable":true,"href":"http:\/\/www.rockpixx.com\/wordpress\/wp-json\/wp\/v2\/categories?post=8409"},{"taxonomy":"post_tag","embeddable":true,"href":"http:\/\/www.rockpixx.com\/wordpress\/wp-json\/wp\/v2\/tags?post=8409"}],"curies":[{"name":"wp","href":"https:\/\/api.w.org\/{rel}","templated":true}]}}