{"id":8414,"date":"2012-06-15T04:00:27","date_gmt":"2012-06-15T02:00:27","guid":{"rendered":"http:\/\/rockpixx.com\/wordpress\/?p=8414"},"modified":"2013-02-06T20:32:30","modified_gmt":"2013-02-06T18:32:30","slug":"marquess-15-06-2012-kiel-rathausbuhne","status":"publish","type":"post","link":"http:\/\/www.rockpixx.com\/wordpress\/marquess-15-06-2012-kiel-rathausbuhne\/","title":{"rendered":"Marquess, 15.06.2012, Kiel, Rathausb\u00fchne"},"content":{"rendered":"<p>Das typische Kieler Woche Wetter \u2013 Wasser von oben, von der Seite usw. \u2013 bescherte mir einen freien Weg von der h\u00f6rn b\u00fchne zur Rathausb\u00fchne und so schaffte ich den Weg in gut 20 min.<\/p>\n<p>An der Rathausb\u00fchne erwartete mich Marquess eine deutsche Band, die durch Lieder wie <em>\u201eEl Temperamento\u201c<\/em> und <em>\u201eVayamos Compa\u00f1eros\u201c<\/em>\u00a0 bereits seit Jahren \u00fcber die deutschen Grenzen hinaus bekannt ist. <!--more-->\u2192\u00a0<a title=\"Marquess, 24.06.2008, Kiel, NDR-B\u00fchne\" href=\"http:\/\/rockpixx.com\/wordpress\/?p=2546\">2008<\/a>\u00a0hatten wir sie schon einmal auf der Kieler Woche fotografiert.<\/p>\n<p>Wer sie als deutsche Antwort auf die Gipsy Kings bezeichnet, tut den Musikern um Sascha Pierro, Christian Felps und Dominik Decker Unrecht. Mit einer unvergleichlichen Leichtigkeit zauberten sie lateinamerikanisches Feeling \u2013 Sonne, Sommer, Meer und viel gute Laune auf die Rathausb\u00fchne und unter das zahlreiche Publikum.<\/p>\n<p>Marquess ist einfach Marquess \u2013 einzigartig gut.<\/p>\n<p style=\"text-align: right;\">Fotos:\u00a0<a href=\"mailto:a.roselt@rockpixx.com?subject=Fotos%20von%20Marquess,%20Kiel%20%E2%80%9ERathausb%C3%BChne%E2%80%9C,%2015.06.2012\">Anja<\/a>\u00a0| Text:\u00a0<a href=\"mailto:a.roselt@rockpixx.com?subject=Reviewtext%20von%20Marquess,%20Kiel%20%E2%80%9ERathausb%C3%BChne%E2%80%9C,%2015.06.2012\">Anja<\/a><\/p>\n<p>&nbsp;<\/p>\n<p>[slideshow id=126]<\/p>\n","protected":false},"excerpt":{"rendered":"<p>Das typische Kieler Woche Wetter \u2013 Wasser von oben, von der Seite usw. \u2013 bescherte <a href=\"http:\/\/www.rockpixx.com\/wordpress\/marquess-15-06-2012-kiel-rathausbuhne\/\">Read more<\/a><\/p>\n","protected":false},"author":2,"featured_media":8383,"comment_status":"open","ping_status":"open","sticky":false,"template":"","format":"standard","meta":{"_jetpack_memberships_contains_paid_content":false,"footnotes":"","jetpack_publicize_message":"","jetpack_publicize_feature_enabled":true,"jetpack_social_post_already_shared":false,"jetpack_social_options":{"image_generator_settings":{"template":"highway","default_image_id":0,"font":"","enabled":false},"version":2}},"categories":[34,384],"tags":[1759,133,1735,138,1779,2057],"class_list":["post-8414","post","type-post","status-publish","format-standard","has-post-thumbnail","hentry","category-acts","category-marquess","tag-1759","tag-festivals","tag-kiel","tag-kieler-woche","tag-marquess","tag-rathausbuhne"],"aioseo_notices":[],"jetpack_publicize_connections":[],"jetpack_featured_media_url":"http:\/\/www.rockpixx.com\/wordpress\/wp-content\/uploads\/2013\/02\/20120615-04-marquess-Artikel.jpg","jetpack-related-posts":[{"id":6421,"url":"http:\/\/www.rockpixx.com\/wordpress\/guildo-horn-19-06-2010-kiel-rathausbuhne\/","url_meta":{"origin":8414,"position":0},"title":"Guildo Horn, 19.06.2010, Kiel, Rathausb\u00fchne","author":"Anja","date":"19. Juni 2010","format":false,"excerpt":"Die offizielle Er\u00f6ffnung der Kieler Woche mit dem Glasen und dem \u201eLeinen los\u2013 Signal\u201c erfolgte Samstag auf der Rathausb\u00fchne. Die Menge vor der B\u00fchne stand dicht gedr\u00e4ngt und war voller Erwartung\u2026 weniger auf die Politprominenz, die den offiziellen Startschuss gab, sondern auf Guildo Horn und seine Orthop\u00e4dischen Str\u00fcmpfe. Nein\u2026 die\u2026","rel":"","context":"In &quot;Acts&quot;","block_context":{"text":"Acts","link":"http:\/\/www.rockpixx.com\/wordpress\/category\/acts\/"},"img":{"alt_text":"Guildo Horn, 19.06.2010, Kiel, Rathausb\u00fchne","src":"https:\/\/i0.wp.com\/www.rockpixx.com\/wordpress\/wp-content\/uploads\/2013\/01\/20100619-02-guildo-horn-Artikel.jpg?resize=350%2C200","width":350,"height":200,"srcset":"https:\/\/i0.wp.com\/www.rockpixx.com\/wordpress\/wp-content\/uploads\/2013\/01\/20100619-02-guildo-horn-Artikel.jpg?resize=350%2C200 1x, https:\/\/i0.wp.com\/www.rockpixx.com\/wordpress\/wp-content\/uploads\/2013\/01\/20100619-02-guildo-horn-Artikel.jpg?resize=525%2C300 1.5x, https:\/\/i0.wp.com\/www.rockpixx.com\/wordpress\/wp-content\/uploads\/2013\/01\/20100619-02-guildo-horn-Artikel.jpg?resize=700%2C400 2x"},"classes":[]},{"id":8519,"url":"http:\/\/www.rockpixx.com\/wordpress\/u2-the-tribute-18-06-2012-kiel-rathausbuhne\/","url_meta":{"origin":8414,"position":1},"title":"U2: The Tribute, 18.06.2012, Kiel, Rathausb\u00fchne","author":"Anja","date":"18. Juni 2012","format":false,"excerpt":"U2-The Tribute... da ich die Musik von U2 mag, sagte ich mir nix wie hin an die Rathausb\u00fchne - zum zweiten Mal an diesem Abend. Als die Band auf die B\u00fchne kam, dachte ich mir, die Jungs kennst du doch und nach einem Blick auf die Bassdrum war mir klar,\u2026","rel":"","context":"In &quot;Acts&quot;","block_context":{"text":"Acts","link":"http:\/\/www.rockpixx.com\/wordpress\/category\/acts\/"},"img":{"alt_text":"U2: The Tribute, 18.06.2012, Kiel, Rathausb\u00fchne","src":"https:\/\/i0.wp.com\/www.rockpixx.com\/wordpress\/wp-content\/uploads\/2013\/02\/20120618-06-u2-the-tribute-Artikel.jpg?resize=350%2C200","width":350,"height":200,"srcset":"https:\/\/i0.wp.com\/www.rockpixx.com\/wordpress\/wp-content\/uploads\/2013\/02\/20120618-06-u2-the-tribute-Artikel.jpg?resize=350%2C200 1x, https:\/\/i0.wp.com\/www.rockpixx.com\/wordpress\/wp-content\/uploads\/2013\/02\/20120618-06-u2-the-tribute-Artikel.jpg?resize=525%2C300 1.5x, https:\/\/i0.wp.com\/www.rockpixx.com\/wordpress\/wp-content\/uploads\/2013\/02\/20120618-06-u2-the-tribute-Artikel.jpg?resize=700%2C400 2x"},"classes":[]},{"id":2546,"url":"http:\/\/www.rockpixx.com\/wordpress\/marquess-24-06-2008-kiel-ndr-buhne\/","url_meta":{"origin":8414,"position":2},"title":"Marquess, 24.06.2008, Kiel, NDR-B\u00fchne","author":"Anja","date":"24. Juni 2008","format":false,"excerpt":"Kurz nach \u2192\u00a0Stefanie Heinzmann kommen die smarten Jungs von \u201eMarquess\u201c auf die B\u00fchne \u2013 die Menge der hyperventilierenden Mittelstufenhupen ist noch einmal gewachsen, offiziell spricht der NDR von 18.000 Zuschauern.\u00a0 Die versammelten M\u00e4dchenschw\u00e4rme aus Hannover sind Profis genug, um gekonnt ihr Programm mit entsprechend \u201espanischem Temperament\u201c darzubieten. Ich h\u00e4tte mir\u2026","rel":"","context":"In &quot;Acts&quot;","block_context":{"text":"Acts","link":"http:\/\/www.rockpixx.com\/wordpress\/category\/acts\/"},"img":{"alt_text":"Marquess, 24.06.2008, Kiel, NDR-B\u00fchne","src":"https:\/\/i0.wp.com\/www.rockpixx.com\/wordpress\/wp-content\/uploads\/2008\/06\/20080624-02-marquess-Artikel.jpg?resize=350%2C200","width":350,"height":200,"srcset":"https:\/\/i0.wp.com\/www.rockpixx.com\/wordpress\/wp-content\/uploads\/2008\/06\/20080624-02-marquess-Artikel.jpg?resize=350%2C200 1x, https:\/\/i0.wp.com\/www.rockpixx.com\/wordpress\/wp-content\/uploads\/2008\/06\/20080624-02-marquess-Artikel.jpg?resize=525%2C300 1.5x, https:\/\/i0.wp.com\/www.rockpixx.com\/wordpress\/wp-content\/uploads\/2008\/06\/20080624-02-marquess-Artikel.jpg?resize=700%2C400 2x"},"classes":[]},{"id":14699,"url":"http:\/\/www.rockpixx.com\/wordpress\/marquess-23-06-2014-kiel-ndr-buehne\/","url_meta":{"origin":8414,"position":3},"title":"Marquess, 23.06.2014, Kiel, NDR-B\u00fchne","author":"Anja","date":"24. Juni 2014","format":false,"excerpt":"Was mir auff\u00e4llt, ist zum einen das riesige Dach \u00fcber dem B\u00fchnenvorplatz, welches mich an den Deckel einer Suppensch\u00fcssel erinnert \u2013 meine Oma hat noch so ein Teil im Schrank stehen. Das zweite ist \u2013 die B\u00fchne ist h\u00f6her und schmaler als in den vergangenen Jahren und es fehlt ein\u2026","rel":"","context":"In &quot;Acts&quot;","block_context":{"text":"Acts","link":"http:\/\/www.rockpixx.com\/wordpress\/category\/acts\/"},"img":{"alt_text":"Marquess, 23.06.2014, Kiel, NDR-B\u00fchne","src":"https:\/\/i0.wp.com\/www.rockpixx.com\/wordpress\/wp-content\/uploads\/2014\/06\/20140623-03-030_marquess_Artikel.jpg?resize=350%2C200","width":350,"height":200,"srcset":"https:\/\/i0.wp.com\/www.rockpixx.com\/wordpress\/wp-content\/uploads\/2014\/06\/20140623-03-030_marquess_Artikel.jpg?resize=350%2C200 1x, https:\/\/i0.wp.com\/www.rockpixx.com\/wordpress\/wp-content\/uploads\/2014\/06\/20140623-03-030_marquess_Artikel.jpg?resize=525%2C300 1.5x, https:\/\/i0.wp.com\/www.rockpixx.com\/wordpress\/wp-content\/uploads\/2014\/06\/20140623-03-030_marquess_Artikel.jpg?resize=700%2C400 2x"},"classes":[]},{"id":8581,"url":"http:\/\/www.rockpixx.com\/wordpress\/bosstime-20-06-2012-kiel-rathausbuhne\/","url_meta":{"origin":8414,"position":4},"title":"Bosstime, 20.06.2012, Kiel, Rathausb\u00fchne","author":"Anja","date":"20. Juni 2012","format":false,"excerpt":"Der R\u00fcckweg zu unserem \u201eWohnzimmer\u201c auf der Kieler Woche \u2013 der \u2192\u00a0MAXB\u00fchne \u2013 f\u00fchrte mich noch an der Rathausb\u00fchne vorbei, wo zu dieser Zeit \u201eBosstime\u201c spielte. Der Name sagt eigentlich schon, wem hier Tribut gezollt wird, denn es gibt nur einen der sich \u201eThe Boss\u201c nennen darf \u2013 Bruce Springsteen.\u2026","rel":"","context":"In &quot;Acts&quot;","block_context":{"text":"Acts","link":"http:\/\/www.rockpixx.com\/wordpress\/category\/acts\/"},"img":{"alt_text":"Bosstime, 20.06.2012, Kiel, Rathausb\u00fchne","src":"https:\/\/i0.wp.com\/www.rockpixx.com\/wordpress\/wp-content\/uploads\/2013\/02\/20120620-04-bosstime-Artikel.jpg?resize=350%2C200","width":350,"height":200,"srcset":"https:\/\/i0.wp.com\/www.rockpixx.com\/wordpress\/wp-content\/uploads\/2013\/02\/20120620-04-bosstime-Artikel.jpg?resize=350%2C200 1x, https:\/\/i0.wp.com\/www.rockpixx.com\/wordpress\/wp-content\/uploads\/2013\/02\/20120620-04-bosstime-Artikel.jpg?resize=525%2C300 1.5x, https:\/\/i0.wp.com\/www.rockpixx.com\/wordpress\/wp-content\/uploads\/2013\/02\/20120620-04-bosstime-Artikel.jpg?resize=700%2C400 2x"},"classes":[]},{"id":8439,"url":"http:\/\/www.rockpixx.com\/wordpress\/phil-16-06-2012-kiel-rathausbuhne\/","url_meta":{"origin":8414,"position":5},"title":"Phil, 16.06.2012, Kiel, Rathausb\u00fchne","author":"Anja","date":"16. Juni 2012","format":false,"excerpt":"Wieder Kieler Rathausplatz, wieder Regen und mit \u201ePhil\u201c unsere \u2192\u00a0mittlerweile vierte Genesis-\/Phil Collins-Tributeband, die da nun gegen die Wassermassen von oben munter gegenanspielt. Der Sound h\u00f6rt sich sehr Phil Collins-m\u00e4\u00dfig an, und kommt richtig gut und fett r\u00fcber. Ok, vielleicht k\u00f6nnten die Drums noch ein wenig mehr vom ber\u00fchmt-ber\u00fcchtigten \u201ecompressed\u2026","rel":"","context":"In &quot;Acts&quot;","block_context":{"text":"Acts","link":"http:\/\/www.rockpixx.com\/wordpress\/category\/acts\/"},"img":{"alt_text":"Phil, 16.06.2012, Kiel, Rathausb\u00fchne","src":"https:\/\/i0.wp.com\/www.rockpixx.com\/wordpress\/wp-content\/uploads\/2013\/02\/20120616-02-phil-Artikel.jpg?resize=350%2C200","width":350,"height":200,"srcset":"https:\/\/i0.wp.com\/www.rockpixx.com\/wordpress\/wp-content\/uploads\/2013\/02\/20120616-02-phil-Artikel.jpg?resize=350%2C200 1x, https:\/\/i0.wp.com\/www.rockpixx.com\/wordpress\/wp-content\/uploads\/2013\/02\/20120616-02-phil-Artikel.jpg?resize=525%2C300 1.5x, https:\/\/i0.wp.com\/www.rockpixx.com\/wordpress\/wp-content\/uploads\/2013\/02\/20120616-02-phil-Artikel.jpg?resize=700%2C400 2x"},"classes":[]}],"jetpack_sharing_enabled":true,"publishpress_future_action":{"enabled":false,"date":"2026-05-06 17:47:09","action":"change-status","newStatus":"draft","terms":[],"taxonomy":"category","extraData":[]},"publishpress_future_workflow_manual_trigger":{"enabledWorkflows":[]},"_links":{"self":[{"href":"http:\/\/www.rockpixx.com\/wordpress\/wp-json\/wp\/v2\/posts\/8414","targetHints":{"allow":["GET"]}}],"collection":[{"href":"http:\/\/www.rockpixx.com\/wordpress\/wp-json\/wp\/v2\/posts"}],"about":[{"href":"http:\/\/www.rockpixx.com\/wordpress\/wp-json\/wp\/v2\/types\/post"}],"author":[{"embeddable":true,"href":"http:\/\/www.rockpixx.com\/wordpress\/wp-json\/wp\/v2\/users\/2"}],"replies":[{"embeddable":true,"href":"http:\/\/www.rockpixx.com\/wordpress\/wp-json\/wp\/v2\/comments?post=8414"}],"version-history":[{"count":0,"href":"http:\/\/www.rockpixx.com\/wordpress\/wp-json\/wp\/v2\/posts\/8414\/revisions"}],"wp:featuredmedia":[{"embeddable":true,"href":"http:\/\/www.rockpixx.com\/wordpress\/wp-json\/wp\/v2\/media\/8383"}],"wp:attachment":[{"href":"http:\/\/www.rockpixx.com\/wordpress\/wp-json\/wp\/v2\/media?parent=8414"}],"wp:term":[{"taxonomy":"category","embeddable":true,"href":"http:\/\/www.rockpixx.com\/wordpress\/wp-json\/wp\/v2\/categories?post=8414"},{"taxonomy":"post_tag","embeddable":true,"href":"http:\/\/www.rockpixx.com\/wordpress\/wp-json\/wp\/v2\/tags?post=8414"}],"curies":[{"name":"wp","href":"https:\/\/api.w.org\/{rel}","templated":true}]}}