{"id":8439,"date":"2012-06-16T02:00:21","date_gmt":"2012-06-16T00:00:21","guid":{"rendered":"http:\/\/rockpixx.com\/wordpress\/?p=8439"},"modified":"2013-02-07T01:11:19","modified_gmt":"2013-02-06T23:11:19","slug":"phil-16-06-2012-kiel-rathausbuhne","status":"publish","type":"post","link":"http:\/\/www.rockpixx.com\/wordpress\/phil-16-06-2012-kiel-rathausbuhne\/","title":{"rendered":"Phil, 16.06.2012, Kiel, Rathausb\u00fchne"},"content":{"rendered":"<p>Wieder Kieler Rathausplatz, wieder Regen und mit \u201ePhil\u201c unsere \u2192\u00a0<a title=\"Genesis- \/ Phil Collins-Tributband\" href=\"http:\/\/rockpixx.com\/wordpress\/?cat=236\" target=\"_blank\">mittlerweile vierte Genesis-\/Phil Collins-Tributeband<\/a>, die da nun gegen die Wassermassen von oben munter gegenanspielt.<\/p>\n<p>Der Sound h\u00f6rt sich sehr Phil Collins-m\u00e4\u00dfig an, und kommt richtig gut und fett r\u00fcber. Ok, vielleicht k\u00f6nnten die Drums noch ein wenig mehr vom ber\u00fchmt-ber\u00fcchtigten \u201ecompressed sound\u201c vertragen, aber das w\u00e4re schon N\u00f6rgeln auf hohem Niveau.<!--more--> Der S\u00e4nger und Frontman J\u00fcrgen Mayer kommt seinem Vorbild alleine von Optik, Mimik und Posing her schon sehr nahe \u2013 die Stimme ist ein nahezu perfekter \u201eDoppelg\u00e4nger\u201c. Das beeindruckt mich ungemein. (Und ich vermisse bei J\u00fcrgen Mayer auch nicht die h\u00e4sslichen Pullover, die Phil Collins in den Achtziger bevorzugt getragen hat.)<\/p>\n<p>Schade eigentlich, dass ich mit R\u00fccksicht auf Kameras und Fotografengesundheit den Graben schon wieder so schnell verlassen muss, aber es ist einfach viel zu nass. Ansehen werde ich mir \u201ePhil\u201c aber mit Sicherheit noch einmal irgendwo.<\/p>\n<p style=\"text-align: right;\">Fotos:\u00a0<a href=\"mailto:info@rockpixx.com?subject=Fotos%20von%20Phil,%20Kiel%20%E2%80%9ERathausb%C3%BChne%E2%80%9C,%2016.06.2012\">Alex<\/a>\u00a0| Text:\u00a0<a href=\"mailto:info@rockpixx.com?subject=Reviewtext%20von%20Phil,%20Kiel%20%E2%80%9ERathausb%C3%BChne%E2%80%9C,%2016.06.2012\">Alex<\/a><\/p>\n<p>&nbsp;<\/p>\n<p>[slideshow id=132]<\/p>\n","protected":false},"excerpt":{"rendered":"<p>Wieder Kieler Rathausplatz, wieder Regen und mit \u201ePhil\u201c unsere \u2192\u00a0mittlerweile vierte Genesis-\/Phil Collins-Tributeband, die da <a href=\"http:\/\/www.rockpixx.com\/wordpress\/phil-16-06-2012-kiel-rathausbuhne\/\">Read more<\/a><\/p>\n","protected":false},"author":2,"featured_media":8440,"comment_status":"open","ping_status":"open","sticky":false,"template":"","format":"standard","meta":{"_jetpack_memberships_contains_paid_content":false,"footnotes":"","jetpack_publicize_message":"","jetpack_publicize_feature_enabled":true,"jetpack_social_post_already_shared":true,"jetpack_social_options":{"image_generator_settings":{"template":"highway","default_image_id":0,"font":"","enabled":false},"version":2}},"categories":[34,236,626,5],"tags":[1759,844,1742,1735,138,1987,2057],"class_list":["post-8439","post","type-post","status-publish","format-standard","has-post-thumbnail","hentry","category-acts","category-genesis","category-phil","category-tributebands","tag-1759","tag-deichbrand-festival","tag-genesis","tag-kiel","tag-kieler-woche","tag-phil","tag-rathausbuhne"],"aioseo_notices":[],"jetpack_publicize_connections":[],"jetpack_featured_media_url":"http:\/\/www.rockpixx.com\/wordpress\/wp-content\/uploads\/2013\/02\/20120616-02-phil-Artikel.jpg","jetpack-related-posts":[{"id":6780,"url":"http:\/\/www.rockpixx.com\/wordpress\/true-collins-22-06-2010-kiel-maxbuhne\/","url_meta":{"origin":8439,"position":0},"title":"True Collins, 22.06.2010, Kiel, MAXB\u00fchne","author":"Anja","date":"22. Juni 2010","format":false,"excerpt":"Donnernde Drums, Keyboardkl\u00e4nge irgendwo angesiedelt zwischen \u00e4therisch und pomp\u00f6s, dazu eine markante Stimme: \u201eTrue Collins\u201c waren wieder auf der MAXB\u00fchne zu Gast. Und wenn es die Eingangsbeschreibung schon erahnen l\u00e4sst \u2013 sp\u00e4testens bei der Namensnennung der Band wird klar, dass es hier ausschlie\u00dflich um die Musik von \u201eGenesis\u201c ging. Wir\u2026","rel":"","context":"In &quot;Acts&quot;","block_context":{"text":"Acts","link":"http:\/\/www.rockpixx.com\/wordpress\/category\/acts\/"},"img":{"alt_text":"True Collins auf rockpixx.com","src":"https:\/\/i0.wp.com\/www.rockpixx.com\/wordpress\/wp-content\/uploads\/2013\/01\/20100622-07-true-collins-Artikel.jpg?resize=350%2C200","width":350,"height":200,"srcset":"https:\/\/i0.wp.com\/www.rockpixx.com\/wordpress\/wp-content\/uploads\/2013\/01\/20100622-07-true-collins-Artikel.jpg?resize=350%2C200 1x, https:\/\/i0.wp.com\/www.rockpixx.com\/wordpress\/wp-content\/uploads\/2013\/01\/20100622-07-true-collins-Artikel.jpg?resize=525%2C300 1.5x, https:\/\/i0.wp.com\/www.rockpixx.com\/wordpress\/wp-content\/uploads\/2013\/01\/20100622-07-true-collins-Artikel.jpg?resize=700%2C400 2x"},"classes":[]},{"id":2538,"url":"http:\/\/www.rockpixx.com\/wordpress\/invisible-touch-23-06-2008-kiel-maxbuhne\/","url_meta":{"origin":8439,"position":1},"title":"Invisible Touch, 23.06.2008, Kiel, MAXB\u00fchne","author":"Anja","date":"23. Juni 2008","format":false,"excerpt":"Der H\u00f6hepunkt des Abends: Es erklingen die genialen Songs der Herren Banks, Collins, Rutherford und Gabriel. Die Band kam erst kurz vorher aus Aachen etwas ersatzgeschw\u00e4cht an der Max-B\u00fchne an, baute ihr Equipment auf und dann legten die f\u00fcnf Musiker so richtig los: Jede Menge Hits aus der kompletten Genesis-Zeit\u2026","rel":"","context":"In &quot;Acts&quot;","block_context":{"text":"Acts","link":"http:\/\/www.rockpixx.com\/wordpress\/category\/acts\/"},"img":{"alt_text":"Invisible Touch, 23.06.2008, Kiel, MAXB\u00fchne","src":"https:\/\/i0.wp.com\/www.rockpixx.com\/wordpress\/wp-content\/uploads\/2008\/06\/20080623-03-invisible-touch-Artikel.jpg?resize=350%2C200","width":350,"height":200,"srcset":"https:\/\/i0.wp.com\/www.rockpixx.com\/wordpress\/wp-content\/uploads\/2008\/06\/20080623-03-invisible-touch-Artikel.jpg?resize=350%2C200 1x, https:\/\/i0.wp.com\/www.rockpixx.com\/wordpress\/wp-content\/uploads\/2008\/06\/20080623-03-invisible-touch-Artikel.jpg?resize=525%2C300 1.5x, https:\/\/i0.wp.com\/www.rockpixx.com\/wordpress\/wp-content\/uploads\/2008\/06\/20080623-03-invisible-touch-Artikel.jpg?resize=700%2C400 2x"},"classes":[]},{"id":11157,"url":"http:\/\/www.rockpixx.com\/wordpress\/true-collins-25-06-2013-kiel-maxbuhne\/","url_meta":{"origin":8439,"position":2},"title":"True Collins, 25.06.2013, Kiel, MAXB\u00fchne","author":"Anja","date":"26. Juni 2013","format":false,"excerpt":"Seit 2009 geh\u00f6ren \u201eTrue Collins\u201c zum festen Bestandteil des Programmes auf der MAXB\u00fchne. So habe ich diese Band also auch 2013 wieder vor den Kameras und \u2013 das sei vorab schon einmal angemerkt \u2013 sie werden immer besser. Mit ihrem neuen Keyboarder sind sie zum ersten Mal in Kiel zu\u2026","rel":"","context":"In &quot;Acts&quot;","block_context":{"text":"Acts","link":"http:\/\/www.rockpixx.com\/wordpress\/category\/acts\/"},"img":{"alt_text":"","src":"https:\/\/i0.wp.com\/www.rockpixx.com\/wordpress\/wp-content\/uploads\/2013\/06\/20130625-03-013_true-collins-Artikel.jpg?resize=350%2C200","width":350,"height":200,"srcset":"https:\/\/i0.wp.com\/www.rockpixx.com\/wordpress\/wp-content\/uploads\/2013\/06\/20130625-03-013_true-collins-Artikel.jpg?resize=350%2C200 1x, https:\/\/i0.wp.com\/www.rockpixx.com\/wordpress\/wp-content\/uploads\/2013\/06\/20130625-03-013_true-collins-Artikel.jpg?resize=525%2C300 1.5x, https:\/\/i0.wp.com\/www.rockpixx.com\/wordpress\/wp-content\/uploads\/2013\/06\/20130625-03-013_true-collins-Artikel.jpg?resize=700%2C400 2x"},"classes":[]},{"id":21861,"url":"http:\/\/www.rockpixx.com\/wordpress\/true-collins-kiel-2018\/","url_meta":{"origin":8439,"position":3},"title":"True Collins 20.06.2018, NDR-B\u00fchne, Kiel","author":"A. Hahl","date":"21. Juni 2018","format":false,"excerpt":"Es spricht f\u00fcr eine Band, wenn Sie 10 Jahre in Folge auf der gleichen gro\u00dfen Veranstaltung spielt \u2013 und zum 10. Jubil\u00e4um dann sogar auf einer richtig gro\u00dfen B\u00fchne. Einen der ersten Gigs von \u201eTrue Collins\u201c konnte ich kurz nach der Bandgr\u00fcndung 2009 fotografieren, nun fotografiere ich sie zum siebten\u2026","rel":"","context":"In &quot;Acts&quot;","block_context":{"text":"Acts","link":"http:\/\/www.rockpixx.com\/wordpress\/category\/acts\/"},"img":{"alt_text":"True Collins, 20.06.2018, NDR-B\u00fchne, Kiel","src":"https:\/\/i0.wp.com\/www.rockpixx.com\/wordpress\/wp-content\/uploads\/2018\/06\/20180620-111.jpg?resize=350%2C200","width":350,"height":200,"srcset":"https:\/\/i0.wp.com\/www.rockpixx.com\/wordpress\/wp-content\/uploads\/2018\/06\/20180620-111.jpg?resize=350%2C200 1x, https:\/\/i0.wp.com\/www.rockpixx.com\/wordpress\/wp-content\/uploads\/2018\/06\/20180620-111.jpg?resize=525%2C300 1.5x, https:\/\/i0.wp.com\/www.rockpixx.com\/wordpress\/wp-content\/uploads\/2018\/06\/20180620-111.jpg?resize=700%2C400 2x"},"classes":[]},{"id":7781,"url":"http:\/\/www.rockpixx.com\/wordpress\/true-collins-21-06-2011-kiel-maxbuhne\/","url_meta":{"origin":8439,"position":4},"title":"True Collins, 21.06.2011, Kiel, MAXB\u00fchne","author":"Anja","date":"21. Juni 2011","format":false,"excerpt":"\u201eTrue Collins\u201c zum Dritten. Witzigerweise erkennen uns die Musiker backstage sofort wieder \u2013 sogar noch bevor wir sie entdecken. Die Begr\u00fc\u00dfung ist herzlich, uns f\u00e4llt ein Stein vom Herzen, so schlecht k\u00f6nnen also \u2192\u00a0 unsere Bilder von ihnenaus den vergangenen Jahren nicht gewesen sein. Die Musik ist gut wie immer,\u2026","rel":"","context":"In &quot;Acts&quot;","block_context":{"text":"Acts","link":"http:\/\/www.rockpixx.com\/wordpress\/category\/acts\/"},"img":{"alt_text":"True Collins, 21.06.2011, Kiel, MAXB\u00fchne","src":"https:\/\/i0.wp.com\/www.rockpixx.com\/wordpress\/wp-content\/uploads\/2013\/01\/20110621-01-true-collins-Artikel.jpg?resize=350%2C200","width":350,"height":200,"srcset":"https:\/\/i0.wp.com\/www.rockpixx.com\/wordpress\/wp-content\/uploads\/2013\/01\/20110621-01-true-collins-Artikel.jpg?resize=350%2C200 1x, https:\/\/i0.wp.com\/www.rockpixx.com\/wordpress\/wp-content\/uploads\/2013\/01\/20110621-01-true-collins-Artikel.jpg?resize=525%2C300 1.5x, https:\/\/i0.wp.com\/www.rockpixx.com\/wordpress\/wp-content\/uploads\/2013\/01\/20110621-01-true-collins-Artikel.jpg?resize=700%2C400 2x"},"classes":[]},{"id":5125,"url":"http:\/\/www.rockpixx.com\/wordpress\/true-collins-23-06-2009-kiel-maxbuhne\/","url_meta":{"origin":8439,"position":5},"title":"True Collins, 23.06.2009, Kiel, MAXB\u00fchne","author":"Anja","date":"23. Juni 2009","format":false,"excerpt":"Meine dritte \u2192\u00a0Genesis- \/ Peter Gabriel- \/ Phil Collins-Tributeband nach \u2192\u00a0\u201eInvisible Touch\u201c im letzten Jahr an gleicher Stelle und \u2192\u00a0\u201eStill Collins\u201c zu Anfang dieses Jahres. Die Musik zieht mindestens genauso viel Publikum vor die MAXB\u00fchne wie es 90 Minuten vorher \u2192\u00a0\u201eDJ \u00d6tzi\u201c im Musikzelt geschafft hat. Und die Musik, das\u2026","rel":"","context":"In &quot;Acts&quot;","block_context":{"text":"Acts","link":"http:\/\/www.rockpixx.com\/wordpress\/category\/acts\/"},"img":{"alt_text":"True Collins, 23.06.2009, Kiel, MAXB\u00fchne","src":"https:\/\/i0.wp.com\/www.rockpixx.com\/wordpress\/wp-content\/uploads\/2013\/01\/20090623-06-true-collins-Artikel.jpg?resize=350%2C200","width":350,"height":200,"srcset":"https:\/\/i0.wp.com\/www.rockpixx.com\/wordpress\/wp-content\/uploads\/2013\/01\/20090623-06-true-collins-Artikel.jpg?resize=350%2C200 1x, https:\/\/i0.wp.com\/www.rockpixx.com\/wordpress\/wp-content\/uploads\/2013\/01\/20090623-06-true-collins-Artikel.jpg?resize=525%2C300 1.5x, https:\/\/i0.wp.com\/www.rockpixx.com\/wordpress\/wp-content\/uploads\/2013\/01\/20090623-06-true-collins-Artikel.jpg?resize=700%2C400 2x"},"classes":[]}],"jetpack_sharing_enabled":true,"publishpress_future_action":{"enabled":false,"date":"2026-05-08 05:51:08","action":"change-status","newStatus":"draft","terms":[],"taxonomy":"category","extraData":[]},"publishpress_future_workflow_manual_trigger":{"enabledWorkflows":[]},"_links":{"self":[{"href":"http:\/\/www.rockpixx.com\/wordpress\/wp-json\/wp\/v2\/posts\/8439","targetHints":{"allow":["GET"]}}],"collection":[{"href":"http:\/\/www.rockpixx.com\/wordpress\/wp-json\/wp\/v2\/posts"}],"about":[{"href":"http:\/\/www.rockpixx.com\/wordpress\/wp-json\/wp\/v2\/types\/post"}],"author":[{"embeddable":true,"href":"http:\/\/www.rockpixx.com\/wordpress\/wp-json\/wp\/v2\/users\/2"}],"replies":[{"embeddable":true,"href":"http:\/\/www.rockpixx.com\/wordpress\/wp-json\/wp\/v2\/comments?post=8439"}],"version-history":[{"count":0,"href":"http:\/\/www.rockpixx.com\/wordpress\/wp-json\/wp\/v2\/posts\/8439\/revisions"}],"wp:featuredmedia":[{"embeddable":true,"href":"http:\/\/www.rockpixx.com\/wordpress\/wp-json\/wp\/v2\/media\/8440"}],"wp:attachment":[{"href":"http:\/\/www.rockpixx.com\/wordpress\/wp-json\/wp\/v2\/media?parent=8439"}],"wp:term":[{"taxonomy":"category","embeddable":true,"href":"http:\/\/www.rockpixx.com\/wordpress\/wp-json\/wp\/v2\/categories?post=8439"},{"taxonomy":"post_tag","embeddable":true,"href":"http:\/\/www.rockpixx.com\/wordpress\/wp-json\/wp\/v2\/tags?post=8439"}],"curies":[{"name":"wp","href":"https:\/\/api.w.org\/{rel}","templated":true}]}}