{"id":8468,"date":"2012-06-16T03:00:30","date_gmt":"2012-06-16T01:00:30","guid":{"rendered":"http:\/\/rockpixx.com\/wordpress\/?p=8468"},"modified":"2013-02-07T19:11:45","modified_gmt":"2013-02-07T17:11:45","slug":"5-kleine-jagermeister-16-06-2012-kiel-horn-buhne","status":"publish","type":"post","link":"http:\/\/www.rockpixx.com\/wordpress\/5-kleine-jagermeister-16-06-2012-kiel-horn-buhne\/","title":{"rendered":"5 kleine J\u00e4germeister, 16.06.2012, Kiel, h\u00f6rn b\u00fchne"},"content":{"rendered":"<p>An dieser Stelle h\u00e4tte ich Euch gerne mehr Bilder von den 5 kleinen J\u00e4germeistern \u2013 einer Toten Hosen Coverband \u2013 gezeigt, aber Petrus der Wettergott und der Gott der Lichtmenschen hatten heute kein Einsehen mit mir.<\/p>\n<p>Der eine sorgte f\u00fcr so viel Regen, dass ein vern\u00fcnftiges Fotografieren im Graben nicht m\u00f6glich war.<!--more--> So versuchte ich mein Gl\u00fcck im Zuschauerbereich, der auf Grund des Wetters nicht so gut besucht war.<\/p>\n<p>Ein langes Intro ohne Musiker auf der B\u00fchne aber mit einer guten B\u00fchnen-Light-Show lie\u00dfen in mir die Hoffnung steigen, dass ich vom Geschehen auf der B\u00fchne f\u00fcr die miesen Bedingungen vor der B\u00fchne entsch\u00e4digt werde. Dies war ein typischer Fall von \u201edenkste\u201c\u2026 An den Musikern von \u201e5kJ\u201c lag es bestimmt nicht, denn die brachten eine stimmgewaltige und kraftvolle Show auf die B\u00fchne \u2013 Punkrock. Leider hatte der Lichtmensch vergessen, den Schalter f\u00fcr die Frontlights umzulegen und so waren die Musiker nur als Scherenschnitte vor dem bunten Lichterfeuerwerk der Backlights zu sehen.<\/p>\n<p>Schade eigentlich.<\/p>\n<p style=\"text-align: right;\">Fotos:\u00a0<a href=\"mailto:a.roselt@rockpixx.com?subject=Fotos%20von%205%20kleine%20J%C3%A4germeister,%20Kiel%20%E2%80%9Eh%C3%B6rn%20B%C3%BChne%E2%80%9C,%2016.06.2012\">Anja<\/a>\u00a0| Text:\u00a0<a href=\"mailto:a.roselt@rockpixx.com?subject=Reviewtext%20von%205%20kleine%20J%C3%A4germeister,%20Kiel%20%E2%80%9Eh%C3%B6rn%20B%C3%BChne%E2%80%9C,%2016.06.2012\">Anja<\/a><\/p>\n<p>&nbsp;<\/p>\n<p>[slideshow id=133]<\/p>\n","protected":false},"excerpt":{"rendered":"<p>An dieser Stelle h\u00e4tte ich Euch gerne mehr Bilder von den 5 kleinen J\u00e4germeistern \u2013 <a href=\"http:\/\/www.rockpixx.com\/wordpress\/5-kleine-jagermeister-16-06-2012-kiel-horn-buhne\/\">Read more<\/a><\/p>\n","protected":false},"author":2,"featured_media":8471,"comment_status":"open","ping_status":"open","sticky":false,"template":"","format":"standard","meta":{"_jetpack_memberships_contains_paid_content":false,"footnotes":"","jetpack_publicize_message":"","jetpack_publicize_feature_enabled":true,"jetpack_social_post_already_shared":true,"jetpack_social_options":{"image_generator_settings":{"template":"highway","default_image_id":0,"font":"","enabled":false},"version":2}},"categories":[628,34,627,5],"tags":[1759,1989,133,1645,1735,138,864],"class_list":["post-8468","post","type-post","status-publish","format-standard","has-post-thumbnail","hentry","category-5-kleine-jagermeister","category-acts","category-die-toten-hosen","category-tributebands","tag-1759","tag-5-kleine-jagermeister","tag-festivals","tag-horn-buhne","tag-kiel","tag-kieler-woche","tag-toten-hosen"],"aioseo_notices":[],"jetpack_publicize_connections":[],"jetpack_featured_media_url":"http:\/\/www.rockpixx.com\/wordpress\/wp-content\/uploads\/2013\/02\/20120616-03-5-kleine-jaegermeister-Artikel.jpg","jetpack-related-posts":[{"id":10745,"url":"http:\/\/www.rockpixx.com\/wordpress\/5-kleine-jagermeister-09-05-2013-wallsbull-open-air-wallsbull\/","url_meta":{"origin":8468,"position":0},"title":"5 kleine J\u00e4germeister, 09.05.2013, Wallsb\u00fcll Open Air, Wallsb\u00fcll","author":"Anja","date":"14. Mai 2013","format":false,"excerpt":"Sp\u00e4t, sp\u00e4ter, 1:40 Uhr: Showtime! Als letzter Festival-Act stehen \u201e5 kleine J\u00e4germeister\u201c auf der B\u00fchne \u2013 auch eine Band, die wir schon \u2192\u00a02012 in Kiel auf der \u201eh\u00f6rn b\u00fchne\u201c fotografiert hatten. \u201e5 kleine J\u00e4germeister\u201c standen dieses Mal allerdings nur zu viert auf der B\u00fchne, ein Bandmitglied war krankheitsbedingt ausgefallen (an\u2026","rel":"","context":"In &quot;5 kleine J\u00e4germeister&quot;","block_context":{"text":"5 kleine J\u00e4germeister","link":"http:\/\/www.rockpixx.com\/wordpress\/category\/acts\/tributebands\/die-toten-hosen\/5-kleine-jagermeister\/"},"img":{"alt_text":"5 kleine J\u00e4germeister, 09.05.2013, Wallsb\u00fcll, Wallsb\u00fcll Open Air 2013","src":"https:\/\/i0.wp.com\/www.rockpixx.com\/wordpress\/wp-content\/uploads\/2013\/05\/20130509-10-5-kleine-jaegermeister-Artikel.jpg?resize=350%2C200","width":350,"height":200,"srcset":"https:\/\/i0.wp.com\/www.rockpixx.com\/wordpress\/wp-content\/uploads\/2013\/05\/20130509-10-5-kleine-jaegermeister-Artikel.jpg?resize=350%2C200 1x, https:\/\/i0.wp.com\/www.rockpixx.com\/wordpress\/wp-content\/uploads\/2013\/05\/20130509-10-5-kleine-jaegermeister-Artikel.jpg?resize=525%2C300 1.5x, https:\/\/i0.wp.com\/www.rockpixx.com\/wordpress\/wp-content\/uploads\/2013\/05\/20130509-10-5-kleine-jaegermeister-Artikel.jpg?resize=700%2C400 2x"},"classes":[]},{"id":12654,"url":"http:\/\/www.rockpixx.com\/wordpress\/die-toten-aerzte-22-03-2014-kiel-raeucherei\/","url_meta":{"origin":8468,"position":1},"title":"Die Toten \u00c4rzte, 22.03.2014, Kiel, R\u00e4ucherei","author":"admin","date":"23. M\u00e4rz 2014","format":false,"excerpt":"So spielt das Leben: Am Abend zuvor die \u2192 \u201eStereo Bombs\u201c in der R\u00e4ucherei in Kiel und nun knapp 24 Stunden sp\u00e4ter an derselben Stelle \u201eDie Toten \u00c4rzte\u201c. Wer sich den \u2192 Bericht aus dem Jahr 2013 anguckt, der stellt fest, dass ich in Husum beim damaligen \u2192 \u201eHonky Tonk-Kneipenfestival\u201c\u2026","rel":"","context":"In &quot;Acts&quot;","block_context":{"text":"Acts","link":"http:\/\/www.rockpixx.com\/wordpress\/category\/acts\/"},"img":{"alt_text":"Die Toten \u00c4rzte, 22.03.2014, Kiel, R\u00e4ucherei","src":"https:\/\/i0.wp.com\/www.rockpixx.com\/wordpress\/wp-content\/uploads\/2014\/03\/20140322-059_die-toten-aerzte_Artikel.jpg?resize=350%2C200","width":350,"height":200,"srcset":"https:\/\/i0.wp.com\/www.rockpixx.com\/wordpress\/wp-content\/uploads\/2014\/03\/20140322-059_die-toten-aerzte_Artikel.jpg?resize=350%2C200 1x, https:\/\/i0.wp.com\/www.rockpixx.com\/wordpress\/wp-content\/uploads\/2014\/03\/20140322-059_die-toten-aerzte_Artikel.jpg?resize=525%2C300 1.5x, https:\/\/i0.wp.com\/www.rockpixx.com\/wordpress\/wp-content\/uploads\/2014\/03\/20140322-059_die-toten-aerzte_Artikel.jpg?resize=700%2C400 2x"},"classes":[]},{"id":7717,"url":"http:\/\/www.rockpixx.com\/wordpress\/gentleman-18-06-2011-kiel-unser-norden-buhne\/","url_meta":{"origin":8468,"position":2},"title":"Gentleman, 18.06.2011, Kiel, Unser Norden-B\u00fchne","author":"Anja","date":"18. Juni 2011","format":false,"excerpt":"Reggae und Regen \u2013 das passt \u00fcberhaupt nicht zusammen. Dieser Meinung war auch die Sonne, welche sich sonst den ganzen Tag hinter dicken Regenwolken versteckt hatte. Ich drohte schon mit Streik. Denn bei den Wassermassen von oben w\u00e4re ein Aufenthalt im Graben einem Vollbad in der H\u00f6rn gleichgekommen. Aber wie\u2026","rel":"","context":"In &quot;Acts&quot;","block_context":{"text":"Acts","link":"http:\/\/www.rockpixx.com\/wordpress\/category\/acts\/"},"img":{"alt_text":"Gentleman, 18.06.2011, Kiel, Unser Norden-B\u00fchne","src":"https:\/\/i0.wp.com\/www.rockpixx.com\/wordpress\/wp-content\/uploads\/2013\/01\/20110618-02-gentleman-Artikel.jpg?resize=350%2C200","width":350,"height":200,"srcset":"https:\/\/i0.wp.com\/www.rockpixx.com\/wordpress\/wp-content\/uploads\/2013\/01\/20110618-02-gentleman-Artikel.jpg?resize=350%2C200 1x, https:\/\/i0.wp.com\/www.rockpixx.com\/wordpress\/wp-content\/uploads\/2013\/01\/20110618-02-gentleman-Artikel.jpg?resize=525%2C300 1.5x, https:\/\/i0.wp.com\/www.rockpixx.com\/wordpress\/wp-content\/uploads\/2013\/01\/20110618-02-gentleman-Artikel.jpg?resize=700%2C400 2x"},"classes":[]},{"id":18333,"url":"http:\/\/www.rockpixx.com\/wordpress\/nessi-22-06-2015-kieler-woche-hoern-buehne-kiel\/","url_meta":{"origin":8468,"position":3},"title":"Nessi, 22.06.2015, Kieler Woche, H\u00f6rn-B\u00fchne, Kiel","author":"Anja","date":"23. Juni 2015","format":false,"excerpt":"Angek\u00fcndigt als \u201eElektropop\u201c auf der H\u00f6rn-B\u00fchne \u2013 heute im Programm von \u201edelta radio\u201c erwartet mich\u2026 \u2026 ein leerer Platz vor der B\u00fchne. Inklusive Security und Fotograf sind ganze 22 Menschen auf dem weiten Areal anwesend \u2013 und das 15 Minuten vor Konzertbeginn. Sollte ich mich in meiner Liste f\u00fcr den\u2026","rel":"","context":"In &quot;Acts&quot;","block_context":{"text":"Acts","link":"http:\/\/www.rockpixx.com\/wordpress\/category\/acts\/"},"img":{"alt_text":"Nessi, 22.06.2015, H\u00f6rn-B\u00fchne, Kiel","src":"https:\/\/i0.wp.com\/www.rockpixx.com\/wordpress\/wp-content\/uploads\/2015\/06\/20150622-02-004_nessi_Artikel.jpg?resize=350%2C200","width":350,"height":200,"srcset":"https:\/\/i0.wp.com\/www.rockpixx.com\/wordpress\/wp-content\/uploads\/2015\/06\/20150622-02-004_nessi_Artikel.jpg?resize=350%2C200 1x, https:\/\/i0.wp.com\/www.rockpixx.com\/wordpress\/wp-content\/uploads\/2015\/06\/20150622-02-004_nessi_Artikel.jpg?resize=525%2C300 1.5x, https:\/\/i0.wp.com\/www.rockpixx.com\/wordpress\/wp-content\/uploads\/2015\/06\/20150622-02-004_nessi_Artikel.jpg?resize=700%2C400 2x"},"classes":[]},{"id":8492,"url":"http:\/\/www.rockpixx.com\/wordpress\/luxuslarm-18-06-2012-kiel-horn-buhne\/","url_meta":{"origin":8468,"position":4},"title":"Luxusl\u00e4rm, 18.06.2012, Kiel, h\u00f6rn b\u00fchne","author":"Anja","date":"18. Juni 2012","format":false,"excerpt":"Mein erster Einsatz an der \u201eh\u00f6rn b\u00fchne\u201c in diesem Jahr \u2013 spontan f\u00e4llt auf, dass die Idee, Eintrittskarten f\u00fcr den Main-Act zu verkaufen, sich prompt auf die Zuschauerzahlen auszuwirken scheint: Es ist ziemlich leer auf dem gro\u00dfen Areal. An der Band \u201eLuxusl\u00e4rm\u201c rund um Frontfrau \u201eJini\u201c Meyer kann's jedenfalls nicht\u2026","rel":"","context":"In &quot;Acts&quot;","block_context":{"text":"Acts","link":"http:\/\/www.rockpixx.com\/wordpress\/category\/acts\/"},"img":{"alt_text":"Luxusl\u00e4rm, 18.06.2012, Kiel, h\u00f6rn b\u00fchne","src":"https:\/\/i0.wp.com\/www.rockpixx.com\/wordpress\/wp-content\/uploads\/2013\/02\/20120618-02-luxuslaerm-Artikel.jpg?resize=350%2C200","width":350,"height":200,"srcset":"https:\/\/i0.wp.com\/www.rockpixx.com\/wordpress\/wp-content\/uploads\/2013\/02\/20120618-02-luxuslaerm-Artikel.jpg?resize=350%2C200 1x, https:\/\/i0.wp.com\/www.rockpixx.com\/wordpress\/wp-content\/uploads\/2013\/02\/20120618-02-luxuslaerm-Artikel.jpg?resize=525%2C300 1.5x, https:\/\/i0.wp.com\/www.rockpixx.com\/wordpress\/wp-content\/uploads\/2013\/02\/20120618-02-luxuslaerm-Artikel.jpg?resize=700%2C400 2x"},"classes":[]},{"id":18134,"url":"http:\/\/www.rockpixx.com\/wordpress\/sasha-19-06-2015-kieler-woche-hoern-buehne-kiel\/","url_meta":{"origin":8468,"position":5},"title":"Sasha, 19.06.2015, Kieler Woche, H\u00f6rn-B\u00fchne, Kiel","author":"Anja","date":"20. Juni 2015","format":false,"excerpt":"Sechs Jahre ist es schon her, dass ich Sasha zuletzt \u2192 vor meinen Kameras hatte. In der Zeit ist viel passiert, inklusive einer zwischenzeitlichen Umorientierung von Sasha hin zu seinem Alter Ego \u201eDick Brave\u201c \u2013 den ich in den Jahren dazwischen auch \u2192 schon mehrmals fotografiert habe. Was ist neu,\u2026","rel":"","context":"In &quot;Acts&quot;","block_context":{"text":"Acts","link":"http:\/\/www.rockpixx.com\/wordpress\/category\/acts\/"},"img":{"alt_text":"Sasha, 19.06.2015, H\u00f6rn-B\u00fchne, Kiel","src":"https:\/\/i0.wp.com\/www.rockpixx.com\/wordpress\/wp-content\/uploads\/2015\/06\/20150619-02-072_sasha_Artikel.jpg?resize=350%2C200","width":350,"height":200,"srcset":"https:\/\/i0.wp.com\/www.rockpixx.com\/wordpress\/wp-content\/uploads\/2015\/06\/20150619-02-072_sasha_Artikel.jpg?resize=350%2C200 1x, https:\/\/i0.wp.com\/www.rockpixx.com\/wordpress\/wp-content\/uploads\/2015\/06\/20150619-02-072_sasha_Artikel.jpg?resize=525%2C300 1.5x, https:\/\/i0.wp.com\/www.rockpixx.com\/wordpress\/wp-content\/uploads\/2015\/06\/20150619-02-072_sasha_Artikel.jpg?resize=700%2C400 2x"},"classes":[]}],"jetpack_sharing_enabled":true,"publishpress_future_action":{"enabled":false,"date":"2026-05-06 14:31:59","action":"change-status","newStatus":"draft","terms":[],"taxonomy":"category","extraData":[]},"publishpress_future_workflow_manual_trigger":{"enabledWorkflows":[]},"_links":{"self":[{"href":"http:\/\/www.rockpixx.com\/wordpress\/wp-json\/wp\/v2\/posts\/8468","targetHints":{"allow":["GET"]}}],"collection":[{"href":"http:\/\/www.rockpixx.com\/wordpress\/wp-json\/wp\/v2\/posts"}],"about":[{"href":"http:\/\/www.rockpixx.com\/wordpress\/wp-json\/wp\/v2\/types\/post"}],"author":[{"embeddable":true,"href":"http:\/\/www.rockpixx.com\/wordpress\/wp-json\/wp\/v2\/users\/2"}],"replies":[{"embeddable":true,"href":"http:\/\/www.rockpixx.com\/wordpress\/wp-json\/wp\/v2\/comments?post=8468"}],"version-history":[{"count":0,"href":"http:\/\/www.rockpixx.com\/wordpress\/wp-json\/wp\/v2\/posts\/8468\/revisions"}],"wp:featuredmedia":[{"embeddable":true,"href":"http:\/\/www.rockpixx.com\/wordpress\/wp-json\/wp\/v2\/media\/8471"}],"wp:attachment":[{"href":"http:\/\/www.rockpixx.com\/wordpress\/wp-json\/wp\/v2\/media?parent=8468"}],"wp:term":[{"taxonomy":"category","embeddable":true,"href":"http:\/\/www.rockpixx.com\/wordpress\/wp-json\/wp\/v2\/categories?post=8468"},{"taxonomy":"post_tag","embeddable":true,"href":"http:\/\/www.rockpixx.com\/wordpress\/wp-json\/wp\/v2\/tags?post=8468"}],"curies":[{"name":"wp","href":"https:\/\/api.w.org\/{rel}","templated":true}]}}