{"id":8483,"date":"2012-06-16T04:00:26","date_gmt":"2012-06-16T02:00:26","guid":{"rendered":"http:\/\/rockpixx.com\/wordpress\/?p=8483"},"modified":"2013-04-05T23:39:36","modified_gmt":"2013-04-05T22:39:36","slug":"drive-16-06-2012-kiel-maxbuhne","status":"publish","type":"post","link":"http:\/\/www.rockpixx.com\/wordpress\/drive-16-06-2012-kiel-maxbuhne\/","title":{"rendered":"Drive!, 16.06.2012, Kiel, MAXB\u00fchne"},"content":{"rendered":"<p>Nachdem wir im letzten Jahr \u2013 im Gegensatz zu \u201eDrive!\u201c \u2013 an deren Auftrittstag an der MAXB\u00fchne eine Pause eingelegt hatten, sind wir dieses Jahr also wieder dabei, als die Musiker locker und voller Elan geschlagene vier Stunden gegen den fiesen Regen anspielen und trotzdem die Leute auf dem Bahnhofsvorplatz halten k\u00f6nnen.<!--more--><\/p>\n<p>\u201eDrive!\u201c \u2192\u00a0\u00a0<a title=\"Drive!\" href=\"http:\/\/rockpixx.com\/wordpress\/?cat=429\" target=\"_blank\">gefallen uns von Jahr zu Jahr besser<\/a>\u00a0\u2013 vielleicht liegt&#8217;s auch daran, dass die Musiker auf der B\u00fchne mit so viel Energie und Spielfreude zu Werke gehen und nicht einfach nur routiniert ihre (umfangreiche) Setlist abarbeiten?<\/p>\n<p>Mein pers\u00f6nliche Highlight war f\u00fcr mich \u201eBlaue Augen\u201c im NDW-Medley. Da hatte ich doch glatt das Gef\u00fchl, dass da auf der B\u00fchne Annette Humpe steht und mit voller Inbrunst singt.<\/p>\n<p>Und ja: \u201eBeat it\u201c ist nicht mehr auf der Setlist, also gibt&#8217;s auch nix mehr zu Meckern &#8211; daf\u00fcr aber den Spruch: \u201eHeute haben wir 10 Fotos f\u00fcr Euch.\u201c &#8211; wir sehen uns wieder!<\/p>\n<p style=\"text-align: right;\">Fotos:\u00a0<a href=\"mailto:info@rockpixx.com?subject=Fotos%20von%20Drive!,%20Kiel%20%E2%80%9EMAXB%C3%BChne%E2%80%9C,%2016.06.2012\">Alex<\/a>,\u00a0<a href=\"mailto:a.roselt@rockpixx.com?subject=Fotos%20von%20Drive!,%20Kiel%20%E2%80%9EMAXB%C3%BChne%E2%80%9C,%2016.06.2012\">Anja<\/a>\u00a0| Text:\u00a0<a href=\"mailto:info@rockpixx.com?subject=Reviewtext%20von%20Drive!,%20Kiel%20%E2%80%9EMAXB%C3%BChne%E2%80%9C,%2016.06.2012\">Alex<\/a><\/p>\n<p>&nbsp;<\/p>\n<p>[slideshow id=134]<\/p>\n","protected":false},"excerpt":{"rendered":"<p>Nachdem wir im letzten Jahr \u2013 im Gegensatz zu \u201eDrive!\u201c \u2013 an deren Auftrittstag an <a href=\"http:\/\/www.rockpixx.com\/wordpress\/drive-16-06-2012-kiel-maxbuhne\/\">Read more<\/a><\/p>\n","protected":false},"author":2,"featured_media":8472,"comment_status":"open","ping_status":"open","sticky":false,"template":"","format":"standard","meta":{"_jetpack_memberships_contains_paid_content":false,"footnotes":"","jetpack_publicize_message":"","jetpack_publicize_feature_enabled":true,"jetpack_social_post_already_shared":true,"jetpack_social_options":{"image_generator_settings":{"template":"highway","default_image_id":0,"font":"","enabled":false},"version":2}},"categories":[34,429],"tags":[1759,1812,133,1735,138,1743],"class_list":["post-8483","post","type-post","status-publish","format-standard","has-post-thumbnail","hentry","category-acts","category-drive","tag-1759","tag-drive","tag-festivals","tag-kiel","tag-kieler-woche","tag-maxbuhne"],"aioseo_notices":[],"jetpack_publicize_connections":[],"jetpack_featured_media_url":"http:\/\/www.rockpixx.com\/wordpress\/wp-content\/uploads\/2013\/02\/20120616-04-drive-Artikel.jpg","jetpack-related-posts":[{"id":14532,"url":"http:\/\/www.rockpixx.com\/wordpress\/drive-22-12-2014-kiel-maxbuehne\/","url_meta":{"origin":8483,"position":0},"title":"Drive!, 22.06.2014, Kiel, MAXB\u00fchne","author":"Anja","date":"23. Juni 2014","format":false,"excerpt":"So, und dann zum Abschluss des Abends noch einmal \u201eDrive!\u201c auf der MAXB\u00fchne bei Tageslicht. Wir wissen ja, dass wir sie in ein paar Tagen noch einmal wiedersehen werden, von daher freuen wir uns auf den fr\u00fchen Feierabend und darauf, dass wir einmal bei Tageslicht nach Hause kommen werden. (Ok,\u2026","rel":"","context":"In &quot;Acts&quot;","block_context":{"text":"Acts","link":"http:\/\/www.rockpixx.com\/wordpress\/category\/acts\/"},"img":{"alt_text":"Drive!, 22.06.2014, Kiel, MAXB\u00fchne","src":"https:\/\/i0.wp.com\/www.rockpixx.com\/wordpress\/wp-content\/uploads\/2014\/06\/20140622-05-045_drive_Artikel2.jpg?resize=350%2C200","width":350,"height":200,"srcset":"https:\/\/i0.wp.com\/www.rockpixx.com\/wordpress\/wp-content\/uploads\/2014\/06\/20140622-05-045_drive_Artikel2.jpg?resize=350%2C200 1x, https:\/\/i0.wp.com\/www.rockpixx.com\/wordpress\/wp-content\/uploads\/2014\/06\/20140622-05-045_drive_Artikel2.jpg?resize=525%2C300 1.5x, https:\/\/i0.wp.com\/www.rockpixx.com\/wordpress\/wp-content\/uploads\/2014\/06\/20140622-05-045_drive_Artikel2.jpg?resize=700%2C400 2x"},"classes":[]},{"id":7050,"url":"http:\/\/www.rockpixx.com\/wordpress\/drive-26-06-2010-kiel-maxbuhne\/","url_meta":{"origin":8483,"position":1},"title":"Drive!, 26.06.2010, Kiel, MAXB\u00fchne","author":"Anja","date":"26. Juni 2010","format":false,"excerpt":"Irgendwie haben wir im letzten Jahr \u00fcber die Jungs und das M\u00e4del von \u201eDrive!\u201c etwas geschrieben, das die erfreut hat. Das freut uns. Und dieses Jahr k\u00f6nnen wir auch nichts Negatives schreiben, weil sie wieder gut waren. So gut, dass sie die vom \u2192\u00a0Nena-Konzert zur\u00fcckstr\u00f6menden Massen auf dem Platz vor\u2026","rel":"","context":"In &quot;Acts&quot;","block_context":{"text":"Acts","link":"http:\/\/www.rockpixx.com\/wordpress\/category\/acts\/"},"img":{"alt_text":"Drive!, 26.06.2010, Kiel, MAXB\u00fchne","src":"https:\/\/i0.wp.com\/www.rockpixx.com\/wordpress\/wp-content\/uploads\/2013\/01\/20100626-04-drive-Artikel.jpg?resize=350%2C200","width":350,"height":200,"srcset":"https:\/\/i0.wp.com\/www.rockpixx.com\/wordpress\/wp-content\/uploads\/2013\/01\/20100626-04-drive-Artikel.jpg?resize=350%2C200 1x, https:\/\/i0.wp.com\/www.rockpixx.com\/wordpress\/wp-content\/uploads\/2013\/01\/20100626-04-drive-Artikel.jpg?resize=525%2C300 1.5x, https:\/\/i0.wp.com\/www.rockpixx.com\/wordpress\/wp-content\/uploads\/2013\/01\/20100626-04-drive-Artikel.jpg?resize=700%2C400 2x"},"classes":[]},{"id":11105,"url":"http:\/\/www.rockpixx.com\/wordpress\/child-in-time-23-06-2013-kiel-maxbuhne\/","url_meta":{"origin":8483,"position":2},"title":"Child in Time, 23.06.2013, Kiel, MAXB\u00fchne","author":"Anja","date":"24. Juni 2013","format":false,"excerpt":"Wenn auf der MAXB\u00fchne der Sound einer Hammond-Orgel durch einen Leslie geschickt wird und dieser Klang die dargebotenen Rocksongs im \u201eDuell\u201c mit einer Gitarre und \/ oder einer R\u00f6hre von Stimme pr\u00e4gt bis dominiert \u2013 wessen Musik h\u00f6ren wir da wohl? Richtig, it\u2019s Purple-Time! Heute also zum ersten Mal diese\u2026","rel":"","context":"In &quot;Acts&quot;","block_context":{"text":"Acts","link":"http:\/\/www.rockpixx.com\/wordpress\/category\/acts\/"},"img":{"alt_text":"","src":"https:\/\/i0.wp.com\/www.rockpixx.com\/wordpress\/wp-content\/uploads\/2013\/06\/20130623-02-022_child-in-time-Artikel.jpg?resize=350%2C200","width":350,"height":200,"srcset":"https:\/\/i0.wp.com\/www.rockpixx.com\/wordpress\/wp-content\/uploads\/2013\/06\/20130623-02-022_child-in-time-Artikel.jpg?resize=350%2C200 1x, https:\/\/i0.wp.com\/www.rockpixx.com\/wordpress\/wp-content\/uploads\/2013\/06\/20130623-02-022_child-in-time-Artikel.jpg?resize=525%2C300 1.5x, https:\/\/i0.wp.com\/www.rockpixx.com\/wordpress\/wp-content\/uploads\/2013\/06\/20130623-02-022_child-in-time-Artikel.jpg?resize=700%2C400 2x"},"classes":[]},{"id":6972,"url":"http:\/\/www.rockpixx.com\/wordpress\/coverline-25-06-2010-kiel-maxbuhne\/","url_meta":{"origin":8483,"position":3},"title":"CoverLine, 25.06.2010, Kiel, MAXB\u00fchne","author":"Anja","date":"25. Juni 2010","format":false,"excerpt":"Was w\u00e4re die Kieler Woche ohne ein Konzert von CoverLine. Wir freuten uns schon auf das Konzert, da wie die Musiker auch pers\u00f6nlich kennen. So war es kein Problem, dass wir auch auf der B\u00fchne fotografieren durften. Leider hatten wir dieses Mal viel Ausschuss bei unseren Bildern, denn in einigen\u2026","rel":"","context":"In &quot;Acts&quot;","block_context":{"text":"Acts","link":"http:\/\/www.rockpixx.com\/wordpress\/category\/acts\/"},"img":{"alt_text":"CoverLine, 25.06.2010, Kiel, MAXB\u00fchne","src":"https:\/\/i0.wp.com\/www.rockpixx.com\/wordpress\/wp-content\/uploads\/2013\/01\/20100625-05-coverline-Artikel.jpg?resize=350%2C200","width":350,"height":200,"srcset":"https:\/\/i0.wp.com\/www.rockpixx.com\/wordpress\/wp-content\/uploads\/2013\/01\/20100625-05-coverline-Artikel.jpg?resize=350%2C200 1x, https:\/\/i0.wp.com\/www.rockpixx.com\/wordpress\/wp-content\/uploads\/2013\/01\/20100625-05-coverline-Artikel.jpg?resize=525%2C300 1.5x, https:\/\/i0.wp.com\/www.rockpixx.com\/wordpress\/wp-content\/uploads\/2013\/01\/20100625-05-coverline-Artikel.jpg?resize=700%2C400 2x"},"classes":[]},{"id":8649,"url":"http:\/\/www.rockpixx.com\/wordpress\/gwendoline-24-06-2012-kiel-maxbuhne\/","url_meta":{"origin":8483,"position":4},"title":"Gwendoline, 24.06.2012, Kiel, MAXB\u00fchne","author":"Anja","date":"24. Juni 2012","format":false,"excerpt":"So schnell wie hier fand noch nie der Wechsel zwischen zwei Bands statt. Es wurden die T-Shirts und der Basser ausgewechselt und schon standen \u201eGwendoline\u201c auf der B\u00fchne. Diese \u201eDie \u00c4rzte\u201c-Tributeband ist unser gewohnter Abschlu\u00df der Kieler Woche an der MAXB\u00fchne und auch im dritten Jahr macht es immer noch\u2026","rel":"","context":"In &quot;Acts&quot;","block_context":{"text":"Acts","link":"http:\/\/www.rockpixx.com\/wordpress\/category\/acts\/"},"img":{"alt_text":"Gwendoline, 24.06.2012, Kiel, MAXB\u00fchne","src":"https:\/\/i0.wp.com\/www.rockpixx.com\/wordpress\/wp-content\/uploads\/2013\/02\/20120624-04-gwendoline-Artikel.jpg?resize=350%2C200","width":350,"height":200,"srcset":"https:\/\/i0.wp.com\/www.rockpixx.com\/wordpress\/wp-content\/uploads\/2013\/02\/20120624-04-gwendoline-Artikel.jpg?resize=350%2C200 1x, https:\/\/i0.wp.com\/www.rockpixx.com\/wordpress\/wp-content\/uploads\/2013\/02\/20120624-04-gwendoline-Artikel.jpg?resize=525%2C300 1.5x, https:\/\/i0.wp.com\/www.rockpixx.com\/wordpress\/wp-content\/uploads\/2013\/02\/20120624-04-gwendoline-Artikel.jpg?resize=700%2C400 2x"},"classes":[]},{"id":14524,"url":"http:\/\/www.rockpixx.com\/wordpress\/eddy-monrow-22-06-2014-kiel-maxbuehne\/","url_meta":{"origin":8483,"position":5},"title":"Eddy Monrow, 22.06.2014, Kiel, MAXB\u00fchne","author":"Anja","date":"23. Juni 2014","format":false,"excerpt":"Jetzt wei\u00df ich endlich, warum die Raiffeisenstra\u00dfe in Kiel f\u00fcr den Durchgangsverkehr gesperrt worden ist: Eddy Monrow und seine Begleitband spielen auf der anliegenden MAXB\u00fchne und jeder Musiker hat gef\u00fchlt mindestens seinen eigenen Wagen plus mehrere Begleitfahrzeuge dabei, die den gesamten Backstage-Bereich plus eine Fahrbahn zuparken. Ich bin noch auf\u2026","rel":"","context":"In &quot;Acts&quot;","block_context":{"text":"Acts","link":"http:\/\/www.rockpixx.com\/wordpress\/category\/acts\/"},"img":{"alt_text":"Eddy Monrow, 22.06.2014, Kiel, MAXB\u00fchneEddy Monrow, 22.06.2014, Kiel, MAXB\u00fchne","src":"https:\/\/i0.wp.com\/www.rockpixx.com\/wordpress\/wp-content\/uploads\/2014\/06\/20140622-01-001_eddy-monrow_Artikel.jpg?resize=350%2C200","width":350,"height":200,"srcset":"https:\/\/i0.wp.com\/www.rockpixx.com\/wordpress\/wp-content\/uploads\/2014\/06\/20140622-01-001_eddy-monrow_Artikel.jpg?resize=350%2C200 1x, https:\/\/i0.wp.com\/www.rockpixx.com\/wordpress\/wp-content\/uploads\/2014\/06\/20140622-01-001_eddy-monrow_Artikel.jpg?resize=525%2C300 1.5x, https:\/\/i0.wp.com\/www.rockpixx.com\/wordpress\/wp-content\/uploads\/2014\/06\/20140622-01-001_eddy-monrow_Artikel.jpg?resize=700%2C400 2x"},"classes":[]}],"jetpack_sharing_enabled":true,"publishpress_future_action":{"enabled":false,"date":"2026-05-08 07:58:43","action":"change-status","newStatus":"draft","terms":[],"taxonomy":"category","extraData":[]},"publishpress_future_workflow_manual_trigger":{"enabledWorkflows":[]},"_links":{"self":[{"href":"http:\/\/www.rockpixx.com\/wordpress\/wp-json\/wp\/v2\/posts\/8483","targetHints":{"allow":["GET"]}}],"collection":[{"href":"http:\/\/www.rockpixx.com\/wordpress\/wp-json\/wp\/v2\/posts"}],"about":[{"href":"http:\/\/www.rockpixx.com\/wordpress\/wp-json\/wp\/v2\/types\/post"}],"author":[{"embeddable":true,"href":"http:\/\/www.rockpixx.com\/wordpress\/wp-json\/wp\/v2\/users\/2"}],"replies":[{"embeddable":true,"href":"http:\/\/www.rockpixx.com\/wordpress\/wp-json\/wp\/v2\/comments?post=8483"}],"version-history":[{"count":0,"href":"http:\/\/www.rockpixx.com\/wordpress\/wp-json\/wp\/v2\/posts\/8483\/revisions"}],"wp:featuredmedia":[{"embeddable":true,"href":"http:\/\/www.rockpixx.com\/wordpress\/wp-json\/wp\/v2\/media\/8472"}],"wp:attachment":[{"href":"http:\/\/www.rockpixx.com\/wordpress\/wp-json\/wp\/v2\/media?parent=8483"}],"wp:term":[{"taxonomy":"category","embeddable":true,"href":"http:\/\/www.rockpixx.com\/wordpress\/wp-json\/wp\/v2\/categories?post=8483"},{"taxonomy":"post_tag","embeddable":true,"href":"http:\/\/www.rockpixx.com\/wordpress\/wp-json\/wp\/v2\/tags?post=8483"}],"curies":[{"name":"wp","href":"https:\/\/api.w.org\/{rel}","templated":true}]}}