{"id":8488,"date":"2012-06-18T01:00:53","date_gmt":"2012-06-17T23:00:53","guid":{"rendered":"http:\/\/rockpixx.com\/wordpress\/?p=8488"},"modified":"2013-04-05T23:34:48","modified_gmt":"2013-04-05T22:34:48","slug":"ten-and-out-18-06-2012-kiel-maxbuhne","status":"publish","type":"post","link":"http:\/\/www.rockpixx.com\/wordpress\/ten-and-out-18-06-2012-kiel-maxbuhne\/","title":{"rendered":"Ten and Out, 18.06.2012, Kiel, MAXB\u00fchne"},"content":{"rendered":"<p>Es hat an der MAXB\u00fchne ja schon beinahe \u2192\u00a0<a title=\"Ten and Out\" href=\"http:\/\/rockpixx.com\/wordpress\/?cat=500\" target=\"_blank\">Tradition<\/a>, dass \u201eTen and Out\u201c am fr\u00fchen Abend irgendwann in der Woche den Opener machen. So auch dieses Jahr. Und leider hat es auch \u201eTradition\u201c, dass bei bestem Tageslicht und recht viel Wind, die Bilder naturgem\u00e4\u00df nicht so stimmungsvoll wirken k\u00f6nnen, wie die Musiker gespielt haben.<!--more--><\/p>\n<p>Dennoch an dieser Stelle ein Kompliment an die Band, dass sie den Abend musikalisch stimmungs- und schwungvoll er\u00f6ffnet haben \u2013 die zwei folgenden Acts auf der MAXB\u00fchne haben es ihnen gedankt.<\/p>\n<p style=\"text-align: right;\">Fotos:\u00a0<a href=\"mailto:info@rockpixx.com?subject=Fotos%20von%20Ten%20and%20Out,%20Kiel%20%E2%80%9EMAXB%C3%BChne%E2%80%9C,%2018.06.2012\">Alex<\/a>\u00a0| Text:\u00a0<a href=\"mailto:info@rockpixx.com?subject=Reviewtext%20von%20Ten%20and%20Out,%20Kiel%20%E2%80%9EMAXB%C3%BChne%E2%80%9C,%2018.06.2012\">Alex<\/a><\/p>\n<p>&nbsp;<\/p>\n<p>[slideshow id=136]<\/p>\n","protected":false},"excerpt":{"rendered":"<p>Es hat an der MAXB\u00fchne ja schon beinahe \u2192\u00a0Tradition, dass \u201eTen and Out\u201c am fr\u00fchen <a href=\"http:\/\/www.rockpixx.com\/wordpress\/ten-and-out-18-06-2012-kiel-maxbuhne\/\">Read more<\/a><\/p>\n","protected":false},"author":2,"featured_media":8474,"comment_status":"open","ping_status":"open","sticky":false,"template":"","format":"standard","meta":{"_jetpack_memberships_contains_paid_content":false,"footnotes":"","jetpack_publicize_message":"","jetpack_publicize_feature_enabled":true,"jetpack_social_post_already_shared":true,"jetpack_social_options":{"image_generator_settings":{"template":"highway","default_image_id":0,"font":"","enabled":false},"version":2}},"categories":[34,500],"tags":[1759,133,1735,138,1743,1880],"class_list":["post-8488","post","type-post","status-publish","format-standard","has-post-thumbnail","hentry","category-acts","category-ten-and-out","tag-1759","tag-festivals","tag-kiel","tag-kieler-woche","tag-maxbuhne","tag-ten-and-out"],"aioseo_notices":[],"jetpack_publicize_connections":[],"jetpack_featured_media_url":"http:\/\/www.rockpixx.com\/wordpress\/wp-content\/uploads\/2013\/02\/20120618-01-ten-and-out-Artikel.jpg","jetpack-related-posts":[{"id":6683,"url":"http:\/\/www.rockpixx.com\/wordpress\/ten-and-out-22-06-2010-kiel-maxbuhne\/","url_meta":{"origin":8488,"position":0},"title":"Ten and Out, 22.06.2010, Kiel, MAXB\u00fchne","author":"Anja","date":"22. Juni 2010","format":false,"excerpt":"Es ist schwierig, am fr\u00fchen Abend im Hellen die Aufgabe zu haben, die Leute auf dem relativ leeren B\u00fchnenvorplatz an der MAXB\u00fchne zum Verweilen zu bringen. Gerade, weil hier der Platz kein abgeschlossenes Areal ist, sondern weil er direkt am Bahnhof liegt und sich zudem noch auf einer der Haupt-Flanierrouten\u2026","rel":"","context":"In &quot;Acts&quot;","block_context":{"text":"Acts","link":"http:\/\/www.rockpixx.com\/wordpress\/category\/acts\/"},"img":{"alt_text":"Ten and Out, 22.06.2010, Kiel, MAXB\u00fchne","src":"https:\/\/i0.wp.com\/www.rockpixx.com\/wordpress\/wp-content\/uploads\/2013\/01\/20100622-01-ten-and-out-Artikel.jpg?resize=350%2C200","width":350,"height":200,"srcset":"https:\/\/i0.wp.com\/www.rockpixx.com\/wordpress\/wp-content\/uploads\/2013\/01\/20100622-01-ten-and-out-Artikel.jpg?resize=350%2C200 1x, https:\/\/i0.wp.com\/www.rockpixx.com\/wordpress\/wp-content\/uploads\/2013\/01\/20100622-01-ten-and-out-Artikel.jpg?resize=525%2C300 1.5x, https:\/\/i0.wp.com\/www.rockpixx.com\/wordpress\/wp-content\/uploads\/2013\/01\/20100622-01-ten-and-out-Artikel.jpg?resize=700%2C400 2x"},"classes":[]},{"id":11278,"url":"http:\/\/www.rockpixx.com\/wordpress\/rocklabirint-29-06-2013-kiel-maxbuhne\/","url_meta":{"origin":8488,"position":1},"title":"rOcklabirint, 29.06.2013, Kiel, MAXB\u00fchne","author":"Anja","date":"30. Juni 2013","format":false,"excerpt":"Es geht in die Zielgerade der Kieler Woche und so langsam werden die Wassertropfen in der Luft auch weniger. Wir kommen auf der MAXB\u00fchne an und erleben noch die letzten Songs von \u201erOcklabirint\u201c. Also schnell noch die Kameras ausgepackt und ein paar Bilder gemacht. \u201erOcklabirint\u201c ist eine russische Band, welche\u2026","rel":"","context":"In &quot;Acts&quot;","block_context":{"text":"Acts","link":"http:\/\/www.rockpixx.com\/wordpress\/category\/acts\/"},"img":{"alt_text":"","src":"https:\/\/i0.wp.com\/www.rockpixx.com\/wordpress\/wp-content\/uploads\/2013\/06\/20130629-01-012_rocklabirint-Artikel.jpg?resize=350%2C200","width":350,"height":200,"srcset":"https:\/\/i0.wp.com\/www.rockpixx.com\/wordpress\/wp-content\/uploads\/2013\/06\/20130629-01-012_rocklabirint-Artikel.jpg?resize=350%2C200 1x, https:\/\/i0.wp.com\/www.rockpixx.com\/wordpress\/wp-content\/uploads\/2013\/06\/20130629-01-012_rocklabirint-Artikel.jpg?resize=525%2C300 1.5x, https:\/\/i0.wp.com\/www.rockpixx.com\/wordpress\/wp-content\/uploads\/2013\/06\/20130629-01-012_rocklabirint-Artikel.jpg?resize=700%2C400 2x"},"classes":[]},{"id":8065,"url":"http:\/\/www.rockpixx.com\/wordpress\/gwendoline-26-06-2011-kiel-maxbuhne\/","url_meta":{"origin":8488,"position":2},"title":"Gwendoline, 26.06.2011, Kiel, MAXB\u00fchne","author":"Anja","date":"26. Juni 2011","format":false,"excerpt":"Wie schon in den letzten Jahren beschlie\u00dfen die Jungs von \u201eGwendoline\u201c die gro\u00dfe Party welche letzte Woche hier begonnen hat. Trotz Regens fand sich jeden Abend eine ausgelassen feiernde Partymenge vor der MAXB\u00fchne ein. Heute feiern wir mit der Musik der \u201e\u00c4rzte\u201c in eine laue Sommernacht hinein. Ich stelle auch\u2026","rel":"","context":"In &quot;Acts&quot;","block_context":{"text":"Acts","link":"http:\/\/www.rockpixx.com\/wordpress\/category\/acts\/"},"img":{"alt_text":"Gwendoline, 26.06.2011, Kiel, MAXB\u00fchne","src":"https:\/\/i0.wp.com\/www.rockpixx.com\/wordpress\/wp-content\/uploads\/2011\/06\/20110626-03-gwendoline-Artikel.jpg?resize=350%2C200","width":350,"height":200,"srcset":"https:\/\/i0.wp.com\/www.rockpixx.com\/wordpress\/wp-content\/uploads\/2011\/06\/20110626-03-gwendoline-Artikel.jpg?resize=350%2C200 1x, https:\/\/i0.wp.com\/www.rockpixx.com\/wordpress\/wp-content\/uploads\/2011\/06\/20110626-03-gwendoline-Artikel.jpg?resize=525%2C300 1.5x, https:\/\/i0.wp.com\/www.rockpixx.com\/wordpress\/wp-content\/uploads\/2011\/06\/20110626-03-gwendoline-Artikel.jpg?resize=700%2C400 2x"},"classes":[]},{"id":8585,"url":"http:\/\/www.rockpixx.com\/wordpress\/legends-of-rock-20-06-2012-kiel-maxbuhne\/","url_meta":{"origin":8488,"position":3},"title":"Legends of Rock, 20.06.2012, Kiel, MAXB\u00fchne","author":"Anja","date":"20. Juni 2012","format":false,"excerpt":"Auf dem Weg zur MAXB\u00fchne h\u00f6rte ich schon die harten und lauten Beats, wie sie nur in der Rockmusik vorkommen k\u00f6nnen. \u201eLegends of Rock\u201c waren schon eine ganze Weile auf der B\u00fchne beim Abrocken und das Publikum davor auch. Ich packte schnell meine Kameras aus, und versuchte, in dem Gewusel\u2026","rel":"","context":"In &quot;Acts&quot;","block_context":{"text":"Acts","link":"http:\/\/www.rockpixx.com\/wordpress\/category\/acts\/"},"img":{"alt_text":"Legends of Rock, 20.06.2012, Kiel, MAXB\u00fchne","src":"https:\/\/i0.wp.com\/www.rockpixx.com\/wordpress\/wp-content\/uploads\/2013\/02\/20120620-05-legends-of-rock-Artikel.jpg?resize=350%2C200","width":350,"height":200,"srcset":"https:\/\/i0.wp.com\/www.rockpixx.com\/wordpress\/wp-content\/uploads\/2013\/02\/20120620-05-legends-of-rock-Artikel.jpg?resize=350%2C200 1x, https:\/\/i0.wp.com\/www.rockpixx.com\/wordpress\/wp-content\/uploads\/2013\/02\/20120620-05-legends-of-rock-Artikel.jpg?resize=525%2C300 1.5x, https:\/\/i0.wp.com\/www.rockpixx.com\/wordpress\/wp-content\/uploads\/2013\/02\/20120620-05-legends-of-rock-Artikel.jpg?resize=700%2C400 2x"},"classes":[]},{"id":6972,"url":"http:\/\/www.rockpixx.com\/wordpress\/coverline-25-06-2010-kiel-maxbuhne\/","url_meta":{"origin":8488,"position":4},"title":"CoverLine, 25.06.2010, Kiel, MAXB\u00fchne","author":"Anja","date":"25. Juni 2010","format":false,"excerpt":"Was w\u00e4re die Kieler Woche ohne ein Konzert von CoverLine. Wir freuten uns schon auf das Konzert, da wie die Musiker auch pers\u00f6nlich kennen. So war es kein Problem, dass wir auch auf der B\u00fchne fotografieren durften. Leider hatten wir dieses Mal viel Ausschuss bei unseren Bildern, denn in einigen\u2026","rel":"","context":"In &quot;Acts&quot;","block_context":{"text":"Acts","link":"http:\/\/www.rockpixx.com\/wordpress\/category\/acts\/"},"img":{"alt_text":"CoverLine, 25.06.2010, Kiel, MAXB\u00fchne","src":"https:\/\/i0.wp.com\/www.rockpixx.com\/wordpress\/wp-content\/uploads\/2013\/01\/20100625-05-coverline-Artikel.jpg?resize=350%2C200","width":350,"height":200,"srcset":"https:\/\/i0.wp.com\/www.rockpixx.com\/wordpress\/wp-content\/uploads\/2013\/01\/20100625-05-coverline-Artikel.jpg?resize=350%2C200 1x, https:\/\/i0.wp.com\/www.rockpixx.com\/wordpress\/wp-content\/uploads\/2013\/01\/20100625-05-coverline-Artikel.jpg?resize=525%2C300 1.5x, https:\/\/i0.wp.com\/www.rockpixx.com\/wordpress\/wp-content\/uploads\/2013\/01\/20100625-05-coverline-Artikel.jpg?resize=700%2C400 2x"},"classes":[]},{"id":7050,"url":"http:\/\/www.rockpixx.com\/wordpress\/drive-26-06-2010-kiel-maxbuhne\/","url_meta":{"origin":8488,"position":5},"title":"Drive!, 26.06.2010, Kiel, MAXB\u00fchne","author":"Anja","date":"26. Juni 2010","format":false,"excerpt":"Irgendwie haben wir im letzten Jahr \u00fcber die Jungs und das M\u00e4del von \u201eDrive!\u201c etwas geschrieben, das die erfreut hat. Das freut uns. Und dieses Jahr k\u00f6nnen wir auch nichts Negatives schreiben, weil sie wieder gut waren. So gut, dass sie die vom \u2192\u00a0Nena-Konzert zur\u00fcckstr\u00f6menden Massen auf dem Platz vor\u2026","rel":"","context":"In &quot;Acts&quot;","block_context":{"text":"Acts","link":"http:\/\/www.rockpixx.com\/wordpress\/category\/acts\/"},"img":{"alt_text":"Drive!, 26.06.2010, Kiel, MAXB\u00fchne","src":"https:\/\/i0.wp.com\/www.rockpixx.com\/wordpress\/wp-content\/uploads\/2013\/01\/20100626-04-drive-Artikel.jpg?resize=350%2C200","width":350,"height":200,"srcset":"https:\/\/i0.wp.com\/www.rockpixx.com\/wordpress\/wp-content\/uploads\/2013\/01\/20100626-04-drive-Artikel.jpg?resize=350%2C200 1x, https:\/\/i0.wp.com\/www.rockpixx.com\/wordpress\/wp-content\/uploads\/2013\/01\/20100626-04-drive-Artikel.jpg?resize=525%2C300 1.5x, https:\/\/i0.wp.com\/www.rockpixx.com\/wordpress\/wp-content\/uploads\/2013\/01\/20100626-04-drive-Artikel.jpg?resize=700%2C400 2x"},"classes":[]}],"jetpack_sharing_enabled":true,"publishpress_future_action":{"enabled":false,"date":"2026-05-09 00:56:19","action":"change-status","newStatus":"draft","terms":[],"taxonomy":"category","extraData":[]},"publishpress_future_workflow_manual_trigger":{"enabledWorkflows":[]},"_links":{"self":[{"href":"http:\/\/www.rockpixx.com\/wordpress\/wp-json\/wp\/v2\/posts\/8488","targetHints":{"allow":["GET"]}}],"collection":[{"href":"http:\/\/www.rockpixx.com\/wordpress\/wp-json\/wp\/v2\/posts"}],"about":[{"href":"http:\/\/www.rockpixx.com\/wordpress\/wp-json\/wp\/v2\/types\/post"}],"author":[{"embeddable":true,"href":"http:\/\/www.rockpixx.com\/wordpress\/wp-json\/wp\/v2\/users\/2"}],"replies":[{"embeddable":true,"href":"http:\/\/www.rockpixx.com\/wordpress\/wp-json\/wp\/v2\/comments?post=8488"}],"version-history":[{"count":0,"href":"http:\/\/www.rockpixx.com\/wordpress\/wp-json\/wp\/v2\/posts\/8488\/revisions"}],"wp:featuredmedia":[{"embeddable":true,"href":"http:\/\/www.rockpixx.com\/wordpress\/wp-json\/wp\/v2\/media\/8474"}],"wp:attachment":[{"href":"http:\/\/www.rockpixx.com\/wordpress\/wp-json\/wp\/v2\/media?parent=8488"}],"wp:term":[{"taxonomy":"category","embeddable":true,"href":"http:\/\/www.rockpixx.com\/wordpress\/wp-json\/wp\/v2\/categories?post=8488"},{"taxonomy":"post_tag","embeddable":true,"href":"http:\/\/www.rockpixx.com\/wordpress\/wp-json\/wp\/v2\/tags?post=8488"}],"curies":[{"name":"wp","href":"https:\/\/api.w.org\/{rel}","templated":true}]}}