{"id":8519,"date":"2012-06-18T06:00:15","date_gmt":"2012-06-18T04:00:15","guid":{"rendered":"http:\/\/rockpixx.com\/wordpress\/?p=8519"},"modified":"2013-02-07T23:58:10","modified_gmt":"2013-02-07T21:58:10","slug":"u2-the-tribute-18-06-2012-kiel-rathausbuhne","status":"publish","type":"post","link":"http:\/\/www.rockpixx.com\/wordpress\/u2-the-tribute-18-06-2012-kiel-rathausbuhne\/","title":{"rendered":"U2: The Tribute, 18.06.2012, Kiel, Rathausb\u00fchne"},"content":{"rendered":"<p>U2-The Tribute&#8230; da ich die Musik von U2 mag, sagte ich mir nix wie hin an die Rathausb\u00fchne &#8211; zum zweiten Mal an diesem Abend. Als die Band auf die B\u00fchne kam, dachte ich mir, die Jungs kennst du doch und nach einem Blick auf die Bassdrum war mir klar, wen ich vor mir hatte.<!--more--> Als Mind2Mode hatte ich bereits \u2192\u00a0<a title=\"Mind2Mode, 19.06.2009, Kiel, HSH Nordbank-B\u00fchne\" href=\"http:\/\/rockpixx.com\/wordpress\/?p=4826\" target=\"_blank\">2009<\/a>\u00a0das Vergn\u00fcgen, damals standen sie mit einem Mix aus Ihrem Depeche-Mode-, Simple Minds- und U2 &#8211; Programm auf der Rathausb\u00fchne.<\/p>\n<p>Ich pers\u00f6nlich fand den Auftritt als U2-Tribute-Band Klasse&#8230; von der Musik, der Gestik und dem Gesang. Der S\u00e4nger ist eine &#8222;Rampensau&#8220; par excellence&#8230; egal ob als Bono oder Dave Gahan. Sie sind sehenswert egal mit welcher ihrer 3 Tribute-Shows.<\/p>\n<p style=\"text-align: right;\">Fotos:\u00a0<a href=\"mailto:a.roselt@rockpixx.com?subject=Fotos%20von%20U2:%20The%20Tribute,%20Kiel%20%E2%80%9ERathausb%C3%BChne%E2%80%9C,%2018.06.2012\">Anja<\/a>\u00a0| Text:\u00a0<a href=\"mailto:a.roselt@rockpixx.com?subject=Reviewtext%20von%20U2:%20The%20Tribute,%20Kiel%20%E2%80%9ERathausb%C3%BChne%E2%80%9C,%2018.06.2012\">Anja<\/a><\/p>\n<p>&nbsp;<\/p>\n<p>[slideshow id=141]<\/p>\n","protected":false},"excerpt":{"rendered":"<p>U2-The Tribute&#8230; da ich die Musik von U2 mag, sagte ich mir nix wie hin <a href=\"http:\/\/www.rockpixx.com\/wordpress\/u2-the-tribute-18-06-2012-kiel-rathausbuhne\/\">Read more<\/a><\/p>\n","protected":false},"author":2,"featured_media":8479,"comment_status":"open","ping_status":"open","sticky":false,"template":"","format":"standard","meta":{"_jetpack_memberships_contains_paid_content":false,"footnotes":"","jetpack_publicize_message":"","jetpack_publicize_feature_enabled":true,"jetpack_social_post_already_shared":true,"jetpack_social_options":{"image_generator_settings":{"template":"highway","default_image_id":0,"font":"","enabled":false},"version":2}},"categories":[34,5,27,632],"tags":[1759,133,1735,138,2057,1720,1992],"class_list":["post-8519","post","type-post","status-publish","format-standard","has-post-thumbnail","hentry","category-acts","category-tributebands","category-u2","category-u2-the-tribute","tag-1759","tag-festivals","tag-kiel","tag-kieler-woche","tag-rathausbuhne","tag-u2","tag-u2-the-tribute"],"aioseo_notices":[],"jetpack_publicize_connections":[],"jetpack_featured_media_url":"http:\/\/www.rockpixx.com\/wordpress\/wp-content\/uploads\/2013\/02\/20120618-06-u2-the-tribute-Artikel.jpg","jetpack-related-posts":[{"id":6653,"url":"http:\/\/www.rockpixx.com\/wordpress\/brothers-in-arms-21-06-2010-kiel-rathausbuhne\/","url_meta":{"origin":8519,"position":0},"title":"Brothers in Arms, 21.06.2010, Kiel, Rathausb\u00fchne","author":"Anja","date":"21. Juni 2010","format":false,"excerpt":"Zur\u00fcck zur Rathausb\u00fchne: Schon w\u00e4hrend ich zwei Stunden zuvor \u201eMr. Police\u201c ablichtete, tippte mir der freundliche Oly von \u201eBrothers in Arms\u201c von hinten auf die Schulter und sagte mir, f\u00fcr nachher ginge alles klar mit dem Fotografieren auf der B\u00fchne. Also zum wiederholten Male die Musik von \u201eDire Straits\u201c ablichten\u2026","rel":"","context":"In &quot;Acts&quot;","block_context":{"text":"Acts","link":"http:\/\/www.rockpixx.com\/wordpress\/category\/acts\/"},"img":{"alt_text":"Brothers in Arms, 21.06.2010, Kiel, Rathausb\u00fchne","src":"https:\/\/i0.wp.com\/www.rockpixx.com\/wordpress\/wp-content\/uploads\/2013\/01\/20100621-07-brothers-in-arms-Artikel.jpg?resize=350%2C200","width":350,"height":200,"srcset":"https:\/\/i0.wp.com\/www.rockpixx.com\/wordpress\/wp-content\/uploads\/2013\/01\/20100621-07-brothers-in-arms-Artikel.jpg?resize=350%2C200 1x, https:\/\/i0.wp.com\/www.rockpixx.com\/wordpress\/wp-content\/uploads\/2013\/01\/20100621-07-brothers-in-arms-Artikel.jpg?resize=525%2C300 1.5x, https:\/\/i0.wp.com\/www.rockpixx.com\/wordpress\/wp-content\/uploads\/2013\/01\/20100621-07-brothers-in-arms-Artikel.jpg?resize=700%2C400 2x"},"classes":[]},{"id":7921,"url":"http:\/\/www.rockpixx.com\/wordpress\/andy-scotts-sweet-22-06-2011-kiel-rathausbuhne\/","url_meta":{"origin":8519,"position":1},"title":"Andy Scott&#8217;s Sweet, 22.06.2011, Kiel, Rathausb\u00fchne","author":"Anja","date":"22. Juni 2011","format":false,"excerpt":"Glamrock-Nacht an der Rathausb\u00fchne in Kiel und ich war mittendrinnen. Begeisterte Fans skandierten immer mal wieder von Blicken nach oben \u2013 \u201eH\u00e4lt das Wetter?\u201c \u2013 \u201eWir wollen Sweet! Wir wollen Sweet!\u201c. Was will man mehr als Musiker als von den Fans auf die B\u00fchne gerufen zu werden? Da kamen sie\u2026\u2026","rel":"","context":"In &quot;Acts&quot;","block_context":{"text":"Acts","link":"http:\/\/www.rockpixx.com\/wordpress\/category\/acts\/"},"img":{"alt_text":"Andy Scott's Sweet, 22.06.2011, Kiel, Rathausb\u00fchne","src":"https:\/\/i0.wp.com\/www.rockpixx.com\/wordpress\/wp-content\/uploads\/2013\/02\/20110622-02-sweet-Artikel.jpg?resize=350%2C200","width":350,"height":200,"srcset":"https:\/\/i0.wp.com\/www.rockpixx.com\/wordpress\/wp-content\/uploads\/2013\/02\/20110622-02-sweet-Artikel.jpg?resize=350%2C200 1x, https:\/\/i0.wp.com\/www.rockpixx.com\/wordpress\/wp-content\/uploads\/2013\/02\/20110622-02-sweet-Artikel.jpg?resize=525%2C300 1.5x, https:\/\/i0.wp.com\/www.rockpixx.com\/wordpress\/wp-content\/uploads\/2013\/02\/20110622-02-sweet-Artikel.jpg?resize=700%2C400 2x"},"classes":[]},{"id":2562,"url":"http:\/\/www.rockpixx.com\/wordpress\/zootv-u2-25-06-2008-kiel-maxbuhne\/","url_meta":{"origin":8519,"position":2},"title":"ZooTV, 25.06.2008, Kiel, MAXB\u00fchne","author":"Anja","date":"25. Juni 2008","format":false,"excerpt":"Zoo TV, die U2-Tributeband aus Hamburg zum zweiten Mal. War ich noch \u2192\u00a02007 im November in Braunschweig nicht vollends zufrieden mit der gebotenen Performance, so wurde ich dieses Mal restlos zufrieden gestellt. Jetzt stimmte alles: Musik, Sound, Licht und Performance. Auch der S\u00e4nger war dieses Mal mehr am Singen als\u2026","rel":"","context":"In &quot;Acts&quot;","block_context":{"text":"Acts","link":"http:\/\/www.rockpixx.com\/wordpress\/category\/acts\/"},"img":{"alt_text":"ZooTV, 25.06.2008, Kiel, MAXB\u00fchne","src":"https:\/\/i0.wp.com\/www.rockpixx.com\/wordpress\/wp-content\/uploads\/2008\/06\/20080625-03-zootv-Artikel.jpg?resize=350%2C200","width":350,"height":200,"srcset":"https:\/\/i0.wp.com\/www.rockpixx.com\/wordpress\/wp-content\/uploads\/2008\/06\/20080625-03-zootv-Artikel.jpg?resize=350%2C200 1x, https:\/\/i0.wp.com\/www.rockpixx.com\/wordpress\/wp-content\/uploads\/2008\/06\/20080625-03-zootv-Artikel.jpg?resize=525%2C300 1.5x, https:\/\/i0.wp.com\/www.rockpixx.com\/wordpress\/wp-content\/uploads\/2008\/06\/20080625-03-zootv-Artikel.jpg?resize=700%2C400 2x"},"classes":[]},{"id":1372,"url":"http:\/\/www.rockpixx.com\/wordpress\/zootv-10-11-2007-braunschweig-volkswagenhalle\/","url_meta":{"origin":8519,"position":3},"title":"ZooTV, 10.11.2007, Braunschweig, Volkswagenhalle","author":"Anja","date":"10. November 2007","format":false,"excerpt":"Nach dem fulminanten Auftritt von \u2192\u00a0\u201eBarock\u201c wird's schwer f\u00fcr \u201eZoo TV\u201c, diese Performance noch zu toppen. Die Musik von \u201eU2\u201c ist naturgem\u00e4\u00df etwas ruhiger und das Publikum muss auch erst einmal wieder auf T\u00f6ne eingestimmt werden, bei denen es nicht \u201evoll auf die Ohren gibt\u201c. Eigentlich gelingt es den Musikern\u2026","rel":"","context":"In &quot;Acts&quot;","block_context":{"text":"Acts","link":"http:\/\/www.rockpixx.com\/wordpress\/category\/acts\/"},"img":{"alt_text":"ZooTV, 10.11.2007, Braunschweig, Volkswagenhalle","src":"https:\/\/i0.wp.com\/www.rockpixx.com\/wordpress\/wp-content\/uploads\/2007\/11\/20071110-05-zootv-Artikel.jpg?resize=350%2C200","width":350,"height":200,"srcset":"https:\/\/i0.wp.com\/www.rockpixx.com\/wordpress\/wp-content\/uploads\/2007\/11\/20071110-05-zootv-Artikel.jpg?resize=350%2C200 1x, https:\/\/i0.wp.com\/www.rockpixx.com\/wordpress\/wp-content\/uploads\/2007\/11\/20071110-05-zootv-Artikel.jpg?resize=525%2C300 1.5x, https:\/\/i0.wp.com\/www.rockpixx.com\/wordpress\/wp-content\/uploads\/2007\/11\/20071110-05-zootv-Artikel.jpg?resize=700%2C400 2x"},"classes":[]},{"id":6452,"url":"http:\/\/www.rockpixx.com\/wordpress\/recartney-19-06-2010-kiel-rathausbuhne\/","url_meta":{"origin":8519,"position":4},"title":"ReCartney, 19.06.2010, Kiel, Rathausb\u00fchne","author":"Anja","date":"19. Juni 2010","format":false,"excerpt":"Nach Guildo Horn ging es gleich auf der Rathausb\u00fchne mit ReCartney weiter: Eine der besten Beatles-Tributebands. Auch optisch kommen sie gut an Ihre Vorbilder in jungen Jahren ran. Viele der Besucher des Er\u00f6ffnungskonzertes sind dann auch noch geblieben, so dass die Jungs vor einer ansehnlichen Zuschauermenge spielen konnten. \u00dcber die\u2026","rel":"","context":"In &quot;Acts&quot;","block_context":{"text":"Acts","link":"http:\/\/www.rockpixx.com\/wordpress\/category\/acts\/"},"img":{"alt_text":"ReCartney, 19.06.2010, Kiel, Rathausb\u00fchne","src":"https:\/\/i0.wp.com\/www.rockpixx.com\/wordpress\/wp-content\/uploads\/2013\/01\/20100619-04-recartney-Artikel.jpg?resize=350%2C200","width":350,"height":200,"srcset":"https:\/\/i0.wp.com\/www.rockpixx.com\/wordpress\/wp-content\/uploads\/2013\/01\/20100619-04-recartney-Artikel.jpg?resize=350%2C200 1x, https:\/\/i0.wp.com\/www.rockpixx.com\/wordpress\/wp-content\/uploads\/2013\/01\/20100619-04-recartney-Artikel.jpg?resize=525%2C300 1.5x, https:\/\/i0.wp.com\/www.rockpixx.com\/wordpress\/wp-content\/uploads\/2013\/01\/20100619-04-recartney-Artikel.jpg?resize=700%2C400 2x"},"classes":[]},{"id":8414,"url":"http:\/\/www.rockpixx.com\/wordpress\/marquess-15-06-2012-kiel-rathausbuhne\/","url_meta":{"origin":8519,"position":5},"title":"Marquess, 15.06.2012, Kiel, Rathausb\u00fchne","author":"Anja","date":"15. Juni 2012","format":false,"excerpt":"Das typische Kieler Woche Wetter \u2013 Wasser von oben, von der Seite usw. \u2013 bescherte mir einen freien Weg von der h\u00f6rn b\u00fchne zur Rathausb\u00fchne und so schaffte ich den Weg in gut 20 min. An der Rathausb\u00fchne erwartete mich Marquess eine deutsche Band, die durch Lieder wie \u201eEl Temperamento\u201c\u2026","rel":"","context":"In &quot;Acts&quot;","block_context":{"text":"Acts","link":"http:\/\/www.rockpixx.com\/wordpress\/category\/acts\/"},"img":{"alt_text":"Marquess, 15.06.2012, Kiel, Rathausb\u00fchne","src":"https:\/\/i0.wp.com\/www.rockpixx.com\/wordpress\/wp-content\/uploads\/2013\/02\/20120615-04-marquess-Artikel.jpg?resize=350%2C200","width":350,"height":200,"srcset":"https:\/\/i0.wp.com\/www.rockpixx.com\/wordpress\/wp-content\/uploads\/2013\/02\/20120615-04-marquess-Artikel.jpg?resize=350%2C200 1x, https:\/\/i0.wp.com\/www.rockpixx.com\/wordpress\/wp-content\/uploads\/2013\/02\/20120615-04-marquess-Artikel.jpg?resize=525%2C300 1.5x, https:\/\/i0.wp.com\/www.rockpixx.com\/wordpress\/wp-content\/uploads\/2013\/02\/20120615-04-marquess-Artikel.jpg?resize=700%2C400 2x"},"classes":[]}],"jetpack_sharing_enabled":true,"publishpress_future_action":{"enabled":false,"date":"2026-05-06 09:50:06","action":"change-status","newStatus":"draft","terms":[],"taxonomy":"category","extraData":[]},"publishpress_future_workflow_manual_trigger":{"enabledWorkflows":[]},"_links":{"self":[{"href":"http:\/\/www.rockpixx.com\/wordpress\/wp-json\/wp\/v2\/posts\/8519","targetHints":{"allow":["GET"]}}],"collection":[{"href":"http:\/\/www.rockpixx.com\/wordpress\/wp-json\/wp\/v2\/posts"}],"about":[{"href":"http:\/\/www.rockpixx.com\/wordpress\/wp-json\/wp\/v2\/types\/post"}],"author":[{"embeddable":true,"href":"http:\/\/www.rockpixx.com\/wordpress\/wp-json\/wp\/v2\/users\/2"}],"replies":[{"embeddable":true,"href":"http:\/\/www.rockpixx.com\/wordpress\/wp-json\/wp\/v2\/comments?post=8519"}],"version-history":[{"count":0,"href":"http:\/\/www.rockpixx.com\/wordpress\/wp-json\/wp\/v2\/posts\/8519\/revisions"}],"wp:featuredmedia":[{"embeddable":true,"href":"http:\/\/www.rockpixx.com\/wordpress\/wp-json\/wp\/v2\/media\/8479"}],"wp:attachment":[{"href":"http:\/\/www.rockpixx.com\/wordpress\/wp-json\/wp\/v2\/media?parent=8519"}],"wp:term":[{"taxonomy":"category","embeddable":true,"href":"http:\/\/www.rockpixx.com\/wordpress\/wp-json\/wp\/v2\/categories?post=8519"},{"taxonomy":"post_tag","embeddable":true,"href":"http:\/\/www.rockpixx.com\/wordpress\/wp-json\/wp\/v2\/tags?post=8519"}],"curies":[{"name":"wp","href":"https:\/\/api.w.org\/{rel}","templated":true}]}}