{"id":8542,"date":"2012-06-20T01:00:37","date_gmt":"2012-06-19T23:00:37","guid":{"rendered":"http:\/\/rockpixx.com\/wordpress\/?p=8542"},"modified":"2013-02-08T16:04:09","modified_gmt":"2013-02-08T14:04:09","slug":"simple-plan-20-06-2012-kiel-ndr-buhne","status":"publish","type":"post","link":"http:\/\/www.rockpixx.com\/wordpress\/simple-plan-20-06-2012-kiel-ndr-buhne\/","title":{"rendered":"Simple Plan, 20.06.2012, Kiel, NDR-B\u00fchne"},"content":{"rendered":"<p>Simple Plan stand heute als erstes auf dem Plan. F\u00fcnf kanadische Rockmusiker, die ich vor der Kieler Woche nicht bewusst wahrgenommen habe, obwohl ihre Songs zur Zeit im Radio rauf und runter gespielt werden. Diese Lieder wie z.B. <em>\u201eSummer Paradise\u201c<\/em> und <em>\u201eJet Lag\u201c<\/em> brachten die zum gr\u00f6\u00dften Teil weibliche Menge auf dem Ostseekai zum Toben. <!--more-->Im vorderen Zuschauerbereich h\u00e4tte sich auch eine Sardine wohlgef\u00fchlt, so eng standen die M\u00e4dels.<\/p>\n<p>Die Musiker haben auch eine gute Show auf die B\u00fchne gebracht, so dass es nicht nur f\u00fcr die Ohren sondern auch f\u00fcr die Augen was gab. Und ich stelle immer wieder fest \u2013 Bassisten bei Rockgruppen m\u00fcssen das \u201ePoser-Gen\u201c in sich tragen, so auch hier. Aber seht selbst\u2026<\/p>\n<p style=\"text-align: right;\">Fotos:\u00a0<a href=\"mailto:a.roselt@rockpixx.com?subject=Fotos%20von%20Simple%20Plan,%20Kiel%20%E2%80%9ENDR-B%C3%BChne%E2%80%9C,%2020.06.2012\">Anja<\/a>\u00a0| Text:\u00a0<a href=\"mailto:a.roselt@rockpixx.com?subject=Reviewtext%20von%20Simple%20Plan,%20Kiel%20%E2%80%9ENDR-B%C3%BChne%E2%80%9C,%2020.06.2012\">Anja<\/a><\/p>\n<p>&nbsp;<\/p>\n<p>[slideshow id=146]<\/p>\n","protected":false},"excerpt":{"rendered":"<p>Simple Plan stand heute als erstes auf dem Plan. F\u00fcnf kanadische Rockmusiker, die ich vor <a href=\"http:\/\/www.rockpixx.com\/wordpress\/simple-plan-20-06-2012-kiel-ndr-buhne\/\">Read more<\/a><\/p>\n","protected":false},"author":2,"featured_media":8529,"comment_status":"open","ping_status":"open","sticky":false,"template":"","format":"standard","meta":{"_jetpack_memberships_contains_paid_content":false,"footnotes":"","jetpack_publicize_message":"","jetpack_publicize_feature_enabled":true,"jetpack_social_post_already_shared":true,"jetpack_social_options":{"image_generator_settings":{"template":"highway","default_image_id":0,"font":"","enabled":false},"version":2}},"categories":[34,635],"tags":[1759,133,1735,138,1775,1997],"class_list":["post-8542","post","type-post","status-publish","format-standard","has-post-thumbnail","hentry","category-acts","category-simple-plan","tag-1759","tag-festivals","tag-kiel","tag-kieler-woche","tag-ndr-buhne","tag-simple-plan"],"aioseo_notices":[],"jetpack_publicize_connections":[],"jetpack_featured_media_url":"http:\/\/www.rockpixx.com\/wordpress\/wp-content\/uploads\/2013\/02\/20120620-01-simple-plan-Artikel.jpg","jetpack-related-posts":[{"id":18694,"url":"http:\/\/www.rockpixx.com\/wordpress\/madcon-26-06-2015-kieler-woche-ndr-buehne-kiel\/","url_meta":{"origin":8542,"position":0},"title":"Madcon, 26.06.2015, Kieler Woche, NDR-B\u00fchne, Kiel","author":"Anja","date":"27. Juni 2015","format":false,"excerpt":"F\u00fcr mich war es das dritte Mal, dass ich die Musiker Tshawe Baqwa und Yosef Wolde-Mariam \u2013 einfacher gesagt \u201eMadcon\u201c vor der Linse hatte. Als ich am Ostseekai ankam, war dieser schon recht gut gef\u00fcllt, da vor \u201eMadcon\u201c noch \u201eTeesy\u201c auf der B\u00fchne stand. Die M\u00e4dels sind schier ausgerastet. Aber\u2026","rel":"","context":"In &quot;Acts&quot;","block_context":{"text":"Acts","link":"http:\/\/www.rockpixx.com\/wordpress\/category\/acts\/"},"img":{"alt_text":"Madcon, 26.06.2015, NDR-B\u00fchne, Kiel","src":"https:\/\/i0.wp.com\/www.rockpixx.com\/wordpress\/wp-content\/uploads\/2015\/06\/20150626-04-027_madcon_Artikel.jpg?resize=350%2C200","width":350,"height":200,"srcset":"https:\/\/i0.wp.com\/www.rockpixx.com\/wordpress\/wp-content\/uploads\/2015\/06\/20150626-04-027_madcon_Artikel.jpg?resize=350%2C200 1x, https:\/\/i0.wp.com\/www.rockpixx.com\/wordpress\/wp-content\/uploads\/2015\/06\/20150626-04-027_madcon_Artikel.jpg?resize=525%2C300 1.5x, https:\/\/i0.wp.com\/www.rockpixx.com\/wordpress\/wp-content\/uploads\/2015\/06\/20150626-04-027_madcon_Artikel.jpg?resize=700%2C400 2x"},"classes":[]},{"id":18495,"url":"http:\/\/www.rockpixx.com\/wordpress\/schreiber-23-06-2015-kieler-woche-ndr-buehne-kiel\/","url_meta":{"origin":8542,"position":1},"title":"Schreiber, 23.06.2015, Kieler Woche, NDR-B\u00fchne, Kiel","author":"Anja","date":"24. Juni 2015","format":false,"excerpt":"Wer hinter dem Schleswig-Holstein Hammer ein Treffen der Handwerker-Innung Deutschland zum allj\u00e4hrlichen Matjesbr\u00f6tchen-Wettessen vermutet, liegt diesmal vollkommen daneben. Der Schleswig-Holstein Hammer steht f\u00fcr Hammer-Bands, Hammer-Musik, eine Hammer-Performance und eine hammerm\u00e4\u00dfig gute Musikszene hier im Norden. Um beim SH-Hammer dabei sein zu d\u00fcrfen, m\u00fcssen die Teilnehmer aus Schleswig-Holstein stammen und nat\u00fcrlich\u2026","rel":"","context":"In &quot;Acts&quot;","block_context":{"text":"Acts","link":"http:\/\/www.rockpixx.com\/wordpress\/category\/acts\/"},"img":{"alt_text":"Schreiber, Schleswig-Holstein Hammer, 23.06.2015, NDR-B\u00fchne, Kiel","src":"https:\/\/i0.wp.com\/www.rockpixx.com\/wordpress\/wp-content\/uploads\/2015\/06\/20150623-03-008_schreiber_Artikel.jpg?resize=350%2C200","width":350,"height":200,"srcset":"https:\/\/i0.wp.com\/www.rockpixx.com\/wordpress\/wp-content\/uploads\/2015\/06\/20150623-03-008_schreiber_Artikel.jpg?resize=350%2C200 1x, https:\/\/i0.wp.com\/www.rockpixx.com\/wordpress\/wp-content\/uploads\/2015\/06\/20150623-03-008_schreiber_Artikel.jpg?resize=525%2C300 1.5x, https:\/\/i0.wp.com\/www.rockpixx.com\/wordpress\/wp-content\/uploads\/2015\/06\/20150623-03-008_schreiber_Artikel.jpg?resize=700%2C400 2x"},"classes":[]},{"id":18533,"url":"http:\/\/www.rockpixx.com\/wordpress\/mary-jane-killed-the-cat-23-06-2015-kieler-woche-ndr-buehne-kiel\/","url_meta":{"origin":8542,"position":2},"title":"Mary Jane Killed The Cat, 23.06.2015, Kieler Woche, NDR-B\u00fchne, Kiel","author":"Anja","date":"24. Juni 2015","format":false,"excerpt":"Wer hinter dem Schleswig-Holstein Hammer ein Treffen der Handwerker-Innung Deutschland zum allj\u00e4hrlichen Matjesbr\u00f6tchen-Wettessen vermutet, liegt diesmal vollkommen daneben. Der Schleswig-Holstein Hammer steht f\u00fcr Hammer-Bands, Hammer-Musik, eine Hammer-Performance und eine hammerm\u00e4\u00dfig gute Musikszene hier im Norden. Um beim SH-Hammer dabei sein zu d\u00fcrfen, m\u00fcssen die Teilnehmer aus Schleswig-Holstein stammen und nat\u00fcrlich\u2026","rel":"","context":"In &quot;Acts&quot;","block_context":{"text":"Acts","link":"http:\/\/www.rockpixx.com\/wordpress\/category\/acts\/"},"img":{"alt_text":"mjktc (Mary Jane killed the cat), Schleswig-Holstein Hammer, 23.06.2015, NDR-B\u00fchne, Kiel","src":"https:\/\/i0.wp.com\/www.rockpixx.com\/wordpress\/wp-content\/uploads\/2015\/06\/20150623-07-018_mjktc_Artikel.jpg?resize=350%2C200","width":350,"height":200,"srcset":"https:\/\/i0.wp.com\/www.rockpixx.com\/wordpress\/wp-content\/uploads\/2015\/06\/20150623-07-018_mjktc_Artikel.jpg?resize=350%2C200 1x, https:\/\/i0.wp.com\/www.rockpixx.com\/wordpress\/wp-content\/uploads\/2015\/06\/20150623-07-018_mjktc_Artikel.jpg?resize=525%2C300 1.5x, https:\/\/i0.wp.com\/www.rockpixx.com\/wordpress\/wp-content\/uploads\/2015\/06\/20150623-07-018_mjktc_Artikel.jpg?resize=700%2C400 2x"},"classes":[]},{"id":18483,"url":"http:\/\/www.rockpixx.com\/wordpress\/beige-23-06-2015-kieler-woche-ndr-buehne-kiel\/","url_meta":{"origin":8542,"position":3},"title":"beige, 23.06.2015, Kieler Woche, NDR-B\u00fchne, Kiel","author":"Anja","date":"24. Juni 2015","format":false,"excerpt":"Wer hinter dem Schleswig-Holstein Hammer ein Treffen der Handwerker-Innung Deutschland zum allj\u00e4hrlichen Matjesbr\u00f6tchen-Wettessen vermutet, liegt diesmal vollkommen daneben. Der Schleswig-Holstein Hammer steht f\u00fcr Hammer-Bands, Hammer-Musik, eine Hammer-Performance und eine hammerm\u00e4\u00dfig gute Musikszene hier im Norden. Um beim SH-Hammer dabei sein zu d\u00fcrfen, m\u00fcssen die Teilnehmer aus Schleswig-Holstein stammen und nat\u00fcrlich\u2026","rel":"","context":"In &quot;Acts&quot;","block_context":{"text":"Acts","link":"http:\/\/www.rockpixx.com\/wordpress\/category\/acts\/"},"img":{"alt_text":"beige, Schleswig-Holstein Hammer, 23.06.2015, NDR-B\u00fchne, Kiel","src":"https:\/\/i0.wp.com\/www.rockpixx.com\/wordpress\/wp-content\/uploads\/2015\/06\/20150623-02-011_beige_Artikel.jpg?resize=350%2C200","width":350,"height":200,"srcset":"https:\/\/i0.wp.com\/www.rockpixx.com\/wordpress\/wp-content\/uploads\/2015\/06\/20150623-02-011_beige_Artikel.jpg?resize=350%2C200 1x, https:\/\/i0.wp.com\/www.rockpixx.com\/wordpress\/wp-content\/uploads\/2015\/06\/20150623-02-011_beige_Artikel.jpg?resize=525%2C300 1.5x, https:\/\/i0.wp.com\/www.rockpixx.com\/wordpress\/wp-content\/uploads\/2015\/06\/20150623-02-011_beige_Artikel.jpg?resize=700%2C400 2x"},"classes":[]},{"id":14794,"url":"http:\/\/www.rockpixx.com\/wordpress\/iggy-and-the-german-kids-25-06-2014-kiel-ndr-buehne\/","url_meta":{"origin":8542,"position":4},"title":"Iggy and The German Kids, 25.06.2014, Kiel, NDR-B\u00fchne","author":"Anja","date":"26. Juni 2014","format":false,"excerpt":"Eigentlich stand f\u00fcr diesen Zeitpunkt meines Arbeitstages \u2192 \u201eIllegal 2001\u201c im Kieler Woche Musikzelt auf dem Programm, aber leider hat sich die Zeit f\u00fcr den Auftritt um eine Stunde nach hinten verschoben und da kollidieren sie\u00a0 mit dem Auftritt von \u2192 \u201eMadcon\u201c auf der NDR-B\u00fchne. Also bin ich gem\u00fctlich die\u2026","rel":"","context":"In &quot;Acts&quot;","block_context":{"text":"Acts","link":"http:\/\/www.rockpixx.com\/wordpress\/category\/acts\/"},"img":{"alt_text":"Iggy and The German Kids, 25.06.2014, Kiel, NDR-B\u00fchne","src":"https:\/\/i0.wp.com\/www.rockpixx.com\/wordpress\/wp-content\/uploads\/2014\/07\/20140625-02-025_iggy-and-the-german-kids_Artikel.jpg?resize=350%2C200","width":350,"height":200,"srcset":"https:\/\/i0.wp.com\/www.rockpixx.com\/wordpress\/wp-content\/uploads\/2014\/07\/20140625-02-025_iggy-and-the-german-kids_Artikel.jpg?resize=350%2C200 1x, https:\/\/i0.wp.com\/www.rockpixx.com\/wordpress\/wp-content\/uploads\/2014\/07\/20140625-02-025_iggy-and-the-german-kids_Artikel.jpg?resize=525%2C300 1.5x, https:\/\/i0.wp.com\/www.rockpixx.com\/wordpress\/wp-content\/uploads\/2014\/07\/20140625-02-025_iggy-and-the-german-kids_Artikel.jpg?resize=700%2C400 2x"},"classes":[]},{"id":11353,"url":"http:\/\/www.rockpixx.com\/wordpress\/nena-30-06-2013-kiel-ndr-buhne-2\/","url_meta":{"origin":8542,"position":5},"title":"Nena, 30.06.2013, Kiel, NDR-B\u00fchne","author":"Anja","date":"1. Juli 2013","format":false,"excerpt":"Nena zum \u2192\u00a0zweiten Mal nach 2010 auf der Kieler Woche und auch diesmal berichten wir von diesem Konzert bzw. wir berichten vom ersten Song und zeigen die dazu geh\u00f6renden Bilder. Aber der Reihe nach. Das erste was mir auffiel, war die gro\u00dfe Nervosit\u00e4t der Security-Mitarbeiter an diesem Abend. Ob das\u2026","rel":"","context":"In &quot;Acts&quot;","block_context":{"text":"Acts","link":"http:\/\/www.rockpixx.com\/wordpress\/category\/acts\/"},"img":{"alt_text":"Nena, 30.06.2013, Kiel, NDR-B\u00fchne","src":"https:\/\/i0.wp.com\/www.rockpixx.com\/wordpress\/wp-content\/uploads\/2013\/07\/20130630-04-032_nena-Artikel.jpg?resize=350%2C200","width":350,"height":200,"srcset":"https:\/\/i0.wp.com\/www.rockpixx.com\/wordpress\/wp-content\/uploads\/2013\/07\/20130630-04-032_nena-Artikel.jpg?resize=350%2C200 1x, https:\/\/i0.wp.com\/www.rockpixx.com\/wordpress\/wp-content\/uploads\/2013\/07\/20130630-04-032_nena-Artikel.jpg?resize=525%2C300 1.5x, https:\/\/i0.wp.com\/www.rockpixx.com\/wordpress\/wp-content\/uploads\/2013\/07\/20130630-04-032_nena-Artikel.jpg?resize=700%2C400 2x"},"classes":[]}],"jetpack_sharing_enabled":true,"publishpress_future_action":{"enabled":false,"date":"2026-05-08 14:52:36","action":"change-status","newStatus":"draft","terms":[],"taxonomy":"category","extraData":[]},"publishpress_future_workflow_manual_trigger":{"enabledWorkflows":[]},"_links":{"self":[{"href":"http:\/\/www.rockpixx.com\/wordpress\/wp-json\/wp\/v2\/posts\/8542","targetHints":{"allow":["GET"]}}],"collection":[{"href":"http:\/\/www.rockpixx.com\/wordpress\/wp-json\/wp\/v2\/posts"}],"about":[{"href":"http:\/\/www.rockpixx.com\/wordpress\/wp-json\/wp\/v2\/types\/post"}],"author":[{"embeddable":true,"href":"http:\/\/www.rockpixx.com\/wordpress\/wp-json\/wp\/v2\/users\/2"}],"replies":[{"embeddable":true,"href":"http:\/\/www.rockpixx.com\/wordpress\/wp-json\/wp\/v2\/comments?post=8542"}],"version-history":[{"count":0,"href":"http:\/\/www.rockpixx.com\/wordpress\/wp-json\/wp\/v2\/posts\/8542\/revisions"}],"wp:featuredmedia":[{"embeddable":true,"href":"http:\/\/www.rockpixx.com\/wordpress\/wp-json\/wp\/v2\/media\/8529"}],"wp:attachment":[{"href":"http:\/\/www.rockpixx.com\/wordpress\/wp-json\/wp\/v2\/media?parent=8542"}],"wp:term":[{"taxonomy":"category","embeddable":true,"href":"http:\/\/www.rockpixx.com\/wordpress\/wp-json\/wp\/v2\/categories?post=8542"},{"taxonomy":"post_tag","embeddable":true,"href":"http:\/\/www.rockpixx.com\/wordpress\/wp-json\/wp\/v2\/tags?post=8542"}],"curies":[{"name":"wp","href":"https:\/\/api.w.org\/{rel}","templated":true}]}}