{"id":8627,"date":"2012-06-21T04:00:31","date_gmt":"2012-06-21T03:00:31","guid":{"rendered":"http:\/\/rockpixx.com\/wordpress\/?p=8627"},"modified":"2013-02-09T17:04:40","modified_gmt":"2013-02-09T16:04:40","slug":"reggaelites-21-06-2012-kiel-maxbuhne","status":"publish","type":"post","link":"http:\/\/www.rockpixx.com\/wordpress\/reggaelites-21-06-2012-kiel-maxbuhne\/","title":{"rendered":"Reggaelites, 21.06.2012, Kiel, MAXB\u00fchne"},"content":{"rendered":"<p>Eine laue Kieler Sommernacht: Das Wasser der F\u00f6rde pl\u00e4tschert lieblich an die Kaimauer, sanft umh\u00fcllen mich Reggae-Kl\u00e4nge, Palmen rascheln leise in der leichten Brise, Marihuana-D\u00fcfte wabern \u00fcber den Bahnhofsvorplatz, \u2026 STOP! AUFWACHEN!<!--more--><\/p>\n<p>Irgendwie sind die bunten Pillen, die ich heute tags\u00fcber eingeworfen habe, um meiner fiesen Erk\u00e4ltung Herr zu werden, wohl doch etwas zu heftig dosiert gewesen. Also \u2013 noch einmal der Reihe nach: Es ist Mitsommernacht in Kiel, richtig. Es ist ca. 13\u00b0 C warm, auch richtig. Reggae erklingt ebenfalls, der Rest muss den Nebenwirkungen zuzuschreiben sein, \u00fcber die mich nat\u00fcrlich wieder einmal kein Arzt oder Apotheker aufgekl\u00e4rt hat.<\/p>\n<p>\u201eReggaelites\u201c spielen da vor mir auf der MAXB\u00fchne und das machen sie eigentlich recht entspannt und groovig. Das Repertoire reicht von typischen Reggae-Klassikern bis hin zu moderneren Pop-\/Rocksongs, die ebenfalls den typischen Karibik-Groove verpasst bekommen. Alles in allem also eine recht entspannte Kieler Sommernacht, die sich da abspielt.<br \/>\nAch ja, das Licht war auch viel besser als am Vorabend, keine Ahnung, woran das lag \u2013 an den vielen bunten Pillen jedenfalls nicht.<\/p>\n<p style=\"text-align: right;\">Fotos: <a href=\"mailto:info@rockpixx.com?subject=Fotos%20von%20Reggaelites,%20Kiel%20%E2%80%9EMAXB%C3%BChne%E2%80%9C,%2021.06.2012\">Alex<\/a> | Text: <a href=\"mailto:info@rockpixx.com?subject=Reviewtext%20von%20Reggaelites,%20Kiel%20%E2%80%9EMAXB%C3%BChne%E2%80%9C,%2021.06.2012\">Alex<\/a><\/p>\n<p>&nbsp;<\/p>\n<p>[slideshow id=154]<\/p>\n","protected":false},"excerpt":{"rendered":"<p>Eine laue Kieler Sommernacht: Das Wasser der F\u00f6rde pl\u00e4tschert lieblich an die Kaimauer, sanft umh\u00fcllen <a href=\"http:\/\/www.rockpixx.com\/wordpress\/reggaelites-21-06-2012-kiel-maxbuhne\/\">Read more<\/a><\/p>\n","protected":false},"author":2,"featured_media":8592,"comment_status":"open","ping_status":"open","sticky":false,"template":"","format":"standard","meta":{"_jetpack_memberships_contains_paid_content":false,"footnotes":"","jetpack_publicize_message":"","jetpack_publicize_feature_enabled":true,"jetpack_social_post_already_shared":true,"jetpack_social_options":{"image_generator_settings":{"template":"highway","default_image_id":0,"font":"","enabled":false},"version":2}},"categories":[34,643],"tags":[1759,133,1735,138,1743,2002],"class_list":["post-8627","post","type-post","status-publish","format-standard","has-post-thumbnail","hentry","category-acts","category-reggaelites","tag-1759","tag-festivals","tag-kiel","tag-kieler-woche","tag-maxbuhne","tag-reggaelites"],"aioseo_notices":[],"jetpack_publicize_connections":[],"jetpack_featured_media_url":"http:\/\/www.rockpixx.com\/wordpress\/wp-content\/uploads\/2013\/02\/20120621-04-reggaelites-Artikel.jpg","jetpack-related-posts":[{"id":2580,"url":"http:\/\/www.rockpixx.com\/wordpress\/coverline-27-06-2008-kiel-maxbuhne\/","url_meta":{"origin":8627,"position":0},"title":"CoverLine, 27.06.2008, Kiel, MAXB\u00fchne","author":"Anja","date":"27. Juni 2008","format":false,"excerpt":"Im Prinzp fast die gleiche Besetzung wie bei \u2192\u00a0\u201eGlamnasty International\u201c \u2013 lediglich erg\u00e4nzt um eine S\u00e4ngerin, daf\u00fcr aber ohne den zweiten Gitarristen und nat\u00fcrlich wesentlich \u201eseri\u00f6ser\u201c als die Glamrocker ein paar Tage zuvor. Das Repertoire ist bunt gemischt, auch viele alte sch\u00f6ne rockige Nummern aus den Jugendtagen des Fotografen bringen\u2026","rel":"","context":"In &quot;Acts&quot;","block_context":{"text":"Acts","link":"http:\/\/www.rockpixx.com\/wordpress\/category\/acts\/"},"img":{"alt_text":"CoverLine, 27.06.2008, Kiel, MAXB\u00fchne","src":"https:\/\/i0.wp.com\/www.rockpixx.com\/wordpress\/wp-content\/uploads\/2008\/06\/20080627-02-coverline-Artikel.jpg?resize=350%2C200","width":350,"height":200,"srcset":"https:\/\/i0.wp.com\/www.rockpixx.com\/wordpress\/wp-content\/uploads\/2008\/06\/20080627-02-coverline-Artikel.jpg?resize=350%2C200 1x, https:\/\/i0.wp.com\/www.rockpixx.com\/wordpress\/wp-content\/uploads\/2008\/06\/20080627-02-coverline-Artikel.jpg?resize=525%2C300 1.5x, https:\/\/i0.wp.com\/www.rockpixx.com\/wordpress\/wp-content\/uploads\/2008\/06\/20080627-02-coverline-Artikel.jpg?resize=700%2C400 2x"},"classes":[]},{"id":11313,"url":"http:\/\/www.rockpixx.com\/wordpress\/purple-rising-29-06-2013-kiel-maxbuhne\/","url_meta":{"origin":8627,"position":1},"title":"Purple Rising, 29.06.2013, Kiel, MAXB\u00fchne","author":"Anja","date":"30. Juni 2013","format":false,"excerpt":"Es gibt Bands, denen sieht man gerne zu. Es gibt Bands, die bringen richtig gute Musik auf die B\u00fchne Und es gibt Bands, auf die trifft beides zu. \u201ePurple Rising\u201c geh\u00f6ren eindeutig in diese Kategorie. Zum ersten Mal auf dieser Kieler Woche erlebe ich zudem noch richtig gutes Licht an\u2026","rel":"","context":"In &quot;Acts&quot;","block_context":{"text":"Acts","link":"http:\/\/www.rockpixx.com\/wordpress\/category\/acts\/"},"img":{"alt_text":"","src":"https:\/\/i0.wp.com\/www.rockpixx.com\/wordpress\/wp-content\/uploads\/2013\/06\/20130629-06-132_purple-rising-Artikel.jpg?resize=350%2C200","width":350,"height":200,"srcset":"https:\/\/i0.wp.com\/www.rockpixx.com\/wordpress\/wp-content\/uploads\/2013\/06\/20130629-06-132_purple-rising-Artikel.jpg?resize=350%2C200 1x, https:\/\/i0.wp.com\/www.rockpixx.com\/wordpress\/wp-content\/uploads\/2013\/06\/20130629-06-132_purple-rising-Artikel.jpg?resize=525%2C300 1.5x, https:\/\/i0.wp.com\/www.rockpixx.com\/wordpress\/wp-content\/uploads\/2013\/06\/20130629-06-132_purple-rising-Artikel.jpg?resize=700%2C400 2x"},"classes":[]},{"id":4859,"url":"http:\/\/www.rockpixx.com\/wordpress\/drive-19-06-2009-kiel-maxbuhne\/","url_meta":{"origin":8627,"position":2},"title":"Drive!, 19.06.2009, Kiel, MAXB\u00fchne","author":"Anja","date":"19. Juni 2009","format":false,"excerpt":"Und dann war da doch noch\u2026 Richtig! Auf unserem Weg zur\u00fcck zum Auto machten wir nat\u00fcrlich den obligatorischen Stop am \u2192\u00a0letztj\u00e4hrigen \u201eZuhause\u201c, der \u201eMAX-B\u00fchne\u201c. Der gesamte Freitag steht bei allen B\u00fchnen unter dem Motto \u201eSoundcheck\u201c, da die Kieler Woche ja noch nicht offiziell begonnen hat. Dennoch l\u00e4uft eigentlich \u00fcberall schon\u2026","rel":"","context":"In &quot;Acts&quot;","block_context":{"text":"Acts","link":"http:\/\/www.rockpixx.com\/wordpress\/category\/acts\/"},"img":{"alt_text":"Drive!, 19.06.2009, Kiel, MAXB\u00fchne","src":"https:\/\/i0.wp.com\/www.rockpixx.com\/wordpress\/wp-content\/uploads\/2009\/06\/20090619-08-drive-Artikel.jpg?resize=350%2C200","width":350,"height":200,"srcset":"https:\/\/i0.wp.com\/www.rockpixx.com\/wordpress\/wp-content\/uploads\/2009\/06\/20090619-08-drive-Artikel.jpg?resize=350%2C200 1x, https:\/\/i0.wp.com\/www.rockpixx.com\/wordpress\/wp-content\/uploads\/2009\/06\/20090619-08-drive-Artikel.jpg?resize=525%2C300 1.5x, https:\/\/i0.wp.com\/www.rockpixx.com\/wordpress\/wp-content\/uploads\/2009\/06\/20090619-08-drive-Artikel.jpg?resize=700%2C400 2x"},"classes":[]},{"id":7712,"url":"http:\/\/www.rockpixx.com\/wordpress\/b-p-m-18-06-2011-kiel-maxbuhne\/","url_meta":{"origin":8627,"position":3},"title":"B.P.M, 18.06.2011, Kiel, MAXB\u00fchne","author":"Anja","date":"18. Juni 2011","format":false,"excerpt":"Da sitze ich also nichtsahnend im Backstage-Bereich der MAXB\u00fchne, um mich von den Strapazen des zeitintensiven und nervenzerfetzenden Rangierens auf dem Parkplatz hinter der B\u00fchne zu regenerieren (Es gibt Musiker, die k\u00f6nnen nicht Auto fahren und schon gar nicht vern\u00fcnftig Parken.) bevor ich zur Er\u00f6ffnung der \u201eKieler Woche\u201c endlich einmal\u2026","rel":"","context":"In &quot;Acts&quot;","block_context":{"text":"Acts","link":"http:\/\/www.rockpixx.com\/wordpress\/category\/acts\/"},"img":{"alt_text":"B.P.M, 18.06.2011, Kiel, MAXB\u00fchne","src":"https:\/\/i0.wp.com\/www.rockpixx.com\/wordpress\/wp-content\/uploads\/2013\/01\/20110618-01-bpm-Artikel.jpg?resize=350%2C200","width":350,"height":200,"srcset":"https:\/\/i0.wp.com\/www.rockpixx.com\/wordpress\/wp-content\/uploads\/2013\/01\/20110618-01-bpm-Artikel.jpg?resize=350%2C200 1x, https:\/\/i0.wp.com\/www.rockpixx.com\/wordpress\/wp-content\/uploads\/2013\/01\/20110618-01-bpm-Artikel.jpg?resize=525%2C300 1.5x, https:\/\/i0.wp.com\/www.rockpixx.com\/wordpress\/wp-content\/uploads\/2013\/01\/20110618-01-bpm-Artikel.jpg?resize=700%2C400 2x"},"classes":[]},{"id":14286,"url":"http:\/\/www.rockpixx.com\/wordpress\/bad-bobs-20-06-2014-kiel-maxbuehne\/","url_meta":{"origin":8627,"position":4},"title":"Bad Bobs, 20.06.2014, Kiel, MAXB\u00fchne","author":"admin","date":"21. Juni 2014","format":false,"excerpt":"Da treffen wir also alte Bekannte wieder, die die diesj\u00e4hrige \u201eKieler Woche\u201c beim \u201eSoundcheck-Tag\u201c auf der MAXB\u00fchne er\u00f6ffnen: Die \u2192 \u201eBad Bobs\u201c. Andere Frontfrau, neuer Drummer und auch zwei neue Gitarristen - wenn ich das noch richtig in Erinnerung habe - macht ein LineUp von insgesamt acht Personen - die\u2026","rel":"","context":"In &quot;Acts&quot;","block_context":{"text":"Acts","link":"http:\/\/www.rockpixx.com\/wordpress\/category\/acts\/"},"img":{"alt_text":"Bad Bobs, 20.06.2014, Kiel, MAXB\u00fchne","src":"https:\/\/i0.wp.com\/www.rockpixx.com\/wordpress\/wp-content\/uploads\/2014\/06\/20140620-01-010_bad-bobs_Artikel.jpg?resize=350%2C200","width":350,"height":200,"srcset":"https:\/\/i0.wp.com\/www.rockpixx.com\/wordpress\/wp-content\/uploads\/2014\/06\/20140620-01-010_bad-bobs_Artikel.jpg?resize=350%2C200 1x, https:\/\/i0.wp.com\/www.rockpixx.com\/wordpress\/wp-content\/uploads\/2014\/06\/20140620-01-010_bad-bobs_Artikel.jpg?resize=525%2C300 1.5x, https:\/\/i0.wp.com\/www.rockpixx.com\/wordpress\/wp-content\/uploads\/2014\/06\/20140620-01-010_bad-bobs_Artikel.jpg?resize=700%2C400 2x"},"classes":[]},{"id":6805,"url":"http:\/\/www.rockpixx.com\/wordpress\/limited-edition-23-06-2010-kiel-maxbuhne\/","url_meta":{"origin":8627,"position":5},"title":"Limited Edition, 23.06.2010, Kiel, MAXB\u00fchne","author":"Anja","date":"23. Juni 2010","format":false,"excerpt":"Eine undankbare Aufgabe f\u00fcr alle Beteiligten! Die Situation: Es ist Fu\u00dfball-WM in S\u00fcdafrika, die deutsche Mannschaft bestreitet das entscheidende Vorrundenspiel gegen Ghana um den Einzug in das Achtelfinale und alles str\u00f6mt zu den Public Viewing-Pl\u00e4tzen in der Landeshauptstadt Kiel. Der Veranstalter freut sich \u00fcber jeden Besucher, der in der fernseh-freien\u2026","rel":"","context":"In &quot;Acts&quot;","block_context":{"text":"Acts","link":"http:\/\/www.rockpixx.com\/wordpress\/category\/acts\/"},"img":{"alt_text":"Limited Edition, 23.06.2010, Kiel, MAXB\u00fchne","src":"https:\/\/i0.wp.com\/www.rockpixx.com\/wordpress\/wp-content\/uploads\/2013\/01\/20100623-01-limited-edition-Artikel.jpg?resize=350%2C200","width":350,"height":200,"srcset":"https:\/\/i0.wp.com\/www.rockpixx.com\/wordpress\/wp-content\/uploads\/2013\/01\/20100623-01-limited-edition-Artikel.jpg?resize=350%2C200 1x, https:\/\/i0.wp.com\/www.rockpixx.com\/wordpress\/wp-content\/uploads\/2013\/01\/20100623-01-limited-edition-Artikel.jpg?resize=525%2C300 1.5x, https:\/\/i0.wp.com\/www.rockpixx.com\/wordpress\/wp-content\/uploads\/2013\/01\/20100623-01-limited-edition-Artikel.jpg?resize=700%2C400 2x"},"classes":[]}],"jetpack_sharing_enabled":true,"publishpress_future_action":{"enabled":false,"date":"2026-05-07 03:38:50","action":"change-status","newStatus":"draft","terms":[],"taxonomy":"category","extraData":[]},"publishpress_future_workflow_manual_trigger":{"enabledWorkflows":[]},"_links":{"self":[{"href":"http:\/\/www.rockpixx.com\/wordpress\/wp-json\/wp\/v2\/posts\/8627","targetHints":{"allow":["GET"]}}],"collection":[{"href":"http:\/\/www.rockpixx.com\/wordpress\/wp-json\/wp\/v2\/posts"}],"about":[{"href":"http:\/\/www.rockpixx.com\/wordpress\/wp-json\/wp\/v2\/types\/post"}],"author":[{"embeddable":true,"href":"http:\/\/www.rockpixx.com\/wordpress\/wp-json\/wp\/v2\/users\/2"}],"replies":[{"embeddable":true,"href":"http:\/\/www.rockpixx.com\/wordpress\/wp-json\/wp\/v2\/comments?post=8627"}],"version-history":[{"count":0,"href":"http:\/\/www.rockpixx.com\/wordpress\/wp-json\/wp\/v2\/posts\/8627\/revisions"}],"wp:featuredmedia":[{"embeddable":true,"href":"http:\/\/www.rockpixx.com\/wordpress\/wp-json\/wp\/v2\/media\/8592"}],"wp:attachment":[{"href":"http:\/\/www.rockpixx.com\/wordpress\/wp-json\/wp\/v2\/media?parent=8627"}],"wp:term":[{"taxonomy":"category","embeddable":true,"href":"http:\/\/www.rockpixx.com\/wordpress\/wp-json\/wp\/v2\/categories?post=8627"},{"taxonomy":"post_tag","embeddable":true,"href":"http:\/\/www.rockpixx.com\/wordpress\/wp-json\/wp\/v2\/tags?post=8627"}],"curies":[{"name":"wp","href":"https:\/\/api.w.org\/{rel}","templated":true}]}}