{"id":8671,"date":"2008-06-25T15:00:22","date_gmt":"2008-06-25T14:00:22","guid":{"rendered":"http:\/\/rockpixx.com\/wordpress\/?p=8671"},"modified":"2013-02-19T19:37:06","modified_gmt":"2013-02-19T18:37:06","slug":"fanchaos-oder-in-the-name-of-low-2","status":"publish","type":"post","link":"http:\/\/www.rockpixx.com\/wordpress\/fanchaos-oder-in-the-name-of-low-2\/","title":{"rendered":"Fanchaos oder \u201eIn the Name of L\u00f6w\u201c"},"content":{"rendered":"<p>Public Viewing \u00fcberall in der Kieler Innenstadt und tausende von Fu\u00dfballfans dazwischen \u2013 schlie\u00dflich ist Fu\u00dfball-EM und die deutsche Mannschaft spielt im Halbfinale gegen die T\u00fcrkei. Eigentlich ganz nett, es st\u00f6ren allerdings die \u00fcberproportional vielen Jugendlichen, die sich schon lange vor dem Spiel in die \u201erichtige Fanstimmung\u201c getrunken haben.<\/p>\n<p><img decoding=\"async\" title=\"Weiterlesen \u2026\" alt=\"\" src=\"http:\/\/rockpixx.com\/wordpress\/wp-includes\/js\/tinymce\/plugins\/wordpress\/img\/trans.gif\" \/>W\u00e4hrend des Gigs von \u2192 \u201e<a title=\"ZooTV, 25.06.2008, Kiel, MAXB\u00fchne\" href=\"http:\/\/rockpixx.com\/wordpress\/?p=2562\">ZooTV<\/a>\u201c l\u00e4uft Backstage auf einem Laptop dank DVBT das Spiel und die Band muss immer durch Ansagen auf dem Laufenden gehalten werden. W\u00e4hrend der letzten Minuten spielen sie \u201eIn the Name of Love\u201c, welches Sie nach der Ansage \u201e89. Minute, 3:2 f\u00fcr Deutschland\u201c spontan umdichten auf \u201eIn the Name of L\u00f6w\u201c und gemeinsam mit dem Publikum bis zum erl\u00f6senden Schlusspfiff immer wieder wiederholen. Anschlie\u00dfend wird die deutsche Flagge auf der B\u00fchne geschwenkt \u2013 sicherheitshalber hatten die vier Jungs aber auch die t\u00fcrkische Flagge dabei\u2026<\/p>\n<p>Leider sind nicht so viele Leute vor der B\u00fchne, wie ZooTV es verdient gehabt h\u00e4tten \u2013 das \u00e4ndert sich erst nach dem Abpfiff in Basel: Schlagartig wird\u2019s voll. So voll, dass ich aus der Kieler Innenstadt mit dem Wagen fast nicht mehr auf die Autobahn komme. Ein kurzer Umweg \u00fcber das benachbarte D\u00e4nemark hilft aber beim Umfahren der spontanen Fan-Zusammenrottungen und diverser Autocorsi.<\/p>\n","protected":false},"excerpt":{"rendered":"<p>Public Viewing \u00fcberall in der Kieler Innenstadt und tausende von Fu\u00dfballfans dazwischen \u2013 schlie\u00dflich ist <a href=\"http:\/\/www.rockpixx.com\/wordpress\/fanchaos-oder-in-the-name-of-low-2\/\">Read more<\/a><\/p>\n","protected":false},"author":1,"featured_media":0,"comment_status":"open","ping_status":"open","sticky":false,"template":"","format":"standard","meta":{"_jetpack_memberships_contains_paid_content":false,"footnotes":"","jetpack_publicize_message":"Fanchaos oder \u201eIn the Name of L\u00f6w\u201c","jetpack_publicize_feature_enabled":true,"jetpack_social_post_already_shared":true,"jetpack_social_options":{"image_generator_settings":{"template":"highway","default_image_id":0,"font":"","enabled":false},"version":2}},"categories":[277,19],"tags":[1763,868],"class_list":["post-8671","post","type-post","status-publish","format-standard","hentry","category-277","category-backstage","tag-1763","tag-kieler-woche-tagebuch"],"aioseo_notices":[],"jetpack_publicize_connections":[],"jetpack_featured_media_url":"","jetpack-related-posts":[{"id":1031,"url":"http:\/\/www.rockpixx.com\/wordpress\/kieler-woche-tag-10-und-schluss\/","url_meta":{"origin":8671,"position":0},"title":"Kieler Woche, Tag 10 und Schluss","author":"admin","date":"28. Juni 2010","format":false,"excerpt":"Der letzte Tag der Kieler Woche ist angebrochen. Wir nutzten die Pause des WM Spiels Deutschland gegen England um ganz easy und schnell in die Innenstadt zu kommen. Man hatte das Gef\u00fchl, alle Kieler h\u00e4tten Kiel verlassen und die Kieler Woche w\u00e4re auch nicht an diesem Wochenende. So schafften wir\u2026","rel":"","context":"In &quot;2010&quot;","block_context":{"text":"2010","link":"http:\/\/www.rockpixx.com\/wordpress\/category\/backstage\/2010\/"},"img":{"alt_text":"","src":"","width":0,"height":0},"classes":[]},{"id":1030,"url":"http:\/\/www.rockpixx.com\/wordpress\/kieler-woche-tage-7-8-und-9\/","url_meta":{"origin":8671,"position":1},"title":"Kieler Woche, Tage 7, 8 und 9","author":"admin","date":"27. Juni 2010","format":false,"excerpt":"So, am Tag 7 hatten wir ja eine unsch\u00f6ne Auseinandersetzung mit dem Management von \u201eOne Fine Day\u201c wegen Bilderklau \u2013 die Sache l\u00e4uft noch und bei Bedarf gibt's hier weitere Informationen. Danke \u00fcbrigens f\u00fcr die vielen deutschlandweiten Solidarit\u00e4tsbekundungen von Fotografenkollegen in deren Blogs und im Konzertfotografieforum \u2192 \u201eThree Songs no\u2026","rel":"","context":"In &quot;2010&quot;","block_context":{"text":"2010","link":"http:\/\/www.rockpixx.com\/wordpress\/category\/backstage\/2010\/"},"img":{"alt_text":"","src":"","width":0,"height":0},"classes":[]},{"id":8685,"url":"http:\/\/www.rockpixx.com\/wordpress\/es-geht-los-oder-wie-meine-kameras-zu-den-blauen-aufklebern-kamen\/","url_meta":{"origin":8671,"position":2},"title":"Es geht los oder \u201eWie meine Kameras zu den blauen Aufklebern kamen\u201c","author":"admin","date":"21. Juni 2008","format":false,"excerpt":"Sonnabend, 21.06.2008: Die \u201eKieler Woche\u201c beginnt immer offiziell mit der Er\u00f6ffnung auf dem Rathausmarkt durch die entsprechende Politprominenz. Dieses Jahr machen es Angela Merkel und der schleswig-holsteinische Ministerpr\u00e4sident Peter-Harry Carstensen. Daf\u00fcr ist sehr viel Polizei und Security vor der B\u00fchne unterwegs \u2013 dennoch kann mir keiner der Zust\u00e4ndigen im und\u2026","rel":"","context":"In &quot;2008&quot;","block_context":{"text":"2008","link":"http:\/\/www.rockpixx.com\/wordpress\/category\/backstage\/2008\/"},"img":{"alt_text":"Kieler Woche 2008","src":"https:\/\/i0.wp.com\/rockpixx.com\/wordpress\/wp-content\/uploads\/2013\/02\/20080621-019.jpg?resize=350%2C200","width":350,"height":200},"classes":[]},{"id":1054,"url":"http:\/\/www.rockpixx.com\/wordpress\/kieler-woche-2011-tag-4\/","url_meta":{"origin":8671,"position":3},"title":"Kieler Woche 2011, Tag 4","author":"admin","date":"25. Juni 2011","format":false,"excerpt":"Moin, am Montag sollte dann endlich \u2192 unsere Hausband auf der MAXB\u00fchne ihr Deb\u00fct geben \u2013 und das w\u00e4re beinahe gescheitert! Wie es dazu kam? Nun, das kann eigentlich nur die Deutsche Bahn beantworten \u2013 wir versuchen es aber trotzdem: Barock ist zurzeit auf Deutschland-Tour. Bassist Ersin reist zu manchen\u2026","rel":"","context":"In &quot;2011&quot;","block_context":{"text":"2011","link":"http:\/\/www.rockpixx.com\/wordpress\/category\/backstage\/2011\/"},"img":{"alt_text":"","src":"https:\/\/i0.wp.com\/www.rockpixx.com\/wordpress\/wp-content\/uploads\/2013\/02\/20110625-2011-06_Kieler-Woche-0091.jpg?resize=350%2C200","width":350,"height":200,"srcset":"https:\/\/i0.wp.com\/www.rockpixx.com\/wordpress\/wp-content\/uploads\/2013\/02\/20110625-2011-06_Kieler-Woche-0091.jpg?resize=350%2C200 1x, https:\/\/i0.wp.com\/www.rockpixx.com\/wordpress\/wp-content\/uploads\/2013\/02\/20110625-2011-06_Kieler-Woche-0091.jpg?resize=525%2C300 1.5x, https:\/\/i0.wp.com\/www.rockpixx.com\/wordpress\/wp-content\/uploads\/2013\/02\/20110625-2011-06_Kieler-Woche-0091.jpg?resize=700%2C400 2x"},"classes":[]},{"id":18642,"url":"http:\/\/www.rockpixx.com\/wordpress\/merqury-24-06-2015-kieler-woche-hoern-buehne-kiel\/","url_meta":{"origin":8671,"position":4},"title":"MerQury, 24.06.2015, Kieler Woche, H\u00f6rn-B\u00fchne, Kiel","author":"Anja","date":"25. Juni 2015","format":false,"excerpt":"Kieler Woche und \u201eMerQury\u201c die Zweite \u2013 nach dem Auftritt am \u2192 Montag auf der NetUSE-B\u00fchne erleben wir heute die Musiker auf der H\u00f6rn-B\u00fchne vor einem gro\u00dfen und begeisterten Publikum. W\u00e4hrend wir Backstage warteten, weil Anastacia noch auf der B\u00fchne war, versprach ich Johnny, Falk, Volker und Norbert diesmal das\u2026","rel":"","context":"In &quot;Acts&quot;","block_context":{"text":"Acts","link":"http:\/\/www.rockpixx.com\/wordpress\/category\/acts\/"},"img":{"alt_text":"MerQury, H\u00f6rn-B\u00fchne, Kiel, 24.06.2015","src":"https:\/\/i0.wp.com\/www.rockpixx.com\/wordpress\/wp-content\/uploads\/2015\/06\/20150624-02-415_merqury_Artikel.jpg?resize=350%2C200","width":350,"height":200,"srcset":"https:\/\/i0.wp.com\/www.rockpixx.com\/wordpress\/wp-content\/uploads\/2015\/06\/20150624-02-415_merqury_Artikel.jpg?resize=350%2C200 1x, https:\/\/i0.wp.com\/www.rockpixx.com\/wordpress\/wp-content\/uploads\/2015\/06\/20150624-02-415_merqury_Artikel.jpg?resize=525%2C300 1.5x, https:\/\/i0.wp.com\/www.rockpixx.com\/wordpress\/wp-content\/uploads\/2015\/06\/20150624-02-415_merqury_Artikel.jpg?resize=700%2C400 2x"},"classes":[]},{"id":8689,"url":"http:\/\/www.rockpixx.com\/wordpress\/lost-and-found-schnipsel-von-der-kieler-woche-2008\/","url_meta":{"origin":8671,"position":5},"title":"Lost and found \u2013 Schnipsel von der \u201eKieler Woche 2008\u201c","author":"admin","date":"19. Juni 2008","format":false,"excerpt":"Hatte die Fotografiererei von Konzerten 2005 mit einem Gig von \u2192 Andy Scott's Sweet auf der damaligen Kieler Woche begonnen, so wurde es jetzt doch einmal Zeit, meiner alten Heimat einen Besuch abzustatten und dort erneut Konzerte zu fotografieren \u2013 zumal ein paar interessante Namen in den Programmen der dortigen\u2026","rel":"","context":"In &quot;2008&quot;","block_context":{"text":"2008","link":"http:\/\/www.rockpixx.com\/wordpress\/category\/backstage\/2008\/"},"img":{"alt_text":"","src":"https:\/\/i0.wp.com\/www.rockpixx.com\/wordpress\/wp-content\/uploads\/2013\/02\/20080622-013.jpg?resize=350%2C200","width":350,"height":200},"classes":[]}],"jetpack_sharing_enabled":true,"publishpress_future_action":{"enabled":false,"date":"2026-05-09 05:11:21","action":"change-status","newStatus":"draft","terms":[],"taxonomy":"category","extraData":[]},"publishpress_future_workflow_manual_trigger":{"enabledWorkflows":[]},"_links":{"self":[{"href":"http:\/\/www.rockpixx.com\/wordpress\/wp-json\/wp\/v2\/posts\/8671","targetHints":{"allow":["GET"]}}],"collection":[{"href":"http:\/\/www.rockpixx.com\/wordpress\/wp-json\/wp\/v2\/posts"}],"about":[{"href":"http:\/\/www.rockpixx.com\/wordpress\/wp-json\/wp\/v2\/types\/post"}],"author":[{"embeddable":true,"href":"http:\/\/www.rockpixx.com\/wordpress\/wp-json\/wp\/v2\/users\/1"}],"replies":[{"embeddable":true,"href":"http:\/\/www.rockpixx.com\/wordpress\/wp-json\/wp\/v2\/comments?post=8671"}],"version-history":[{"count":0,"href":"http:\/\/www.rockpixx.com\/wordpress\/wp-json\/wp\/v2\/posts\/8671\/revisions"}],"wp:attachment":[{"href":"http:\/\/www.rockpixx.com\/wordpress\/wp-json\/wp\/v2\/media?parent=8671"}],"wp:term":[{"taxonomy":"category","embeddable":true,"href":"http:\/\/www.rockpixx.com\/wordpress\/wp-json\/wp\/v2\/categories?post=8671"},{"taxonomy":"post_tag","embeddable":true,"href":"http:\/\/www.rockpixx.com\/wordpress\/wp-json\/wp\/v2\/tags?post=8671"}],"curies":[{"name":"wp","href":"https:\/\/api.w.org\/{rel}","templated":true}]}}