{"id":8687,"date":"2008-06-20T15:00:27","date_gmt":"2008-06-20T14:00:27","guid":{"rendered":"http:\/\/rockpixx.com\/wordpress\/?p=8687"},"modified":"2013-02-19T18:12:21","modified_gmt":"2013-02-19T17:12:21","slug":"akkreditierungen-oder-warum-einfach-wenns-auch-kompliziert-geht","status":"publish","type":"post","link":"http:\/\/www.rockpixx.com\/wordpress\/akkreditierungen-oder-warum-einfach-wenns-auch-kompliziert-geht\/","title":{"rendered":"Akkreditierungen oder \u201eWarum einfach, wenn\u2019s auch kompliziert geht?\u201c"},"content":{"rendered":"<p>Wochen und Monate zuvor ging es schon los: B\u00fchnen-Programme studieren, die Webseiten der \u00fcblichen Verd\u00e4chtigen unter den favorisierten Bands nach Gigs scannen, mailen, telefonieren, die zust\u00e4ndigen Ansprechpartner in Kiel ausmachen\u2026 Heute ist nun der Tag, die ganzen bunten Ausweise \u00fcberall in Kiel einzusammeln \u2013 das setzt viel Rennerei und Telefoniererei voraus, obwohl eigentlich alles schon gekl\u00e4rt sein sollte und sich die ausgedruckten Best\u00e4tigungsmails in meinen Taschen stapeln. <!--more-->Bis auf eine Akkreditierung bekomme ich auch alle im Laufe des Tages, die von der NDR-B\u00fchne gibt\u2019s allerdings erst am Sonntag \u2013 unmittelbar vor dem Konzert von \u2192\u00a0<a title=\"Roger Hodgson, 22.06.2008, Kiel, NDR-B\u00fchne\" href=\"http:\/\/rockpixx.com\/wordpress\/?p=2520\">Roger Hodgson<\/a>. Und daf\u00fcr darf ich dann auch w\u00e4hrend der \u201eKieler Woche 2008\u201c mit gleich vier um den Hals baumelnden Fotop\u00e4ssen herumlaufen \u2013 sieht unheimlich beeindruckend aus (und st\u00f6rt tierisch!).<\/p>\n<p>Abends dann die ersten zwei Gigs \u2013 gewisserma\u00dfen zum Warmwerden \u2013 dabei schon die ersten Kollegen kennengelernt, die ich im Laufe der Woche noch h\u00e4ufiger wieder sehen werde und erste Eindr\u00fccke von den wichtigsten B\u00fchnen der n\u00e4chsten Tage gewonnen. Kurz nach Mitternacht todm\u00fcde das Quartier wieder erreicht, Speicherkarten auf Imagetank geleert und ab ins Bett \u2013 nach gef\u00fchlten gelaufenen 20 Kilometern.<\/p>\n","protected":false},"excerpt":{"rendered":"<p>Wochen und Monate zuvor ging es schon los: B\u00fchnen-Programme studieren, die Webseiten der \u00fcblichen Verd\u00e4chtigen <a href=\"http:\/\/www.rockpixx.com\/wordpress\/akkreditierungen-oder-warum-einfach-wenns-auch-kompliziert-geht\/\">Read more<\/a><\/p>\n","protected":false},"author":1,"featured_media":8663,"comment_status":"open","ping_status":"open","sticky":false,"template":"","format":"standard","meta":{"_jetpack_memberships_contains_paid_content":false,"footnotes":"","jetpack_publicize_message":"Akkreditierungen oder \u201eWarum einfach, wenn\u2019s auch kompliziert geht?\u201c","jetpack_publicize_feature_enabled":true,"jetpack_social_post_already_shared":true,"jetpack_social_options":{"image_generator_settings":{"template":"highway","default_image_id":0,"font":"","enabled":false},"version":2}},"categories":[277,19],"tags":[1763,868],"class_list":["post-8687","post","type-post","status-publish","format-standard","has-post-thumbnail","hentry","category-277","category-backstage","tag-1763","tag-kieler-woche-tagebuch"],"aioseo_notices":[],"jetpack_publicize_connections":[],"jetpack_featured_media_url":"http:\/\/www.rockpixx.com\/wordpress\/wp-content\/uploads\/2013\/02\/20080706-pro-002.jpg","jetpack-related-posts":[{"id":7661,"url":"http:\/\/www.rockpixx.com\/wordpress\/lake-17-06-2011-kiel-kieler-woche-musikzelt\/","url_meta":{"origin":8687,"position":0},"title":"Lake, 17.06.2011, Kiel, Kieler Woche Musikzelt","author":"Anja","date":"17. Juni 2011","format":false,"excerpt":"Kurze Umbaupause im Musikzelt, ich nutze die Chance, schon einmal die ersten Speicherkarten auf das Netbook zu kopieren \u2013 wer wei\u00df, wieviel Platz ich im Laufe des Abends noch brauchen werde\u2026 Dann also \u201eLake\u201c: Urspr\u00fcnglich norddeutsche Urgesteine, die in den Siebziger Jahren in den USA gro\u00dfe Erfolge mit ihrem Westcoast\u2026","rel":"","context":"In &quot;Acts&quot;","block_context":{"text":"Acts","link":"http:\/\/www.rockpixx.com\/wordpress\/category\/acts\/"},"img":{"alt_text":"Lake, 17.06.2011, Kiel, Kieler Woche Musikzelt","src":"https:\/\/i0.wp.com\/www.rockpixx.com\/wordpress\/wp-content\/uploads\/2013\/01\/20110617-05-lake-Artikel.jpg?resize=350%2C200","width":350,"height":200,"srcset":"https:\/\/i0.wp.com\/www.rockpixx.com\/wordpress\/wp-content\/uploads\/2013\/01\/20110617-05-lake-Artikel.jpg?resize=350%2C200 1x, https:\/\/i0.wp.com\/www.rockpixx.com\/wordpress\/wp-content\/uploads\/2013\/01\/20110617-05-lake-Artikel.jpg?resize=525%2C300 1.5x, https:\/\/i0.wp.com\/www.rockpixx.com\/wordpress\/wp-content\/uploads\/2013\/01\/20110617-05-lake-Artikel.jpg?resize=700%2C400 2x"},"classes":[]},{"id":2565,"url":"http:\/\/www.rockpixx.com\/wordpress\/echoes-26-06-2008-kiel-maxbuhne\/","url_meta":{"origin":8687,"position":1},"title":"Echoes, 26.06.2008, Kiel, MAXB\u00fchne","author":"Anja","date":"26. Juni 2008","format":false,"excerpt":"Die Sonne versinkt, Kiel erlebt seine \u201eblaue Stunde\u201c und die ersten sph\u00e4rischen Kl\u00e4nge von \u201eShine on you crazy Diamond\u201c wabern von der Max-B\u00fchne aus durch die Kieler Innenstadt\u2026 Echoes, die N\u00e4chste: \u2192\u00a0In Friedrichshafen hatte ich sie im Mai 2008 zuletzt vor der Kamera gehabt und war vom Licht und dem\u2026","rel":"","context":"In &quot;Acts&quot;","block_context":{"text":"Acts","link":"http:\/\/www.rockpixx.com\/wordpress\/category\/acts\/"},"img":{"alt_text":"Echoes, 26.06.2008, Kiel, MAXB\u00fchne","src":"https:\/\/i0.wp.com\/www.rockpixx.com\/wordpress\/wp-content\/uploads\/2008\/06\/20080626-01-echoes-Artikel.jpg?resize=350%2C200","width":350,"height":200,"srcset":"https:\/\/i0.wp.com\/www.rockpixx.com\/wordpress\/wp-content\/uploads\/2008\/06\/20080626-01-echoes-Artikel.jpg?resize=350%2C200 1x, https:\/\/i0.wp.com\/www.rockpixx.com\/wordpress\/wp-content\/uploads\/2008\/06\/20080626-01-echoes-Artikel.jpg?resize=525%2C300 1.5x, https:\/\/i0.wp.com\/www.rockpixx.com\/wordpress\/wp-content\/uploads\/2008\/06\/20080626-01-echoes-Artikel.jpg?resize=700%2C400 2x"},"classes":[]},{"id":2476,"url":"http:\/\/www.rockpixx.com\/wordpress\/the-weather-girls-21-06-2008-kiel-hsh-nordbank-buhne\/","url_meta":{"origin":8687,"position":2},"title":"The Weather Girls, 21.06.2008, Kiel, HSH Nordbank-B\u00fchne","author":"Anja","date":"21. Juni 2008","format":false,"excerpt":"Und der Kollege im Graben bei Jennifer Rush witzelte am Vortag noch: \u201eAuf jeden Fall das Weitwinkel mitnehmen!\u201c Nun ja: Irgendwie haben die beiden Damen schon ein gewisses Kultpotential \u2013 egal welches die aktuelle Besetzung im Moment auch gerade sein mag. Den Sound fand ich pers\u00f6nlich nicht so prickelnd und\u2026","rel":"","context":"In &quot;Acts&quot;","block_context":{"text":"Acts","link":"http:\/\/www.rockpixx.com\/wordpress\/category\/acts\/"},"img":{"alt_text":"Weather Girls","src":"https:\/\/i0.wp.com\/www.rockpixx.com\/wordpress\/wp-content\/uploads\/2008\/06\/20080621-01-weather-girls-Artikel.jpg?resize=350%2C200","width":350,"height":200,"srcset":"https:\/\/i0.wp.com\/www.rockpixx.com\/wordpress\/wp-content\/uploads\/2008\/06\/20080621-01-weather-girls-Artikel.jpg?resize=350%2C200 1x, https:\/\/i0.wp.com\/www.rockpixx.com\/wordpress\/wp-content\/uploads\/2008\/06\/20080621-01-weather-girls-Artikel.jpg?resize=525%2C300 1.5x, https:\/\/i0.wp.com\/www.rockpixx.com\/wordpress\/wp-content\/uploads\/2008\/06\/20080621-01-weather-girls-Artikel.jpg?resize=700%2C400 2x"},"classes":[]},{"id":20274,"url":"http:\/\/www.rockpixx.com\/wordpress\/mallet-23-06-2016-kieler-woche-holsten-buehne-kiel\/","url_meta":{"origin":8687,"position":3},"title":"Mallet, 23.06.2016, Kieler Woche, Holsten-B\u00fchne, Kiel","author":"A. Hahl","date":"24. Juni 2016","format":false,"excerpt":"Es finden sich zwischen den ganzen gro\u00dfen und bekannten Bands und zwischen den \u201eWiederholungst\u00e4tern\u201c, die schon zu Kaisers Zeiten auf der Kieler Woche gespielt haben (und es vermutlich auch dann noch tun werden, wenn die Briten erneut EU-Mitglied sein werden, immer noch \u00fcberraschende Perlen. \u201eMallet\u201c ist so eine. Beim Warten\u2026","rel":"","context":"In &quot;Acts&quot;","block_context":{"text":"Acts","link":"http:\/\/www.rockpixx.com\/wordpress\/category\/acts\/"},"img":{"alt_text":"Mallet, 23.06.2016, Kiel, Kieler Woche, Holstenpark-B\u00fchne","src":"https:\/\/i0.wp.com\/www.rockpixx.com\/wordpress\/wp-content\/uploads\/2016\/06\/20160623-01-018.jpg?resize=350%2C200","width":350,"height":200,"srcset":"https:\/\/i0.wp.com\/www.rockpixx.com\/wordpress\/wp-content\/uploads\/2016\/06\/20160623-01-018.jpg?resize=350%2C200 1x, https:\/\/i0.wp.com\/www.rockpixx.com\/wordpress\/wp-content\/uploads\/2016\/06\/20160623-01-018.jpg?resize=525%2C300 1.5x, https:\/\/i0.wp.com\/www.rockpixx.com\/wordpress\/wp-content\/uploads\/2016\/06\/20160623-01-018.jpg?resize=700%2C400 2x"},"classes":[]},{"id":18571,"url":"http:\/\/www.rockpixx.com\/wordpress\/the-subways-23-06-2015-kieler-woche-hoern-buehne-kiel\/","url_meta":{"origin":8687,"position":4},"title":"The Subways, 23.06.2015, Kieler Woche, H\u00f6rn-B\u00fchne, Kiel","author":"Anja","date":"25. Juni 2015","format":false,"excerpt":"Zugegeben, ich tue mich immer etwas schwer, wenn ich Charlotte vor den Kameras habe: Welche Bilder soll ich denn nun rauswerfen? Eigentlich sind doch noch soooo viele mehr auch toll. Kenner haben es schon gemerkt, hier ist von Charlotte Cooper von \u201eThe Subways\u201c die Rede. Ich erlebe erneut, wie diese\u2026","rel":"","context":"In &quot;Acts&quot;","block_context":{"text":"Acts","link":"http:\/\/www.rockpixx.com\/wordpress\/category\/acts\/"},"img":{"alt_text":"The Subways, 23.06.2015, H\u00f6rn-B\u00fchne, Kiel","src":"https:\/\/i0.wp.com\/www.rockpixx.com\/wordpress\/wp-content\/uploads\/2015\/06\/20150623-10-036_the-subways_Artikel.jpg?resize=350%2C200","width":350,"height":200,"srcset":"https:\/\/i0.wp.com\/www.rockpixx.com\/wordpress\/wp-content\/uploads\/2015\/06\/20150623-10-036_the-subways_Artikel.jpg?resize=350%2C200 1x, https:\/\/i0.wp.com\/www.rockpixx.com\/wordpress\/wp-content\/uploads\/2015\/06\/20150623-10-036_the-subways_Artikel.jpg?resize=525%2C300 1.5x, https:\/\/i0.wp.com\/www.rockpixx.com\/wordpress\/wp-content\/uploads\/2015\/06\/20150623-10-036_the-subways_Artikel.jpg?resize=700%2C400 2x"},"classes":[]},{"id":18134,"url":"http:\/\/www.rockpixx.com\/wordpress\/sasha-19-06-2015-kieler-woche-hoern-buehne-kiel\/","url_meta":{"origin":8687,"position":5},"title":"Sasha, 19.06.2015, Kieler Woche, H\u00f6rn-B\u00fchne, Kiel","author":"Anja","date":"20. Juni 2015","format":false,"excerpt":"Sechs Jahre ist es schon her, dass ich Sasha zuletzt \u2192 vor meinen Kameras hatte. In der Zeit ist viel passiert, inklusive einer zwischenzeitlichen Umorientierung von Sasha hin zu seinem Alter Ego \u201eDick Brave\u201c \u2013 den ich in den Jahren dazwischen auch \u2192 schon mehrmals fotografiert habe. Was ist neu,\u2026","rel":"","context":"In &quot;Acts&quot;","block_context":{"text":"Acts","link":"http:\/\/www.rockpixx.com\/wordpress\/category\/acts\/"},"img":{"alt_text":"Sasha, 19.06.2015, H\u00f6rn-B\u00fchne, Kiel","src":"https:\/\/i0.wp.com\/www.rockpixx.com\/wordpress\/wp-content\/uploads\/2015\/06\/20150619-02-072_sasha_Artikel.jpg?resize=350%2C200","width":350,"height":200,"srcset":"https:\/\/i0.wp.com\/www.rockpixx.com\/wordpress\/wp-content\/uploads\/2015\/06\/20150619-02-072_sasha_Artikel.jpg?resize=350%2C200 1x, https:\/\/i0.wp.com\/www.rockpixx.com\/wordpress\/wp-content\/uploads\/2015\/06\/20150619-02-072_sasha_Artikel.jpg?resize=525%2C300 1.5x, https:\/\/i0.wp.com\/www.rockpixx.com\/wordpress\/wp-content\/uploads\/2015\/06\/20150619-02-072_sasha_Artikel.jpg?resize=700%2C400 2x"},"classes":[]}],"jetpack_sharing_enabled":true,"publishpress_future_action":{"enabled":false,"date":"2026-05-07 10:18:34","action":"change-status","newStatus":"draft","terms":[],"taxonomy":"category","extraData":[]},"publishpress_future_workflow_manual_trigger":{"enabledWorkflows":[]},"_links":{"self":[{"href":"http:\/\/www.rockpixx.com\/wordpress\/wp-json\/wp\/v2\/posts\/8687","targetHints":{"allow":["GET"]}}],"collection":[{"href":"http:\/\/www.rockpixx.com\/wordpress\/wp-json\/wp\/v2\/posts"}],"about":[{"href":"http:\/\/www.rockpixx.com\/wordpress\/wp-json\/wp\/v2\/types\/post"}],"author":[{"embeddable":true,"href":"http:\/\/www.rockpixx.com\/wordpress\/wp-json\/wp\/v2\/users\/1"}],"replies":[{"embeddable":true,"href":"http:\/\/www.rockpixx.com\/wordpress\/wp-json\/wp\/v2\/comments?post=8687"}],"version-history":[{"count":0,"href":"http:\/\/www.rockpixx.com\/wordpress\/wp-json\/wp\/v2\/posts\/8687\/revisions"}],"wp:featuredmedia":[{"embeddable":true,"href":"http:\/\/www.rockpixx.com\/wordpress\/wp-json\/wp\/v2\/media\/8663"}],"wp:attachment":[{"href":"http:\/\/www.rockpixx.com\/wordpress\/wp-json\/wp\/v2\/media?parent=8687"}],"wp:term":[{"taxonomy":"category","embeddable":true,"href":"http:\/\/www.rockpixx.com\/wordpress\/wp-json\/wp\/v2\/categories?post=8687"},{"taxonomy":"post_tag","embeddable":true,"href":"http:\/\/www.rockpixx.com\/wordpress\/wp-json\/wp\/v2\/tags?post=8687"}],"curies":[{"name":"wp","href":"https:\/\/api.w.org\/{rel}","templated":true}]}}