{"id":8689,"date":"2008-06-19T15:00:14","date_gmt":"2008-06-19T14:00:14","guid":{"rendered":"http:\/\/rockpixx.com\/wordpress\/?p=8689"},"modified":"2013-02-19T18:07:59","modified_gmt":"2013-02-19T17:07:59","slug":"lost-and-found-schnipsel-von-der-kieler-woche-2008","status":"publish","type":"post","link":"http:\/\/www.rockpixx.com\/wordpress\/lost-and-found-schnipsel-von-der-kieler-woche-2008\/","title":{"rendered":"Lost and found \u2013 Schnipsel von der \u201eKieler Woche 2008\u201c"},"content":{"rendered":"<p>Hatte die Fotografiererei von Konzerten 2005 mit einem Gig von \u2192 <a title=\"Andy Scott\u2019s Sweet, 22.06.2005, Kiel, Radio NORA-B\u00fchne\" href=\"http:\/\/rockpixx.com\/wordpress\/?p=16\">Andy Scott&#8217;s Sweet<\/a> auf der damaligen Kieler Woche begonnen, so wurde es jetzt doch einmal Zeit, meiner alten Heimat einen Besuch abzustatten und dort erneut Konzerte zu fotografieren \u2013 zumal ein paar interessante Namen in den Programmen der dortigen B\u00fchnen zu finden waren.<\/p>\n<p>F\u00fcr Nichteingeweihte die \u201eKieler Woche\u201c in K\u00fcrze: Weltgr\u00f6\u00dfte Segelsportveranstaltung, mittlerweile \u00fcber 125 Jahre alt, mehrere tausend Boote und Segler plus ca. 3,5 Millionen Touristen bev\u00f6lkern die Landeshauptstadt von Deutschlands n\u00f6rdlichstem Bundesland. Dazu gibt es ein umfangreiches Kulturprogramm, welches w\u00e4hrend der 10 Tage Ausnahmezustand die komplette Kieler Innenstadt belebt.<!--more--><\/p>\n<p><strong>Anreise. <\/strong>Bin gemischter Stimmung: Einerseits geht\u2019s jetzt endlich los, andererseits muss ich die knapp 1.000 Kilometer mit dem Auto anreisen und kann nicht fliegen, weil es mit den Billigfl\u00fcgen und den Verbindungen zu und von den Airports nicht so recht geklappt hat (daf\u00fcr habe ich aber auch keine restriktive Gep\u00e4ckbeschr\u00e4nkung). Das Wetter bei mir zu Hause wird nach Wochen der K\u00e4lte endlich sommerlich, daf\u00fcr schl\u00e4gt es in Schleswig-Holstein um von mehreren Wochen Hitze auf K\u00e4lte, Wind und Regen \u2013 toll&#8230;<\/p>\n","protected":false},"excerpt":{"rendered":"<p>Hatte die Fotografiererei von Konzerten 2005 mit einem Gig von \u2192 Andy Scott&#8217;s Sweet auf <a href=\"http:\/\/www.rockpixx.com\/wordpress\/lost-and-found-schnipsel-von-der-kieler-woche-2008\/\">Read more<\/a><\/p>\n","protected":false},"author":1,"featured_media":8658,"comment_status":"open","ping_status":"open","sticky":false,"template":"","format":"standard","meta":{"_jetpack_memberships_contains_paid_content":false,"footnotes":"","jetpack_publicize_message":"Lost and found \u2013 Schnipsel von der \u201eKieler Woche 2008\u201c","jetpack_publicize_feature_enabled":true,"jetpack_social_post_already_shared":true,"jetpack_social_options":{"image_generator_settings":{"template":"highway","default_image_id":0,"font":"","enabled":false},"version":2}},"categories":[277,19],"tags":[1763,868],"class_list":["post-8689","post","type-post","status-publish","format-standard","has-post-thumbnail","hentry","category-277","category-backstage","tag-1763","tag-kieler-woche-tagebuch"],"aioseo_notices":[],"jetpack_publicize_connections":[],"jetpack_featured_media_url":"http:\/\/www.rockpixx.com\/wordpress\/wp-content\/uploads\/2013\/02\/20080622-013.jpg","jetpack-related-posts":[{"id":1019,"url":"http:\/\/www.rockpixx.com\/wordpress\/kieler-woche-2010-2\/","url_meta":{"origin":8689,"position":0},"title":"Kieler Woche 2010","author":"admin","date":"5. Juni 2010","format":false,"excerpt":"Moin! So, es geht in ein paar Tagen los! Diese Kieler Woche steht dieses Jahr unter einem ganz besonderen Stern: Erstmals ist rockpixx.com Medienpartner einer der gro\u00dfen B\u00fchnen auf der diesj\u00e4hrigen Kieler Woche. Mit der \u201eMAXB\u00fchne\u201c verbindet uns seit 2008 ja eine besondere Beziehung: Wir haben dort backstage gewisserma\u00dfen \u201egewohnt\u201c\u2026","rel":"","context":"In &quot;2010&quot;","block_context":{"text":"2010","link":"http:\/\/www.rockpixx.com\/wordpress\/category\/backstage\/2010\/"},"img":{"alt_text":"","src":"","width":0,"height":0},"classes":[]},{"id":391,"url":"http:\/\/www.rockpixx.com\/wordpress\/kieler-woche-2011-tag-null-2\/","url_meta":{"origin":8689,"position":1},"title":"Kieler Woche 2011, Tag Null","author":"admin","date":"17. Juni 2011","format":false,"excerpt":"Moin, am Donnerstag vor der Kieler Woche holen wir uns traditionell die Fotop\u00e4sse, die wir schon bekommen k\u00f6nnen und kaufen in Kiel noch die letzten ben\u00f6tigten Dinge ein. Dabei ist es dann immer ganz spannend zu sehen, wie weit die anderen B\u00fchnen schon aufgebaut sind und Vergleiche zu ziehen. Ansonsten\u2026","rel":"","context":"In &quot;2011&quot;","block_context":{"text":"2011","link":"http:\/\/www.rockpixx.com\/wordpress\/category\/backstage\/2011\/"},"img":{"alt_text":"Kieler Woche 2011, lost & found","src":"https:\/\/i0.wp.com\/www.rockpixx.com\/wordpress\/wp-content\/uploads\/2013\/02\/20110617-2011-06_Kieler-Woche-0027.jpg?resize=350%2C200","width":350,"height":200,"srcset":"https:\/\/i0.wp.com\/www.rockpixx.com\/wordpress\/wp-content\/uploads\/2013\/02\/20110617-2011-06_Kieler-Woche-0027.jpg?resize=350%2C200 1x, https:\/\/i0.wp.com\/www.rockpixx.com\/wordpress\/wp-content\/uploads\/2013\/02\/20110617-2011-06_Kieler-Woche-0027.jpg?resize=525%2C300 1.5x, https:\/\/i0.wp.com\/www.rockpixx.com\/wordpress\/wp-content\/uploads\/2013\/02\/20110617-2011-06_Kieler-Woche-0027.jpg?resize=700%2C400 2x"},"classes":[]},{"id":11121,"url":"http:\/\/www.rockpixx.com\/wordpress\/kieler-woche-tagebuch-2013-tag-3\/","url_meta":{"origin":8689,"position":2},"title":"Kieler Woche Tagebuch 2013 | Tag 3","author":"admin","date":"24. Juni 2013","format":false,"excerpt":"Sonntag, 23.06.2013 Tag drei auf der diesj\u00e4hrigen \u201eKieler Woche\u201c bricht nach wenigen Stunden Schlaf zu Hause mit einem guten Fr\u00fchst\u00fcck (u. a. Baked Beans und R\u00fchrei) an, damit eine gute Grundlage f\u00fcr den kommenden Tag gelegt ist. Unsere Fotografin wird gleich bei der NDR-B\u00fchne abgesetzt, der Abend dort geh\u00f6rt ihr\u2026","rel":"","context":"In &quot;2013&quot;","block_context":{"text":"2013","link":"http:\/\/www.rockpixx.com\/wordpress\/category\/backstage\/2013\/"},"img":{"alt_text":"Kieler Woche 2013, Impressionen","src":"https:\/\/i0.wp.com\/www.rockpixx.com\/wordpress\/wp-content\/uploads\/2013\/06\/20130623-00-018_KiWo-2013.jpg?resize=350%2C200","width":350,"height":200,"srcset":"https:\/\/i0.wp.com\/www.rockpixx.com\/wordpress\/wp-content\/uploads\/2013\/06\/20130623-00-018_KiWo-2013.jpg?resize=350%2C200 1x, https:\/\/i0.wp.com\/www.rockpixx.com\/wordpress\/wp-content\/uploads\/2013\/06\/20130623-00-018_KiWo-2013.jpg?resize=525%2C300 1.5x, https:\/\/i0.wp.com\/www.rockpixx.com\/wordpress\/wp-content\/uploads\/2013\/06\/20130623-00-018_KiWo-2013.jpg?resize=700%2C400 2x"},"classes":[]},{"id":8685,"url":"http:\/\/www.rockpixx.com\/wordpress\/es-geht-los-oder-wie-meine-kameras-zu-den-blauen-aufklebern-kamen\/","url_meta":{"origin":8689,"position":3},"title":"Es geht los oder \u201eWie meine Kameras zu den blauen Aufklebern kamen\u201c","author":"admin","date":"21. Juni 2008","format":false,"excerpt":"Sonnabend, 21.06.2008: Die \u201eKieler Woche\u201c beginnt immer offiziell mit der Er\u00f6ffnung auf dem Rathausmarkt durch die entsprechende Politprominenz. Dieses Jahr machen es Angela Merkel und der schleswig-holsteinische Ministerpr\u00e4sident Peter-Harry Carstensen. Daf\u00fcr ist sehr viel Polizei und Security vor der B\u00fchne unterwegs \u2013 dennoch kann mir keiner der Zust\u00e4ndigen im und\u2026","rel":"","context":"In &quot;2008&quot;","block_context":{"text":"2008","link":"http:\/\/www.rockpixx.com\/wordpress\/category\/backstage\/2008\/"},"img":{"alt_text":"Kieler Woche 2008","src":"https:\/\/i0.wp.com\/rockpixx.com\/wordpress\/wp-content\/uploads\/2013\/02\/20080621-019.jpg?resize=350%2C200","width":350,"height":200},"classes":[]},{"id":1061,"url":"http:\/\/www.rockpixx.com\/wordpress\/kieler-woche-2011-tag-101\/","url_meta":{"origin":8689,"position":4},"title":"Kieler Woche 2011, Tag 10+1","author":"admin","date":"5. Juli 2011","format":false,"excerpt":"Uff, geschafft! Jetzt g\u00f6nnen wir uns einen Urlaubstag. Gleich nach dem Fr\u00fchst\u00fcck ab ins Auto und weg \u00fcber die Grenze nach D\u00e4nemark. S\u00f8nderborg ist ins Navi einprogrammiert, wir fahren allerdings nicht \u00fcber die A7, sondern \u00fcber Land. Eis essen am Hafen ist Pflichtprogramm und ein Bummel durch die malerische Innenstadt\u2026","rel":"","context":"In &quot;2011&quot;","block_context":{"text":"2011","link":"http:\/\/www.rockpixx.com\/wordpress\/category\/backstage\/2011\/"},"img":{"alt_text":"Kieler Woche 2011, lost & found","src":"https:\/\/i0.wp.com\/www.rockpixx.com\/wordpress\/wp-content\/uploads\/2013\/02\/20110705-2011-06_Kieler-Woche-0170.jpg?resize=350%2C200","width":350,"height":200,"srcset":"https:\/\/i0.wp.com\/www.rockpixx.com\/wordpress\/wp-content\/uploads\/2013\/02\/20110705-2011-06_Kieler-Woche-0170.jpg?resize=350%2C200 1x, https:\/\/i0.wp.com\/www.rockpixx.com\/wordpress\/wp-content\/uploads\/2013\/02\/20110705-2011-06_Kieler-Woche-0170.jpg?resize=525%2C300 1.5x, https:\/\/i0.wp.com\/www.rockpixx.com\/wordpress\/wp-content\/uploads\/2013\/02\/20110705-2011-06_Kieler-Woche-0170.jpg?resize=700%2C400 2x"},"classes":[]},{"id":4842,"url":"http:\/\/www.rockpixx.com\/wordpress\/coverline-19-06-2009-kiel-holsten-park-buhne\/","url_meta":{"origin":8689,"position":5},"title":"CoverLine, 19.06.2009, Kiel, Holsten-Park-B\u00fchne","author":"Anja","date":"19. Juni 2009","format":false,"excerpt":"Das diesj\u00e4hrige Kieler Woche-Programm ist so dichtgedr\u00e4ngt und auf so vielen B\u00fchnen pr\u00e4sent, wie es 2008 noch nicht der Fall gewesen ist. Von daher konnten die beiden Fotografen von rockpixx.com die B\u00fchne im Holstenpark auch nur im \u201eVorbeihetzen\u201c auf dem Weg zu anderen Acts kurz streifen. Zum Gl\u00fcck spielte \u2192\u00a0\u201eCoverLine\u201c\u2026","rel":"","context":"In &quot;Acts&quot;","block_context":{"text":"Acts","link":"http:\/\/www.rockpixx.com\/wordpress\/category\/acts\/"},"img":{"alt_text":"CoverLine, 19.06.2009, Kiel, Holsten-Park-B\u00fchne","src":"https:\/\/i0.wp.com\/www.rockpixx.com\/wordpress\/wp-content\/uploads\/2013\/01\/20090619-07-coverline-Artikel.jpg?resize=350%2C200","width":350,"height":200,"srcset":"https:\/\/i0.wp.com\/www.rockpixx.com\/wordpress\/wp-content\/uploads\/2013\/01\/20090619-07-coverline-Artikel.jpg?resize=350%2C200 1x, https:\/\/i0.wp.com\/www.rockpixx.com\/wordpress\/wp-content\/uploads\/2013\/01\/20090619-07-coverline-Artikel.jpg?resize=525%2C300 1.5x, https:\/\/i0.wp.com\/www.rockpixx.com\/wordpress\/wp-content\/uploads\/2013\/01\/20090619-07-coverline-Artikel.jpg?resize=700%2C400 2x"},"classes":[]}],"jetpack_sharing_enabled":true,"publishpress_future_action":{"enabled":false,"date":"2026-05-07 07:47:32","action":"change-status","newStatus":"draft","terms":[],"taxonomy":"category","extraData":[]},"publishpress_future_workflow_manual_trigger":{"enabledWorkflows":[]},"_links":{"self":[{"href":"http:\/\/www.rockpixx.com\/wordpress\/wp-json\/wp\/v2\/posts\/8689","targetHints":{"allow":["GET"]}}],"collection":[{"href":"http:\/\/www.rockpixx.com\/wordpress\/wp-json\/wp\/v2\/posts"}],"about":[{"href":"http:\/\/www.rockpixx.com\/wordpress\/wp-json\/wp\/v2\/types\/post"}],"author":[{"embeddable":true,"href":"http:\/\/www.rockpixx.com\/wordpress\/wp-json\/wp\/v2\/users\/1"}],"replies":[{"embeddable":true,"href":"http:\/\/www.rockpixx.com\/wordpress\/wp-json\/wp\/v2\/comments?post=8689"}],"version-history":[{"count":0,"href":"http:\/\/www.rockpixx.com\/wordpress\/wp-json\/wp\/v2\/posts\/8689\/revisions"}],"wp:featuredmedia":[{"embeddable":true,"href":"http:\/\/www.rockpixx.com\/wordpress\/wp-json\/wp\/v2\/media\/8658"}],"wp:attachment":[{"href":"http:\/\/www.rockpixx.com\/wordpress\/wp-json\/wp\/v2\/media?parent=8689"}],"wp:term":[{"taxonomy":"category","embeddable":true,"href":"http:\/\/www.rockpixx.com\/wordpress\/wp-json\/wp\/v2\/categories?post=8689"},{"taxonomy":"post_tag","embeddable":true,"href":"http:\/\/www.rockpixx.com\/wordpress\/wp-json\/wp\/v2\/tags?post=8689"}],"curies":[{"name":"wp","href":"https:\/\/api.w.org\/{rel}","templated":true}]}}