{"id":8694,"date":"2008-01-25T15:00:11","date_gmt":"2008-01-25T14:00:11","guid":{"rendered":"http:\/\/rockpixx.com\/wordpress\/?p=8694"},"modified":"2013-02-19T18:04:21","modified_gmt":"2013-02-19T17:04:21","slug":"was-ich-bei-einem-gig-alles-so-dabei-habe","status":"publish","type":"post","link":"http:\/\/www.rockpixx.com\/wordpress\/was-ich-bei-einem-gig-alles-so-dabei-habe\/","title":{"rendered":"Was ich bei einem Gig alles so dabei habe\u2026"},"content":{"rendered":"<p>Oft werde ich gefragt, womit ich denn so fotografiere und was f\u00fcr Konzertfotografie denn nun die \u201erichtige Ausr\u00fcstung\u201c sei. Und genauso oft gibt es in diversen Internet-Fotoforen dar\u00fcber erbitterte Diskussionen \u2013 am lautesten oft von denjenigen Deppen gef\u00fchrt, die noch nie ein brauchbares Bild vorzeigen konnten bzw. \u00fcber den Status eines \u201eHandy-hochhalten-und abdr\u00fccken-Knipsers\u201c noch nicht hinausgekommen sind. <!--more--><\/p>\n<p><strong>Die Kamera(s)<\/strong><\/p>\n<p><img loading=\"lazy\" decoding=\"async\" data-attachment-id=\"8698\" data-permalink=\"http:\/\/www.rockpixx.com\/wordpress\/was-ich-bei-einem-gig-alles-so-dabei-habe\/20080125-akt\/\" data-orig-file=\"http:\/\/www.rockpixx.com\/wordpress\/wp-content\/uploads\/2008\/01\/20080125-akt.jpg\" data-orig-size=\"200,200\" data-comments-opened=\"0\" data-image-meta=\"{&quot;aperture&quot;:&quot;0&quot;,&quot;credit&quot;:&quot;&quot;,&quot;camera&quot;:&quot;&quot;,&quot;caption&quot;:&quot;&quot;,&quot;created_timestamp&quot;:&quot;0&quot;,&quot;copyright&quot;:&quot;&quot;,&quot;focal_length&quot;:&quot;0&quot;,&quot;iso&quot;:&quot;0&quot;,&quot;shutter_speed&quot;:&quot;0&quot;,&quot;title&quot;:&quot;&quot;}\" data-image-title=\"20080125-akt\" data-image-description=\"\" data-image-caption=\"\" data-large-file=\"http:\/\/www.rockpixx.com\/wordpress\/wp-content\/uploads\/2008\/01\/20080125-akt.jpg\" class=\"size-full wp-image-8698 alignleft\" alt=\"20080125-akt\" src=\"http:\/\/rockpixx.com\/wordpress\/wp-content\/uploads\/2008\/01\/20080125-akt.jpg\" width=\"200\" height=\"200\" srcset=\"http:\/\/www.rockpixx.com\/wordpress\/wp-content\/uploads\/2008\/01\/20080125-akt.jpg 200w, http:\/\/www.rockpixx.com\/wordpress\/wp-content\/uploads\/2008\/01\/20080125-akt-150x150.jpg 150w, http:\/\/www.rockpixx.com\/wordpress\/wp-content\/uploads\/2008\/01\/20080125-akt-144x144.jpg 144w, http:\/\/www.rockpixx.com\/wordpress\/wp-content\/uploads\/2008\/01\/20080125-akt-50x50.jpg 50w, http:\/\/www.rockpixx.com\/wordpress\/wp-content\/uploads\/2008\/01\/20080125-akt-115x115.jpg 115w\" sizes=\"auto, (max-width: 200px) 100vw, 200px\" \/>Die eingangs gezeigte TLR (Twin-Lens-Reflex = zwei\u00e4ugige Spiegelreflexkamera) ist nat\u00fcrlich nur ein Jux. Theoretisch k\u00f6nnte nat\u00fcrlich auch damit ein Konzert fotografiert werden, aber das muss nun wirklich nicht sein, digitale Technik ist da schon ein riesiger Fortschritt, den ich selbstverst\u00e4ndlich auf Gigs auch nutze. Das heisst nat\u00fcrlich nicht, dass ich zu anderen Gelegenheiten nicht auch alte analoge Technik nutze: Erotik-Aufnahmen mit alter analoger Technik k\u00f6nnen durchaus ihren Reiz haben, wie das nebenstehende Bild zeigt\u2026<\/p>\n<p>Aber zur\u00fcck zum Thema: Ich nutze also zwei identische digitale Spiegelreflexkameras, welche Baujahr 2005 sind. Das ist \u2013 gemessen an den Entwicklungszyklen \u2013 zwar schon Steinzeitmaterial, aber mir reicht diese Technik. Irgendwann werde ich nat\u00fcrlich auch wieder einmal mit neueren Kameras fotografieren, aber qualitativ bin ich mit den Ergebnissen (meistens) zufrieden. Wichtig sind f\u00fcr mich nicht irrsinnig hohe Megapixel-Werte, sondern das Rauschverhalten der Kameras bei schlechten Lichtverh\u00e4ltnissen. Und da kann ich mit meinen beiden noch ganz gut leben \u2013 zur Not muss bei extremen Lichtverh\u00e4ltnissen noch einmal nachtr\u00e4glich per EBV entrauscht werden.<\/p>\n<p>Zwei identische Kameras nutze ich deswegen, weil ich so mit zwei unterschiedlichen Optiken fotografieren kann, ohne Zeit durch einen Objektivwechsel zu verlieren \u2013 eigentlich w\u00fcrde ich deswegen sogar gerne mit drei Kameras fotografieren. Identische Kameras deswegen, weil ich dann im Eifer des Geschehens nicht immer umdenken muss. Diese Arbeitsweise nutze ich seit 1982, als ich zum ersten Mal zwei identische Bodies mein Eigen nennen durfte. Seit jener Zeit habe ich dieses Arbeitsschema nicht mehr ver\u00e4ndert.<\/p>\n<p><strong>Die Kameraeinstellungen<\/strong><\/p>\n<p>Auch wenn die Kamera \u201ealles auf gr\u00fcn\u201c kann \u2013 vergesst es! Macht die Blende weit auf, w\u00e4hlt eine hohe ISO-Einstellung und geht auf Zeitautomatik (in seltenen F\u00e4llen geht&#8217;s auch mit Blendenautomatik, aber da muss das Licht schon f\u00fcr brauchbare Belichtungszeiten mitspielen). Wenn m\u00f6glich, dann sollte Selektiv- oder besser noch Spotmessung zum Einsatz kommen, wobei die Spotmessung auch oft gewaltig daneben zielen kann. Autofocus entweder auf \u201eOne Shot\u201c (oder wie das bei der eigenen Kamera gerade hei\u00dft) oder ggf. auch auf \u201econtinous\u201c \u2013 wenn&#8217;s der Kamera-AF packt.<\/p>\n<p><strong>Die Objektive<\/strong><\/p>\n<p>Auch hier gibt es verschiedene Ansichten: Manche schw\u00f6ren auf lichtstarke Festbrennweiten, andere auf lichtstarke Zooms, manche auf einen Mix. Ich muss gestehen, dass ich eher zur \u201eZoomfraktion\u201c geh\u00f6re, da bin ich einfach flexibler, wenn das Geschehen auf der B\u00fchne hektisch wird. Nat\u00fcrlich k\u00f6nnte ich auch Festbrennweiten einsetzen, das mache ich aber nur selten. Entscheidend ist allerdings, lichtstarke Objektive zu verwenden \u2013 je gr\u00f6\u00dfer die Anfangsblende, desto besser. Am Besten nat\u00fcrlich mit durchg\u00e4ngig hoher Lichtst\u00e4rke. Solche Optiken sind zwar oft teuer und schwer, aber das Resultat lohnt sich. Das oft gebrachte Argument \u201eWozu Lichtst\u00e4rke, ich hab&#8216; doch einen Bildstabilisator!\u201c kann ich nicht mehr h\u00f6ren. Wer gerne und oft Gigs des T\u00f6lzer Knabenchors oder \u00e4hnlich \u201ebewegungsintensive Action\u201c fotografiert, der m\u00f6ge mit solchen Optiken gl\u00fccklich werden. Ich denke, eine Johannes-Heesters-Gala l\u00e4sst sich auch prima noch mit einer 1\/15 s fotografieren. Action in einem Rockkonzert braucht allerdings oftmals extrem kurze Verschlusszeiten \u2013 und womit erreicht man die? Richtig \u2013 mit gro\u00dfen Blenden\u00f6ffnungen.<\/p>\n<p>Die Brennweiten-Empfehlungen richten sich nat\u00fcrlich auch nach den r\u00e4umlichen Gegebenheiten. Es gibt kleine und enge B\u00fchnen, da kommen einem schon 50 mm Brennweite wie ein Tele vor und dann gibt&#8217;s ebenfalls B\u00fchnen, da kann das Tele nicht lang genug sein. Umgerechnet auf Kleinbild bin ich meistens mit Brennweiten von knapp 20 mm bis hin zu gut 300 mm unterwegs. Allerdings kann auch auf einer gro\u00dfen B\u00fchne ein Superweitwinkel f\u00fcr sch\u00f6ne und dramatische Effekte sorgen, wenn es in der Lage ist, noch viele Spots und\/oder VariLights mit einzufangen.<\/p>\n<p><strong>Kleinkram<\/strong><\/p>\n<p>Also, bislang haben wir DSLR(s) und lichtstarke Optiken, was fehlt uns noch?<\/p>\n<p>Neben ausreichenden Akkus und Speicherkarten direkt am K\u00f6rper kann es nicht schaden, einen sog. \u201eImagetank\u201c dabei zu haben. Wenn ich ein ganzes Konzert durchfotografiere, dann habe ich meistens irgendwo im Backstage-Bereich meinen Imagetank herumliegen, der die Bilder von vollen Karten auf die Platte schaufelt, w\u00e4hrend ich vorne weiter fotografiere. Ich k\u00f6nnte nat\u00fcrlich auch gen\u00fcgend Speicherkarten vorne dabei haben, um diesen Schritt zu vermeiden, aber da ich den Imagetank sowieso besitze, kann der auch genutzt werden. Ich gebe aber zu, dass es nicht immer m\u00f6glich ist, diesen irgendwo sicher und unbeaufsichtigt abzulegen\u2026<\/p>\n<p>Taschen und nat\u00fcrlich auch Stative haben im Graben und auf der B\u00fchne nichts verloren \u2013 das gilt sogar f\u00fcr mich, wenn ich als Fotograf der Band aktiv bin \u2013 die Stolpergefahr ist einfach zu gro\u00df. Im Backstage-Bereich habe ich jedoch des \u00f6fteren eine kleine Tasche sicher irgendwo herumliegen, da befinden sich weitere Akkus, der Imagetank und meistens auch noch eine kleine Taschenlampe drin. Ebenso befindet sich in der Tasche die Aufbewahrungsbox f\u00fcr meine Ohrst\u00f6psel. Die St\u00f6psel selbst trage ich nat\u00fcrlich in den Ohren. Ach ja\u2026 und dann bin ich bekannt daf\u00fcr, dass in der N\u00e4he meiner Tasche immer noch mindestens eine Wasserflasche steht \u2013 man glaubt als unbeteiligter Zuseher gar nicht, dass nicht nur die Musiker auf der B\u00fchne einen schwei\u00dftreibenden Job haben.<\/p>\n<p><strong>Kleidung<\/strong><\/p>\n<p>Eigentlich \u00fcberfl\u00fcssig zu erw\u00e4hnen, aber dennoch hier auf der Liste: Die Kleidung. Ich selbst bevorzuge auf Konzerten schwarze Kleidung: T-Shirt und Jeans. Nichts ist schlimmer, als ein Fotograf, der in hellen Klamotten auf der B\u00fchne herumturnt und alle Aufmerksamkeit auf sich lenkt. Und auch im Graben und Backstage ist nicht immer alles pikobello sauber und staubfrei, hier erweisen sich dunkle Kleidungsst\u00fccke oftmals als die bessere Wahl. Das Schuhwerk sollte bequem und trittsicher sein, es gibt einfach zu viele Stolperfallen im Dunklen.<\/p>\n<p><strong>Blitz?<\/strong><\/p>\n<p>Was ist das? Wer so etwas dabei hat, und nutzen will, der geh\u00f6rt des Grabens verwiesen! Erst neulich sah ich wieder so einen Deppen mit fettem externen Akkupack an der H\u00fcfte. Blitz in der Stadthalle sch\u00f6n auf indirekt an die ca. 15 Meter entfernte Decke gerichtet, kleine \u201evoll professionell aussehende\u201c Bouncerkarte noch obendrauf und\u2026 Dauerfeuer! Viel Spa\u00df nach dem Gig an den tollen Stimmungsbildern und noch mehr Spa\u00df w\u00e4hrend des Gigs bei der Diskussion mit der Security. (Zum Gl\u00fcck diskutieren Security-Menschen nicht lange und das ist auch gut so\u2026) Witzigerweise beschweren sich diese Deppen dann oft hinterher in Fotoforen \u00fcber das \u201eunm\u00f6gliche Gehabe\u201c der Security auf Gigs. Dass diese aber \u2013 im Gegensatz zum Fotodeppen \u2013 in diesem Fall ihren Job richtig machen, dazu fehlt&#8217;s dann doch an Verst\u00e4ndniskapazit\u00e4t im Oberst\u00fcbchen.<\/p>\n<p>So, meine lieben Fans in manchen Fotoforen: Nun fallt wieder kr\u00e4ftig \u00fcber mich her \u2013 wir sehen uns dann beim n\u00e4chsten Gig: Ich im Graben und auf der B\u00fchne, Ihr beim Schild \u201eWir m\u00fcssen leider drau\u00dfen bleiben\u201c.<\/p>\n","protected":false},"excerpt":{"rendered":"<p>Oft werde ich gefragt, womit ich denn so fotografiere und was f\u00fcr Konzertfotografie denn nun <a href=\"http:\/\/www.rockpixx.com\/wordpress\/was-ich-bei-einem-gig-alles-so-dabei-habe\/\">Read more<\/a><\/p>\n","protected":false},"author":1,"featured_media":8699,"comment_status":"open","ping_status":"open","sticky":false,"template":"","format":"standard","meta":{"_jetpack_memberships_contains_paid_content":false,"footnotes":"","jetpack_publicize_message":"Was ich bei einem Gig alles so dabei habe\u2026","jetpack_publicize_feature_enabled":true,"jetpack_social_post_already_shared":true,"jetpack_social_options":{"image_generator_settings":{"template":"highway","default_image_id":0,"font":"","enabled":false},"version":2}},"categories":[277,19],"tags":[125],"class_list":["post-8694","post","type-post","status-publish","format-standard","has-post-thumbnail","hentry","category-277","category-backstage","tag-equipment"],"aioseo_notices":[],"jetpack_publicize_connections":[],"jetpack_featured_media_url":"http:\/\/www.rockpixx.com\/wordpress\/wp-content\/uploads\/2008\/01\/20080125-kamera.jpg","jetpack-related-posts":[{"id":950,"url":"http:\/\/www.rockpixx.com\/wordpress\/wie-mit-smokie-alles-begann\/","url_meta":{"origin":8694,"position":0},"title":"Wie mit \u201eSmokie\u201c alles begann","author":"admin","date":"5. November 2007","format":false,"excerpt":"Mein erstes Konzert mit \u201eKamera-Begleitung\u201c \u2013 das muss so um 1978\/79 gewesen sein. Nat\u00fcrlich hatte ich schon einige Erfahrung mit einer SLR sammeln k\u00f6nnen, aber noch keine eigene Kamera. Also fragte ich meinen Philosophie-Lehrer aus der gymnasialen Oberstufe, ob ich denn vielleicht einmal f\u00fcr ein, zwei Tage seine SLR mit\u2026","rel":"","context":"In &quot;2007&quot;","block_context":{"text":"2007","link":"http:\/\/www.rockpixx.com\/wordpress\/category\/backstage\/2007\/"},"img":{"alt_text":"Tina Turner, um 1984","src":"https:\/\/i0.wp.com\/rockpixx.com\/wordpress\/wp-content\/uploads\/2012\/11\/20071103-tina-turner-02.jpg?resize=350%2C200","width":350,"height":200},"classes":[]},{"id":967,"url":"http:\/\/www.rockpixx.com\/wordpress\/beobachtungen-zu-fotografierenden-zeitgenossen-auf-konzerten\/","url_meta":{"origin":8694,"position":1},"title":"Beobachtungen zu fotografierenden Zeitgenossen auf Konzerten","author":"admin","date":"22. November 2007","format":false,"excerpt":"Der Besuch eines Konzertes ist f\u00fcr wohl fast jeden Besucher ein tolles Erlebnis. Verst\u00e4ndlich, dass so etwas auch in Bild und\/oder Ton festgehalten werden soll. Nun muss aber unterschieden werden, wer da so alles Bilder macht \u2013 fangen wir doch 'mal mit einer groben Unterteilung an: 1. \u201eNormale\u201c Besucher \u2026\u2026","rel":"","context":"In &quot;2007&quot;","block_context":{"text":"2007","link":"http:\/\/www.rockpixx.com\/wordpress\/category\/backstage\/2007\/"},"img":{"alt_text":"Fotodeppen","src":"https:\/\/i0.wp.com\/www.rockpixx.com\/wordpress\/wp-content\/uploads\/2007\/11\/20091010-0308.jpg?resize=350%2C200","width":350,"height":200,"srcset":"https:\/\/i0.wp.com\/www.rockpixx.com\/wordpress\/wp-content\/uploads\/2007\/11\/20091010-0308.jpg?resize=350%2C200 1x, https:\/\/i0.wp.com\/www.rockpixx.com\/wordpress\/wp-content\/uploads\/2007\/11\/20091010-0308.jpg?resize=525%2C300 1.5x, https:\/\/i0.wp.com\/www.rockpixx.com\/wordpress\/wp-content\/uploads\/2007\/11\/20091010-0308.jpg?resize=700%2C400 2x"},"classes":[]},{"id":10297,"url":"http:\/\/www.rockpixx.com\/wordpress\/konzerte-wie-komme-ich-als-anfanger-an-akkreditierungen\/","url_meta":{"origin":8694,"position":2},"title":"Konzerte: Wie komme ich als Anf\u00e4nger an Akkreditierungen?","author":"admin","date":"14. April 2013","format":false,"excerpt":"Aus aktuellem Anlass (und weil diese Frage immer wieder auftaucht) hier einmal ein paar Zeilen aus der Rubrik \u201eLebenshilfe\u201c. H\u00e4ufig bekomme ich Mails \/ lese im von uns betriebenen Forum \u2192 \u201eThree Songs | No Flash\u201c \/sehe auf facebook die eingangs erw\u00e4hnte Frage \u2013 oftmals gleich verbunden mit dem Einwand:\u2026","rel":"","context":"In &quot;Tipps ohne Tricks&quot;","block_context":{"text":"Tipps ohne Tricks","link":"http:\/\/www.rockpixx.com\/wordpress\/category\/verschiedenes\/tipps-ohne-tricks\/"},"img":{"alt_text":"pitpass-teaser","src":"https:\/\/i0.wp.com\/www.rockpixx.com\/wordpress\/wp-content\/uploads\/2013\/01\/pitpass-teaser.jpg?resize=350%2C200","width":350,"height":200,"srcset":"https:\/\/i0.wp.com\/www.rockpixx.com\/wordpress\/wp-content\/uploads\/2013\/01\/pitpass-teaser.jpg?resize=350%2C200 1x, https:\/\/i0.wp.com\/www.rockpixx.com\/wordpress\/wp-content\/uploads\/2013\/01\/pitpass-teaser.jpg?resize=525%2C300 1.5x, https:\/\/i0.wp.com\/www.rockpixx.com\/wordpress\/wp-content\/uploads\/2013\/01\/pitpass-teaser.jpg?resize=700%2C400 2x"},"classes":[]},{"id":1007,"url":"http:\/\/www.rockpixx.com\/wordpress\/deppen-in-fotoforen\/","url_meta":{"origin":8694,"position":3},"title":"Deppen in Fotoforen","author":"admin","date":"24. September 2009","format":false,"excerpt":"Moin, ich habe neue Erkenntnisse gewonnen: 1. Beleuchter verdienen mehr Geld als Fotografen. 2. Meine Bilder sind gut. 3. Ich bin ein ****** und ein schlechter Vater. Wie es dazu gekommen ist? Nun, dank des modernen Lebenshilfe-Mediums (vulgo: \u201eFotoforum im www\u201c) bin ich wieder ein wenig schlauer. Doch der Reihe\u2026","rel":"","context":"In &quot;2009&quot;","block_context":{"text":"2009","link":"http:\/\/www.rockpixx.com\/wordpress\/category\/backstage\/2009\/"},"img":{"alt_text":"","src":"","width":0,"height":0},"classes":[]},{"id":958,"url":"http:\/\/www.rockpixx.com\/wordpress\/ein-paar-worte-zum-thema-catering\/","url_meta":{"origin":8694,"position":4},"title":"Ein paar Worte zum Thema \u201eCatering\u201c","author":"admin","date":"17. November 2007","format":false,"excerpt":"Oft habe ich bei Konzerten die M\u00f6glichkeit gehabt, nicht nur im Graben zu stehen, sondern konnte mich als Gast der jeweiligen Bands auch ungehindert hinter der B\u00fchne bewegen. Dieser bei vielen begehrte \u201eAccess all areas\u201c-Ausweis er\u00f6ffnet seinem Tr\u00e4ger dann eine v\u00f6llig andere Welt als die, welche der normale Konzertbesucher w\u00e4hrend\u2026","rel":"","context":"In &quot;2007&quot;","block_context":{"text":"2007","link":"http:\/\/www.rockpixx.com\/wordpress\/category\/backstage\/2007\/"},"img":{"alt_text":"Catering","src":"https:\/\/i0.wp.com\/www.rockpixx.com\/wordpress\/wp-content\/uploads\/2007\/11\/20091010-0002.jpg?resize=350%2C200","width":350,"height":200,"srcset":"https:\/\/i0.wp.com\/www.rockpixx.com\/wordpress\/wp-content\/uploads\/2007\/11\/20091010-0002.jpg?resize=350%2C200 1x, https:\/\/i0.wp.com\/www.rockpixx.com\/wordpress\/wp-content\/uploads\/2007\/11\/20091010-0002.jpg?resize=525%2C300 1.5x, https:\/\/i0.wp.com\/www.rockpixx.com\/wordpress\/wp-content\/uploads\/2007\/11\/20091010-0002.jpg?resize=700%2C400 2x"},"classes":[]},{"id":16673,"url":"http:\/\/www.rockpixx.com\/wordpress\/torfrock-30-08-2014-baltic-open-air-schleswig\/","url_meta":{"origin":8694,"position":5},"title":"Torfrock, 30.08.2014, Baltic Open Air, Schleswig","author":"admin","date":"5. September 2014","format":false,"excerpt":"\u201eBagalutenwiehnacht\u201c? Nee, hat doch keiner im Publikum eine rote Zipfelm\u00fctze auf und Klaus von \u2192 \u201eTorfrock\u201c tr\u00e4gt auch keine. Einigen wir uns also auf \u201eBagalutensommer\u201c, denn \u201edie Bagalutenband f\u00e4llt wieder ein\u201c \u2013 dieses Mal auf der Centerstage des Baltic Open Air in Schleswig am zweiten Tag des Festivals. Der Platz\u2026","rel":"","context":"In &quot;Acts&quot;","block_context":{"text":"Acts","link":"http:\/\/www.rockpixx.com\/wordpress\/category\/acts\/"},"img":{"alt_text":"Torfrock, 30.08.2014, Baltic Open Air, Schleswig","src":"https:\/\/i0.wp.com\/www.rockpixx.com\/wordpress\/wp-content\/uploads\/2014\/09\/20140830-02-099.jpg?resize=350%2C200","width":350,"height":200,"srcset":"https:\/\/i0.wp.com\/www.rockpixx.com\/wordpress\/wp-content\/uploads\/2014\/09\/20140830-02-099.jpg?resize=350%2C200 1x, https:\/\/i0.wp.com\/www.rockpixx.com\/wordpress\/wp-content\/uploads\/2014\/09\/20140830-02-099.jpg?resize=525%2C300 1.5x, https:\/\/i0.wp.com\/www.rockpixx.com\/wordpress\/wp-content\/uploads\/2014\/09\/20140830-02-099.jpg?resize=700%2C400 2x"},"classes":[]}],"jetpack_sharing_enabled":true,"publishpress_future_action":{"enabled":false,"date":"2026-05-06 10:26:01","action":"change-status","newStatus":"draft","terms":[],"taxonomy":"category","extraData":[]},"publishpress_future_workflow_manual_trigger":{"enabledWorkflows":[]},"_links":{"self":[{"href":"http:\/\/www.rockpixx.com\/wordpress\/wp-json\/wp\/v2\/posts\/8694","targetHints":{"allow":["GET"]}}],"collection":[{"href":"http:\/\/www.rockpixx.com\/wordpress\/wp-json\/wp\/v2\/posts"}],"about":[{"href":"http:\/\/www.rockpixx.com\/wordpress\/wp-json\/wp\/v2\/types\/post"}],"author":[{"embeddable":true,"href":"http:\/\/www.rockpixx.com\/wordpress\/wp-json\/wp\/v2\/users\/1"}],"replies":[{"embeddable":true,"href":"http:\/\/www.rockpixx.com\/wordpress\/wp-json\/wp\/v2\/comments?post=8694"}],"version-history":[{"count":0,"href":"http:\/\/www.rockpixx.com\/wordpress\/wp-json\/wp\/v2\/posts\/8694\/revisions"}],"wp:featuredmedia":[{"embeddable":true,"href":"http:\/\/www.rockpixx.com\/wordpress\/wp-json\/wp\/v2\/media\/8699"}],"wp:attachment":[{"href":"http:\/\/www.rockpixx.com\/wordpress\/wp-json\/wp\/v2\/media?parent=8694"}],"wp:term":[{"taxonomy":"category","embeddable":true,"href":"http:\/\/www.rockpixx.com\/wordpress\/wp-json\/wp\/v2\/categories?post=8694"},{"taxonomy":"post_tag","embeddable":true,"href":"http:\/\/www.rockpixx.com\/wordpress\/wp-json\/wp\/v2\/tags?post=8694"}],"curies":[{"name":"wp","href":"https:\/\/api.w.org\/{rel}","templated":true}]}}