{"id":8750,"date":"2012-07-14T01:00:22","date_gmt":"2012-07-14T00:00:22","guid":{"rendered":"http:\/\/rockpixx.com\/wordpress\/?p=8750"},"modified":"2013-02-11T15:45:48","modified_gmt":"2013-02-11T14:45:48","slug":"annemarie-eilfeld-dsds-14-07-2012-eckernforde-sudstrand","status":"publish","type":"post","link":"http:\/\/www.rockpixx.com\/wordpress\/annemarie-eilfeld-dsds-14-07-2012-eckernforde-sudstrand\/","title":{"rendered":"Annemarie Eilfeld (DSDS), 14.07.2012, Eckernf\u00f6rde, S\u00fcdstrand"},"content":{"rendered":"<p>Am Wochenende bewegten wir uns nicht in unserem gewohnten Umfeld\u2026 es war schon der Graben vor einer Konzertb\u00fchne, aber auf der B\u00fchne waren K\u00fcnstler, die nicht zum \u00fcblichen \u201eBeuteschema\u201c von rockpixx.com geh\u00f6ren. Aber was tut man nicht alles f\u00fcr\u2026 nein f\u00fcr Geld haben wir es nicht getan, sondern aus langj\u00e4hriger Freundschaft zu einem Veranstalter. Mehr Interna gibt es nicht. \ud83d\ude09<\/p>\n<p>Der erste Act an diesem Nachmittag war Annemarie Eilfeld\u2026 eingefleischte Kenner der Szene werden sagen, die war doch\u2026! Genau Annemarie Eilfeld war Halbfinalistin in Dieter Bohlen&#8217;s 6. DSDS Staffel 2009.<!--more--><\/p>\n<p>Dies war auch das gro\u00dfe Motto unter dem dieser Nachmittag stand \u2013 Superstar OpenAir mit weiteren 7 Teilnehmern aus den letzten DSDS-Staffeln.<\/p>\n<p>Nach Ihrem Intermezzo bei der RTL-Soap \u201eGute Zeiten Schlechte Zeiten\u201c beschloss sie, in Zukunft nur noch deutschsprachigen Pop zu singen. Ihre Show auf der B\u00fchne war gut durchchoreografiert und produziert. Unter Einsatz von 2 T\u00e4nzern und gef\u00fchlten 75% Playback schmetterte Annemarie im \u201ePrinzessin Lilifee\u201c-Outfit ihre Lieder ins Publikum, aber seht selbst\u2026<\/p>\n<p style=\"text-align: right;\">Fotos:\u00a0<a href=\"mailto:info@rockpixx.com?subject=Fotos%20von%20Annemarie%20Eilfeld%20(DSDS),%20Eckernf%C3%B6rde%20%E2%80%9ES%C3%BCdstrand%E2%80%9C,%2014.07.2012\">Alex<\/a>,\u00a0<a href=\"mailto:a.roselt@rockpixx.com?subject=Fotos%20von%20Annemarie%20Eilfeld%20(DSDS),%20Eckernf%C3%B6rde%20%E2%80%9ES%C3%BCdstrand%E2%80%9C,%2014.07.2012\">Anja<\/a>\u00a0| Text:\u00a0<a href=\"mailto:a.roselt@rockpixx.com?subject=Reviewtext%20von%20Annemarie%20Eilfeld%20(DSDS),%20Eckernf%C3%B6rde%20%E2%80%9ES%C3%BCdstrand%E2%80%9C,%2014.07.2012\">Anja<\/a><\/p>\n<p>&nbsp;<\/p>\n<p>[slideshow id=166]<\/p>\n","protected":false},"excerpt":{"rendered":"<p>Am Wochenende bewegten wir uns nicht in unserem gewohnten Umfeld\u2026 es war schon der Graben <a href=\"http:\/\/www.rockpixx.com\/wordpress\/annemarie-eilfeld-dsds-14-07-2012-eckernforde-sudstrand\/\">Read more<\/a><\/p>\n","protected":false},"author":2,"featured_media":8728,"comment_status":"open","ping_status":"open","sticky":false,"template":"","format":"standard","meta":{"_jetpack_memberships_contains_paid_content":false,"footnotes":"","jetpack_publicize_message":"","jetpack_publicize_feature_enabled":true,"jetpack_social_post_already_shared":true,"jetpack_social_options":{"image_generator_settings":{"template":"highway","default_image_id":0,"font":"","enabled":false},"version":2}},"categories":[34,1570],"tags":[1759,652,876,874,875],"class_list":["post-8750","post","type-post","status-publish","format-standard","has-post-thumbnail","hentry","category-acts","category-annemarie-eilfeld","tag-1759","tag-annemarie-eilfeld","tag-dsds-superstar-open-air","tag-eckernforde","tag-sudstrand"],"aioseo_notices":[],"jetpack_publicize_connections":[],"jetpack_featured_media_url":"http:\/\/www.rockpixx.com\/wordpress\/wp-content\/uploads\/2013\/02\/20120714-01-annemarie-eilfeld-Artikel.jpg","jetpack-related-posts":[{"id":8759,"url":"http:\/\/www.rockpixx.com\/wordpress\/mark-medlock-dsds-14-07-2012-eckernforde-sudstrand\/","url_meta":{"origin":8750,"position":0},"title":"Mark Medlock (DSDS), 14.07.2012, Eckernf\u00f6rde, S\u00fcdstrand","author":"Anja","date":"14. Juli 2012","format":false,"excerpt":"Mark Medlock ist der n\u00e4chste DSDS-Sieger \u2013 er gewann die 4. Staffel und war bisher auch einer der erfolgreichsten DSDS-Teilnehmer, was die Platzierung in den Charts betrifft. Einer seiner letzten Auftritte auf einer B\u00fchne\u2026 dies bewegte ihn schon sehr und spiegelte sich auch in seiner Liederauswahl wieder. Eher getragene Songs\u2026","rel":"","context":"In &quot;Acts&quot;","block_context":{"text":"Acts","link":"http:\/\/www.rockpixx.com\/wordpress\/category\/acts\/"},"img":{"alt_text":"Mark Medlock (DSDS), 14.07.2012, Eckernf\u00f6rde, S\u00fcdstrand","src":"https:\/\/i0.wp.com\/www.rockpixx.com\/wordpress\/wp-content\/uploads\/2013\/02\/20120714-05-mark-medlock-Artikel.jpg?resize=350%2C200","width":350,"height":200,"srcset":"https:\/\/i0.wp.com\/www.rockpixx.com\/wordpress\/wp-content\/uploads\/2013\/02\/20120714-05-mark-medlock-Artikel.jpg?resize=350%2C200 1x, https:\/\/i0.wp.com\/www.rockpixx.com\/wordpress\/wp-content\/uploads\/2013\/02\/20120714-05-mark-medlock-Artikel.jpg?resize=525%2C300 1.5x, https:\/\/i0.wp.com\/www.rockpixx.com\/wordpress\/wp-content\/uploads\/2013\/02\/20120714-05-mark-medlock-Artikel.jpg?resize=700%2C400 2x"},"classes":[]},{"id":8754,"url":"http:\/\/www.rockpixx.com\/wordpress\/menderes-dsds-14-07-2012-eckernforde-sudstrand\/","url_meta":{"origin":8750,"position":1},"title":"Menderes (DSDS), 14.07.2012, Eckernf\u00f6rde, S\u00fcdstrand","author":"Anja","date":"14. Juli 2012","format":false,"excerpt":"Der dritte K\u00fcnstler an diesem Nachmittag war Menderes. Nach vielen Versuchen bei den Castings zu DSDS schaffte es Menderes leider nie zu den Recalls und der Verdacht kommt beim Zuschauer auf, dass hier ein Musiker systematisch zum \u201eLoser\u201c der Staffeln gemacht worden ist. Was uns aber dann auf der B\u00fchne\u2026","rel":"","context":"In &quot;Acts&quot;","block_context":{"text":"Acts","link":"http:\/\/www.rockpixx.com\/wordpress\/category\/acts\/"},"img":{"alt_text":"Menderes (DSDS), 14.07.2012, Eckernf\u00f6rde, S\u00fcdstrand","src":"https:\/\/i0.wp.com\/www.rockpixx.com\/wordpress\/wp-content\/uploads\/2013\/02\/20120714-03-menderes-bagci-Artikel.jpg?resize=350%2C200","width":350,"height":200,"srcset":"https:\/\/i0.wp.com\/www.rockpixx.com\/wordpress\/wp-content\/uploads\/2013\/02\/20120714-03-menderes-bagci-Artikel.jpg?resize=350%2C200 1x, https:\/\/i0.wp.com\/www.rockpixx.com\/wordpress\/wp-content\/uploads\/2013\/02\/20120714-03-menderes-bagci-Artikel.jpg?resize=525%2C300 1.5x, https:\/\/i0.wp.com\/www.rockpixx.com\/wordpress\/wp-content\/uploads\/2013\/02\/20120714-03-menderes-bagci-Artikel.jpg?resize=700%2C400 2x"},"classes":[]},{"id":8752,"url":"http:\/\/www.rockpixx.com\/wordpress\/der-checker-dsds-14-07-2012-eckernforde-sudstrand\/","url_meta":{"origin":8750,"position":2},"title":"Der Checker (DSDS), 14.07.2012, Eckernf\u00f6rde, S\u00fcdstrand","author":"Anja","date":"14. Juli 2012","format":false,"excerpt":"Als n\u00e4chstes stand \u201eDer Checker\u201c auf dem Programm\u2026 nein hier ist nicht Alex Wesselsky von \u2192\u00a0Eisbrecher\u00a0gemeint. Der K\u00fcnstler, der hier auf der B\u00fchne stand, war Teilnehmer in der 7. Staffel von Dieter Bohlens DSDS und erhielt diesen Namen vom Pop-Titan h\u00f6chstselbst verliehen \u2013 aus welchem Grund auch immer. Aus dem\u2026","rel":"","context":"In &quot;Acts&quot;","block_context":{"text":"Acts","link":"http:\/\/www.rockpixx.com\/wordpress\/category\/acts\/"},"img":{"alt_text":"Der Checker (DSDS), 14.07.2012, Eckernf\u00f6rde, S\u00fcdstrand","src":"https:\/\/i0.wp.com\/www.rockpixx.com\/wordpress\/wp-content\/uploads\/2013\/02\/20120714-02-der-checker-Artikel.jpg?resize=350%2C200","width":350,"height":200,"srcset":"https:\/\/i0.wp.com\/www.rockpixx.com\/wordpress\/wp-content\/uploads\/2013\/02\/20120714-02-der-checker-Artikel.jpg?resize=350%2C200 1x, https:\/\/i0.wp.com\/www.rockpixx.com\/wordpress\/wp-content\/uploads\/2013\/02\/20120714-02-der-checker-Artikel.jpg?resize=525%2C300 1.5x, https:\/\/i0.wp.com\/www.rockpixx.com\/wordpress\/wp-content\/uploads\/2013\/02\/20120714-02-der-checker-Artikel.jpg?resize=700%2C400 2x"},"classes":[]},{"id":8767,"url":"http:\/\/www.rockpixx.com\/wordpress\/luca-hanni-dsds-14-07-2012-eckernforde-sudstrand\/","url_meta":{"origin":8750,"position":3},"title":"Luca H\u00e4nni (DSDS), 14.07.2012, Eckernf\u00f6rde, S\u00fcdstrand","author":"Anja","date":"14. Juli 2012","format":false,"excerpt":"Aus meinen anderen Reviews zu diesem Superstar Open-Air mit den DSDS-Teilnehmern war sicherlich bereits herauszulesen, dass diese Sendung nicht unbedingt ein von mir favorisiertes Showformat ist. Deswegen bin ich da nicht so auf dem Laufenden gewesen, wie der Gewinner der diesj\u00e4hrigen Staffel so ist. Ich war positiv \u00fcberrascht: Eine gute\u2026","rel":"","context":"In &quot;Acts&quot;","block_context":{"text":"Acts","link":"http:\/\/www.rockpixx.com\/wordpress\/category\/acts\/"},"img":{"alt_text":"Luca H\u00e4nni (DSDS), 14.07.2012, Eckernf\u00f6rde, S\u00fcdstrand","src":"https:\/\/i0.wp.com\/www.rockpixx.com\/wordpress\/wp-content\/uploads\/2013\/02\/20120714-08-luca-haenni-Artikel.jpg?resize=350%2C200","width":350,"height":200,"srcset":"https:\/\/i0.wp.com\/www.rockpixx.com\/wordpress\/wp-content\/uploads\/2013\/02\/20120714-08-luca-haenni-Artikel.jpg?resize=350%2C200 1x, https:\/\/i0.wp.com\/www.rockpixx.com\/wordpress\/wp-content\/uploads\/2013\/02\/20120714-08-luca-haenni-Artikel.jpg?resize=525%2C300 1.5x, https:\/\/i0.wp.com\/www.rockpixx.com\/wordpress\/wp-content\/uploads\/2013\/02\/20120714-08-luca-haenni-Artikel.jpg?resize=700%2C400 2x"},"classes":[]},{"id":8764,"url":"http:\/\/www.rockpixx.com\/wordpress\/pietro-lombardi-dsds-14-07-2012-eckernforde-sudstrand\/","url_meta":{"origin":8750,"position":4},"title":"Pietro Lombardi (DSDS), 14.07.2012, Eckernf\u00f6rde, S\u00fcdstrand","author":"Anja","date":"14. Juli 2012","format":false,"excerpt":"Pietro Lombardi, Sieger der letztj\u00e4hrigen DSDS-Staffel war der n\u00e4chste K\u00fcnstler auf der B\u00fchne am Eckernf\u00f6rder Strand. Mit viel Spa\u00df, einer Prise Selbstironie und einen Augenzwinkern bez\u00fcglich seiner mangelnden Textsicherheit brachte er sein Programm auf die B\u00fchne. Dem Gekreisch hinter mir nach zu urteilen, kam es beim Publikum gut an. Zum\u2026","rel":"","context":"In &quot;Acts&quot;","block_context":{"text":"Acts","link":"http:\/\/www.rockpixx.com\/wordpress\/category\/acts\/"},"img":{"alt_text":"Pietro Lombardi (DSDS), 14.07.2012, Eckernf\u00f6rde, S\u00fcdstrand","src":"https:\/\/i0.wp.com\/www.rockpixx.com\/wordpress\/wp-content\/uploads\/2013\/02\/20120714-07-pietro-lombardi-Artikel.jpg?resize=350%2C200","width":350,"height":200,"srcset":"https:\/\/i0.wp.com\/www.rockpixx.com\/wordpress\/wp-content\/uploads\/2013\/02\/20120714-07-pietro-lombardi-Artikel.jpg?resize=350%2C200 1x, https:\/\/i0.wp.com\/www.rockpixx.com\/wordpress\/wp-content\/uploads\/2013\/02\/20120714-07-pietro-lombardi-Artikel.jpg?resize=525%2C300 1.5x, https:\/\/i0.wp.com\/www.rockpixx.com\/wordpress\/wp-content\/uploads\/2013\/02\/20120714-07-pietro-lombardi-Artikel.jpg?resize=700%2C400 2x"},"classes":[]},{"id":8757,"url":"http:\/\/www.rockpixx.com\/wordpress\/mehrzad-marashi-dsds-14-07-2012-eckernforde-sudstrand\/","url_meta":{"origin":8750,"position":5},"title":"Mehrzad Marashi (DSDS), 14.07.2012, Eckernf\u00f6rde, S\u00fcdstrand","author":"Anja","date":"14. Juli 2012","format":false,"excerpt":"Der Auftritt von Mehrzad Marashi l\u00e4\u00dft erahnen, dass hier ein K\u00fcnstler auf der B\u00fchne steht, der Musik nicht nur auf den Gesang reduziert. Zum ersten Mal an diesem Tag standen auch eine Band und drei stimmgewaltige Background-S\u00e4ngerinnen mit auf der B\u00fchne. Was mir hier von der B\u00fchne entgegen kam, war\u2026","rel":"","context":"In &quot;Acts&quot;","block_context":{"text":"Acts","link":"http:\/\/www.rockpixx.com\/wordpress\/category\/acts\/"},"img":{"alt_text":"Mehrzad Marashi (DSDS), 14.07.2012, Eckernf\u00f6rde, S\u00fcdstrand","src":"https:\/\/i0.wp.com\/www.rockpixx.com\/wordpress\/wp-content\/uploads\/2013\/02\/20120714-04-mehrzad-marashi-Artikel.jpg?resize=350%2C200","width":350,"height":200,"srcset":"https:\/\/i0.wp.com\/www.rockpixx.com\/wordpress\/wp-content\/uploads\/2013\/02\/20120714-04-mehrzad-marashi-Artikel.jpg?resize=350%2C200 1x, https:\/\/i0.wp.com\/www.rockpixx.com\/wordpress\/wp-content\/uploads\/2013\/02\/20120714-04-mehrzad-marashi-Artikel.jpg?resize=525%2C300 1.5x, https:\/\/i0.wp.com\/www.rockpixx.com\/wordpress\/wp-content\/uploads\/2013\/02\/20120714-04-mehrzad-marashi-Artikel.jpg?resize=700%2C400 2x"},"classes":[]}],"jetpack_sharing_enabled":true,"publishpress_future_action":{"enabled":false,"date":"2026-05-07 07:46:02","action":"change-status","newStatus":"draft","terms":[],"taxonomy":"category","extraData":[]},"publishpress_future_workflow_manual_trigger":{"enabledWorkflows":[]},"_links":{"self":[{"href":"http:\/\/www.rockpixx.com\/wordpress\/wp-json\/wp\/v2\/posts\/8750","targetHints":{"allow":["GET"]}}],"collection":[{"href":"http:\/\/www.rockpixx.com\/wordpress\/wp-json\/wp\/v2\/posts"}],"about":[{"href":"http:\/\/www.rockpixx.com\/wordpress\/wp-json\/wp\/v2\/types\/post"}],"author":[{"embeddable":true,"href":"http:\/\/www.rockpixx.com\/wordpress\/wp-json\/wp\/v2\/users\/2"}],"replies":[{"embeddable":true,"href":"http:\/\/www.rockpixx.com\/wordpress\/wp-json\/wp\/v2\/comments?post=8750"}],"version-history":[{"count":0,"href":"http:\/\/www.rockpixx.com\/wordpress\/wp-json\/wp\/v2\/posts\/8750\/revisions"}],"wp:featuredmedia":[{"embeddable":true,"href":"http:\/\/www.rockpixx.com\/wordpress\/wp-json\/wp\/v2\/media\/8728"}],"wp:attachment":[{"href":"http:\/\/www.rockpixx.com\/wordpress\/wp-json\/wp\/v2\/media?parent=8750"}],"wp:term":[{"taxonomy":"category","embeddable":true,"href":"http:\/\/www.rockpixx.com\/wordpress\/wp-json\/wp\/v2\/categories?post=8750"},{"taxonomy":"post_tag","embeddable":true,"href":"http:\/\/www.rockpixx.com\/wordpress\/wp-json\/wp\/v2\/tags?post=8750"}],"curies":[{"name":"wp","href":"https:\/\/api.w.org\/{rel}","templated":true}]}}