{"id":8754,"date":"2012-07-14T03:00:30","date_gmt":"2012-07-14T02:00:30","guid":{"rendered":"http:\/\/rockpixx.com\/wordpress\/?p=8754"},"modified":"2013-03-20T16:07:30","modified_gmt":"2013-03-20T15:07:30","slug":"menderes-dsds-14-07-2012-eckernforde-sudstrand","status":"publish","type":"post","link":"http:\/\/www.rockpixx.com\/wordpress\/menderes-dsds-14-07-2012-eckernforde-sudstrand\/","title":{"rendered":"Menderes (DSDS), 14.07.2012, Eckernf\u00f6rde, S\u00fcdstrand"},"content":{"rendered":"<p>Der dritte K\u00fcnstler an diesem Nachmittag war Menderes. Nach vielen Versuchen bei den Castings zu DSDS schaffte es Menderes leider nie zu den Recalls und der Verdacht kommt beim Zuschauer auf, dass hier ein Musiker systematisch zum \u201eLoser\u201c der Staffeln gemacht worden ist.<!--more--><\/p>\n<p>Was uns aber dann auf der B\u00fchne dargeboten wurde, war gesanglich wesentlich besser als die vorangegangenen Acts. Das einzige und wahrscheinlich das gr\u00f6\u00dfte Problem, welches Menderes besitzt, ist seine \u201eSch\u00fcchternheit\u201c. Er vermittelt seinem Gegen\u00fcber viele Selbstzweifel, die nat\u00fcrlich dazu f\u00fchren, dass ein paar \u201emarkige\u201c Spr\u00fcche ihn ins Bockhorn jagen. Daran sollte er arbeiten.<\/p>\n<p>\u2026und Menderes: Andere kochen auch nur mit Wasser. \ud83d\ude09<\/p>\n<p style=\"text-align: right;\">Fotos:\u00a0<a href=\"mailto:info@rockpixx.com?subject=Fotos%20von%20Menderes%20(DSDS),%20Eckernf%C3%B6rde%20%E2%80%9ES%C3%BCdstrand%E2%80%9C,%2014.07.2012\">Alex<\/a>,\u00a0<a href=\"mailto:a.roselt@rockpixx.com?subject=Fotos%20von%20Menderes%20(DSDS),%20Eckernf%C3%B6rde%20%E2%80%9ES%C3%BCdstrand%E2%80%9C,%2014.07.2012\">Anja<\/a>\u00a0| Text:\u00a0<a href=\"mailto:a.roselt@rockpixx.com?subject=Reviewtext%20von%20Menderes%20(DSDS),%20Eckernf%C3%B6rde%20%E2%80%9ES%C3%BCdstrand%E2%80%9C,%2014.07.2012\">Anja<\/a><\/p>\n<p>&nbsp;<\/p>\n<p>[slideshow id=168]<\/p>\n","protected":false},"excerpt":{"rendered":"<p>Der dritte K\u00fcnstler an diesem Nachmittag war Menderes. Nach vielen Versuchen bei den Castings zu <a href=\"http:\/\/www.rockpixx.com\/wordpress\/menderes-dsds-14-07-2012-eckernforde-sudstrand\/\">Read more<\/a><\/p>\n","protected":false},"author":2,"featured_media":8730,"comment_status":"open","ping_status":"open","sticky":false,"template":"","format":"standard","meta":{"_jetpack_memberships_contains_paid_content":false,"footnotes":"","jetpack_publicize_message":"","jetpack_publicize_feature_enabled":true,"jetpack_social_post_already_shared":true,"jetpack_social_options":{"image_generator_settings":{"template":"highway","default_image_id":0,"font":"","enabled":false},"version":2}},"categories":[34,654],"tags":[1759,876,874,2013,875],"class_list":["post-8754","post","type-post","status-publish","format-standard","has-post-thumbnail","hentry","category-acts","category-menderes","tag-1759","tag-dsds-superstar-open-air","tag-eckernforde","tag-menderes","tag-sudstrand"],"aioseo_notices":[],"jetpack_publicize_connections":[],"jetpack_featured_media_url":"http:\/\/www.rockpixx.com\/wordpress\/wp-content\/uploads\/2013\/02\/20120714-03-menderes-bagci-Artikel.jpg","jetpack-related-posts":[{"id":11542,"url":"http:\/\/www.rockpixx.com\/wordpress\/menderes-dsds-openair-06-07-2013-soltau-heide-park-resort\/","url_meta":{"origin":8754,"position":0},"title":"Menderes, DSDS OpenAir, 06.07.2013, Soltau, Heide Park Resort","author":"Anja","date":"11. Juli 2013","format":false,"excerpt":"Menderes ist langsam dabei, \u201eseinen pers\u00f6nlichen Stil\u201c zu finden \u2013 so erscheint es uns. Wirkte er \u2192\u00a02012 in Eckernf\u00f6rde noch ein wenig sch\u00fcchtern, so tritt er dieses Mal \u2013 zumindest auf der B\u00fchne \u2013 schon mit deutlich mehr Selbstbewusstsein vor die gut 15.000-k\u00f6pfige Menge und singt und tanzt sich die\u2026","rel":"","context":"In &quot;Acts&quot;","block_context":{"text":"Acts","link":"http:\/\/www.rockpixx.com\/wordpress\/category\/acts\/"},"img":{"alt_text":"","src":"https:\/\/i0.wp.com\/www.rockpixx.com\/wordpress\/wp-content\/uploads\/2013\/07\/20130706-10-025_menderes-Artikel.jpg?resize=350%2C200","width":350,"height":200,"srcset":"https:\/\/i0.wp.com\/www.rockpixx.com\/wordpress\/wp-content\/uploads\/2013\/07\/20130706-10-025_menderes-Artikel.jpg?resize=350%2C200 1x, https:\/\/i0.wp.com\/www.rockpixx.com\/wordpress\/wp-content\/uploads\/2013\/07\/20130706-10-025_menderes-Artikel.jpg?resize=525%2C300 1.5x, https:\/\/i0.wp.com\/www.rockpixx.com\/wordpress\/wp-content\/uploads\/2013\/07\/20130706-10-025_menderes-Artikel.jpg?resize=700%2C400 2x"},"classes":[]},{"id":8767,"url":"http:\/\/www.rockpixx.com\/wordpress\/luca-hanni-dsds-14-07-2012-eckernforde-sudstrand\/","url_meta":{"origin":8754,"position":1},"title":"Luca H\u00e4nni (DSDS), 14.07.2012, Eckernf\u00f6rde, S\u00fcdstrand","author":"Anja","date":"14. Juli 2012","format":false,"excerpt":"Aus meinen anderen Reviews zu diesem Superstar Open-Air mit den DSDS-Teilnehmern war sicherlich bereits herauszulesen, dass diese Sendung nicht unbedingt ein von mir favorisiertes Showformat ist. Deswegen bin ich da nicht so auf dem Laufenden gewesen, wie der Gewinner der diesj\u00e4hrigen Staffel so ist. Ich war positiv \u00fcberrascht: Eine gute\u2026","rel":"","context":"In &quot;Acts&quot;","block_context":{"text":"Acts","link":"http:\/\/www.rockpixx.com\/wordpress\/category\/acts\/"},"img":{"alt_text":"Luca H\u00e4nni (DSDS), 14.07.2012, Eckernf\u00f6rde, S\u00fcdstrand","src":"https:\/\/i0.wp.com\/www.rockpixx.com\/wordpress\/wp-content\/uploads\/2013\/02\/20120714-08-luca-haenni-Artikel.jpg?resize=350%2C200","width":350,"height":200,"srcset":"https:\/\/i0.wp.com\/www.rockpixx.com\/wordpress\/wp-content\/uploads\/2013\/02\/20120714-08-luca-haenni-Artikel.jpg?resize=350%2C200 1x, https:\/\/i0.wp.com\/www.rockpixx.com\/wordpress\/wp-content\/uploads\/2013\/02\/20120714-08-luca-haenni-Artikel.jpg?resize=525%2C300 1.5x, https:\/\/i0.wp.com\/www.rockpixx.com\/wordpress\/wp-content\/uploads\/2013\/02\/20120714-08-luca-haenni-Artikel.jpg?resize=700%2C400 2x"},"classes":[]},{"id":8757,"url":"http:\/\/www.rockpixx.com\/wordpress\/mehrzad-marashi-dsds-14-07-2012-eckernforde-sudstrand\/","url_meta":{"origin":8754,"position":2},"title":"Mehrzad Marashi (DSDS), 14.07.2012, Eckernf\u00f6rde, S\u00fcdstrand","author":"Anja","date":"14. Juli 2012","format":false,"excerpt":"Der Auftritt von Mehrzad Marashi l\u00e4\u00dft erahnen, dass hier ein K\u00fcnstler auf der B\u00fchne steht, der Musik nicht nur auf den Gesang reduziert. Zum ersten Mal an diesem Tag standen auch eine Band und drei stimmgewaltige Background-S\u00e4ngerinnen mit auf der B\u00fchne. Was mir hier von der B\u00fchne entgegen kam, war\u2026","rel":"","context":"In &quot;Acts&quot;","block_context":{"text":"Acts","link":"http:\/\/www.rockpixx.com\/wordpress\/category\/acts\/"},"img":{"alt_text":"Mehrzad Marashi (DSDS), 14.07.2012, Eckernf\u00f6rde, S\u00fcdstrand","src":"https:\/\/i0.wp.com\/www.rockpixx.com\/wordpress\/wp-content\/uploads\/2013\/02\/20120714-04-mehrzad-marashi-Artikel.jpg?resize=350%2C200","width":350,"height":200,"srcset":"https:\/\/i0.wp.com\/www.rockpixx.com\/wordpress\/wp-content\/uploads\/2013\/02\/20120714-04-mehrzad-marashi-Artikel.jpg?resize=350%2C200 1x, https:\/\/i0.wp.com\/www.rockpixx.com\/wordpress\/wp-content\/uploads\/2013\/02\/20120714-04-mehrzad-marashi-Artikel.jpg?resize=525%2C300 1.5x, https:\/\/i0.wp.com\/www.rockpixx.com\/wordpress\/wp-content\/uploads\/2013\/02\/20120714-04-mehrzad-marashi-Artikel.jpg?resize=700%2C400 2x"},"classes":[]},{"id":8752,"url":"http:\/\/www.rockpixx.com\/wordpress\/der-checker-dsds-14-07-2012-eckernforde-sudstrand\/","url_meta":{"origin":8754,"position":3},"title":"Der Checker (DSDS), 14.07.2012, Eckernf\u00f6rde, S\u00fcdstrand","author":"Anja","date":"14. Juli 2012","format":false,"excerpt":"Als n\u00e4chstes stand \u201eDer Checker\u201c auf dem Programm\u2026 nein hier ist nicht Alex Wesselsky von \u2192\u00a0Eisbrecher\u00a0gemeint. Der K\u00fcnstler, der hier auf der B\u00fchne stand, war Teilnehmer in der 7. Staffel von Dieter Bohlens DSDS und erhielt diesen Namen vom Pop-Titan h\u00f6chstselbst verliehen \u2013 aus welchem Grund auch immer. Aus dem\u2026","rel":"","context":"In &quot;Acts&quot;","block_context":{"text":"Acts","link":"http:\/\/www.rockpixx.com\/wordpress\/category\/acts\/"},"img":{"alt_text":"Der Checker (DSDS), 14.07.2012, Eckernf\u00f6rde, S\u00fcdstrand","src":"https:\/\/i0.wp.com\/www.rockpixx.com\/wordpress\/wp-content\/uploads\/2013\/02\/20120714-02-der-checker-Artikel.jpg?resize=350%2C200","width":350,"height":200,"srcset":"https:\/\/i0.wp.com\/www.rockpixx.com\/wordpress\/wp-content\/uploads\/2013\/02\/20120714-02-der-checker-Artikel.jpg?resize=350%2C200 1x, https:\/\/i0.wp.com\/www.rockpixx.com\/wordpress\/wp-content\/uploads\/2013\/02\/20120714-02-der-checker-Artikel.jpg?resize=525%2C300 1.5x, https:\/\/i0.wp.com\/www.rockpixx.com\/wordpress\/wp-content\/uploads\/2013\/02\/20120714-02-der-checker-Artikel.jpg?resize=700%2C400 2x"},"classes":[]},{"id":8764,"url":"http:\/\/www.rockpixx.com\/wordpress\/pietro-lombardi-dsds-14-07-2012-eckernforde-sudstrand\/","url_meta":{"origin":8754,"position":4},"title":"Pietro Lombardi (DSDS), 14.07.2012, Eckernf\u00f6rde, S\u00fcdstrand","author":"Anja","date":"14. Juli 2012","format":false,"excerpt":"Pietro Lombardi, Sieger der letztj\u00e4hrigen DSDS-Staffel war der n\u00e4chste K\u00fcnstler auf der B\u00fchne am Eckernf\u00f6rder Strand. Mit viel Spa\u00df, einer Prise Selbstironie und einen Augenzwinkern bez\u00fcglich seiner mangelnden Textsicherheit brachte er sein Programm auf die B\u00fchne. Dem Gekreisch hinter mir nach zu urteilen, kam es beim Publikum gut an. Zum\u2026","rel":"","context":"In &quot;Acts&quot;","block_context":{"text":"Acts","link":"http:\/\/www.rockpixx.com\/wordpress\/category\/acts\/"},"img":{"alt_text":"Pietro Lombardi (DSDS), 14.07.2012, Eckernf\u00f6rde, S\u00fcdstrand","src":"https:\/\/i0.wp.com\/www.rockpixx.com\/wordpress\/wp-content\/uploads\/2013\/02\/20120714-07-pietro-lombardi-Artikel.jpg?resize=350%2C200","width":350,"height":200,"srcset":"https:\/\/i0.wp.com\/www.rockpixx.com\/wordpress\/wp-content\/uploads\/2013\/02\/20120714-07-pietro-lombardi-Artikel.jpg?resize=350%2C200 1x, https:\/\/i0.wp.com\/www.rockpixx.com\/wordpress\/wp-content\/uploads\/2013\/02\/20120714-07-pietro-lombardi-Artikel.jpg?resize=525%2C300 1.5x, https:\/\/i0.wp.com\/www.rockpixx.com\/wordpress\/wp-content\/uploads\/2013\/02\/20120714-07-pietro-lombardi-Artikel.jpg?resize=700%2C400 2x"},"classes":[]},{"id":8759,"url":"http:\/\/www.rockpixx.com\/wordpress\/mark-medlock-dsds-14-07-2012-eckernforde-sudstrand\/","url_meta":{"origin":8754,"position":5},"title":"Mark Medlock (DSDS), 14.07.2012, Eckernf\u00f6rde, S\u00fcdstrand","author":"Anja","date":"14. Juli 2012","format":false,"excerpt":"Mark Medlock ist der n\u00e4chste DSDS-Sieger \u2013 er gewann die 4. Staffel und war bisher auch einer der erfolgreichsten DSDS-Teilnehmer, was die Platzierung in den Charts betrifft. Einer seiner letzten Auftritte auf einer B\u00fchne\u2026 dies bewegte ihn schon sehr und spiegelte sich auch in seiner Liederauswahl wieder. Eher getragene Songs\u2026","rel":"","context":"In &quot;Acts&quot;","block_context":{"text":"Acts","link":"http:\/\/www.rockpixx.com\/wordpress\/category\/acts\/"},"img":{"alt_text":"Mark Medlock (DSDS), 14.07.2012, Eckernf\u00f6rde, S\u00fcdstrand","src":"https:\/\/i0.wp.com\/www.rockpixx.com\/wordpress\/wp-content\/uploads\/2013\/02\/20120714-05-mark-medlock-Artikel.jpg?resize=350%2C200","width":350,"height":200,"srcset":"https:\/\/i0.wp.com\/www.rockpixx.com\/wordpress\/wp-content\/uploads\/2013\/02\/20120714-05-mark-medlock-Artikel.jpg?resize=350%2C200 1x, https:\/\/i0.wp.com\/www.rockpixx.com\/wordpress\/wp-content\/uploads\/2013\/02\/20120714-05-mark-medlock-Artikel.jpg?resize=525%2C300 1.5x, https:\/\/i0.wp.com\/www.rockpixx.com\/wordpress\/wp-content\/uploads\/2013\/02\/20120714-05-mark-medlock-Artikel.jpg?resize=700%2C400 2x"},"classes":[]}],"jetpack_sharing_enabled":true,"publishpress_future_action":{"enabled":false,"date":"2026-05-07 03:06:37","action":"change-status","newStatus":"draft","terms":[],"taxonomy":"category","extraData":[]},"publishpress_future_workflow_manual_trigger":{"enabledWorkflows":[]},"_links":{"self":[{"href":"http:\/\/www.rockpixx.com\/wordpress\/wp-json\/wp\/v2\/posts\/8754","targetHints":{"allow":["GET"]}}],"collection":[{"href":"http:\/\/www.rockpixx.com\/wordpress\/wp-json\/wp\/v2\/posts"}],"about":[{"href":"http:\/\/www.rockpixx.com\/wordpress\/wp-json\/wp\/v2\/types\/post"}],"author":[{"embeddable":true,"href":"http:\/\/www.rockpixx.com\/wordpress\/wp-json\/wp\/v2\/users\/2"}],"replies":[{"embeddable":true,"href":"http:\/\/www.rockpixx.com\/wordpress\/wp-json\/wp\/v2\/comments?post=8754"}],"version-history":[{"count":0,"href":"http:\/\/www.rockpixx.com\/wordpress\/wp-json\/wp\/v2\/posts\/8754\/revisions"}],"wp:featuredmedia":[{"embeddable":true,"href":"http:\/\/www.rockpixx.com\/wordpress\/wp-json\/wp\/v2\/media\/8730"}],"wp:attachment":[{"href":"http:\/\/www.rockpixx.com\/wordpress\/wp-json\/wp\/v2\/media?parent=8754"}],"wp:term":[{"taxonomy":"category","embeddable":true,"href":"http:\/\/www.rockpixx.com\/wordpress\/wp-json\/wp\/v2\/categories?post=8754"},{"taxonomy":"post_tag","embeddable":true,"href":"http:\/\/www.rockpixx.com\/wordpress\/wp-json\/wp\/v2\/tags?post=8754"}],"curies":[{"name":"wp","href":"https:\/\/api.w.org\/{rel}","templated":true}]}}