{"id":8800,"date":"2012-07-20T02:00:27","date_gmt":"2012-07-20T01:00:27","guid":{"rendered":"http:\/\/rockpixx.com\/wordpress\/?p=8800"},"modified":"2013-02-11T21:00:58","modified_gmt":"2013-02-11T20:00:58","slug":"fiva-20-07-2012-nordholz-deichbrand-festival","status":"publish","type":"post","link":"http:\/\/www.rockpixx.com\/wordpress\/fiva-20-07-2012-nordholz-deichbrand-festival\/","title":{"rendered":"FIVA, 20.07.2012, Nordholz, Deichbrand Festival"},"content":{"rendered":"<p>Es geht im Zelt weiter!<\/p>\n<p>Die Deutsch-Rapperin und Fernsehmoderatorin Nina \u201eFIVA\u201c Sonnenberg rappt das Zelt und das mit den Texten und Songs vom neuen Album <em>\u201eDie Stadt geh\u00f6rt wieder mir\u201c<\/em>.<!--more--> Intelligente Texte und eine beeindruckende B\u00fchnenpr\u00e4senz zeichnen diese Powerfrau aus. Unterst\u00fctzung bekommt sie vom \u201ePhantom Orchester\u201c (d, b, key) sowie einem DJ. Das Publikum im Zelt wird langsam aber sicher warm\u2026<\/p>\n<p style=\"text-align: right;\">Fotos:\u00a0<a href=\"mailto:info@rockpixx.com?subject=Fotos%20von%20FIVA,%20Nordholz%20%E2%80%9EDeichbrand%20Festival%E2%80%9C,%2020.07.2012\">Alex<\/a>\u00a0| Text:\u00a0<a href=\"mailto:info@rockpixx.com?subject=Reviewtext%20von%20FIVA,%20Nordholz%20%E2%80%9EDeichbrand%20Festival%E2%80%9C,%2020.07.2012\">Alex<\/a><\/p>\n<p>&nbsp;<\/p>\n<p>[slideshow id=176]<\/p>\n","protected":false},"excerpt":{"rendered":"<p>Es geht im Zelt weiter! Die Deutsch-Rapperin und Fernsehmoderatorin Nina \u201eFIVA\u201c Sonnenberg rappt das Zelt <a href=\"http:\/\/www.rockpixx.com\/wordpress\/fiva-20-07-2012-nordholz-deichbrand-festival\/\">Read more<\/a><\/p>\n","protected":false},"author":2,"featured_media":8773,"comment_status":"open","ping_status":"open","sticky":false,"template":"","format":"standard","meta":{"_jetpack_memberships_contains_paid_content":false,"footnotes":"","jetpack_publicize_message":"","jetpack_publicize_feature_enabled":true,"jetpack_social_post_already_shared":true,"jetpack_social_options":{"image_generator_settings":{"template":"highway","default_image_id":0,"font":"","enabled":false},"version":2}},"categories":[34,661],"tags":[1759,844,133,2018],"class_list":["post-8800","post","type-post","status-publish","format-standard","has-post-thumbnail","hentry","category-acts","category-fiva","tag-1759","tag-deichbrand-festival","tag-festivals","tag-fiva"],"aioseo_notices":[],"jetpack_publicize_connections":[],"jetpack_featured_media_url":"http:\/\/www.rockpixx.com\/wordpress\/wp-content\/uploads\/2013\/02\/20120720-02-fiva-Artikel.jpg","jetpack-related-posts":[{"id":8771,"url":"http:\/\/www.rockpixx.com\/wordpress\/vierkanttretlager-20-07-2012-nordholz-deichbrand-festival\/","url_meta":{"origin":8800,"position":0},"title":"Vierkanttretlager, 20.07.2012, Nordholz, Deichbrand Festival","author":"Anja","date":"20. Juli 2012","format":false,"excerpt":"Woran erkennt man, dass \u201eDeichbrand-Zeit\u201c ist? Genau! Es ist Sommer und wir sind am Meer. Zus\u00e4tzlich gibt\u2019s noch Dauerregen und ganz fiese Sturmb\u00f6en. Ersterer hat das gesamte Festivalgel\u00e4nde in ein einziges Moorbad verwandelt und letzterer die beiden gro\u00dfen B\u00fchnen in der Nacht zerdengelt. Da wundert\u2019s also nicht, dass die Running\u2026","rel":"","context":"In &quot;Acts&quot;","block_context":{"text":"Acts","link":"http:\/\/www.rockpixx.com\/wordpress\/category\/acts\/"},"img":{"alt_text":"Vierkanttretlager, 20.07.2012, Nordholz, Deichbrand Festival","src":"https:\/\/i0.wp.com\/www.rockpixx.com\/wordpress\/wp-content\/uploads\/2013\/02\/20120720-01-vierkanttretlager-Artikel.jpg?resize=350%2C200","width":350,"height":200,"srcset":"https:\/\/i0.wp.com\/www.rockpixx.com\/wordpress\/wp-content\/uploads\/2013\/02\/20120720-01-vierkanttretlager-Artikel.jpg?resize=350%2C200 1x, https:\/\/i0.wp.com\/www.rockpixx.com\/wordpress\/wp-content\/uploads\/2013\/02\/20120720-01-vierkanttretlager-Artikel.jpg?resize=525%2C300 1.5x, https:\/\/i0.wp.com\/www.rockpixx.com\/wordpress\/wp-content\/uploads\/2013\/02\/20120720-01-vierkanttretlager-Artikel.jpg?resize=700%2C400 2x"},"classes":[]},{"id":15139,"url":"http:\/\/www.rockpixx.com\/wordpress\/the-intersphere-17-07-2014-deichbrand-festival-nordholz\/","url_meta":{"origin":8800,"position":1},"title":"The Intersphere, 17.07.2014, Deichbrand Festival, Nordholz","author":"admin","date":"18. Juli 2014","format":false,"excerpt":"\u00a0 So, da w\u00e4re ich nun also auf dem diesj\u00e4hrigen Deichbrand Festival an der Nordsee \u2013 \u00fcbrigens zum vierten Mal in Folge. Den Auftakt machen am ersten Abend traditionell einige Bands im Palastzelt und so fange ich heute also mit \u201eThe Intersphere\u201c an. Bands im Palastzelt zu fotografieren hei\u00dft eigentlich\u2026","rel":"","context":"In &quot;Acts&quot;","block_context":{"text":"Acts","link":"http:\/\/www.rockpixx.com\/wordpress\/category\/acts\/"},"img":{"alt_text":"The Intersphere, 17.07.2014, Deichbrand Open Air, Seeflughafen, Nordholz","src":"https:\/\/i0.wp.com\/www.rockpixx.com\/wordpress\/wp-content\/uploads\/2014\/07\/20140717-01-011_the-intersphere_Artikel1.jpg?resize=350%2C200","width":350,"height":200,"srcset":"https:\/\/i0.wp.com\/www.rockpixx.com\/wordpress\/wp-content\/uploads\/2014\/07\/20140717-01-011_the-intersphere_Artikel1.jpg?resize=350%2C200 1x, https:\/\/i0.wp.com\/www.rockpixx.com\/wordpress\/wp-content\/uploads\/2014\/07\/20140717-01-011_the-intersphere_Artikel1.jpg?resize=525%2C300 1.5x, https:\/\/i0.wp.com\/www.rockpixx.com\/wordpress\/wp-content\/uploads\/2014\/07\/20140717-01-011_the-intersphere_Artikel1.jpg?resize=700%2C400 2x"},"classes":[]},{"id":15143,"url":"http:\/\/www.rockpixx.com\/wordpress\/blackmail-17-07-2014-deichbrand-festival-nordholz\/","url_meta":{"origin":8800,"position":2},"title":"Blackmail, 17.07.2014, Deichbrand Festival, Nordholz","author":"admin","date":"18. Juli 2014","format":false,"excerpt":"\u201eBlackmail\u201c hatte ich ja \u2192 bereits 2011 auf dem Deichbrand vor den Kameras gehabt: Outdoor und bei schlechtem Wetter. Dieses Mal also im Zelt, bei Sommerwetter und miesem Licht. Die Band wei\u00df immer noch live m\u00e4chtig zu beeindrucken und legt recht druckvoll los. Man merkt es ihnen an, dass sie\u2026","rel":"","context":"In &quot;Acts&quot;","block_context":{"text":"Acts","link":"http:\/\/www.rockpixx.com\/wordpress\/category\/acts\/"},"img":{"alt_text":"Blackmail, 17.07.2014, Deichbrand Open Air, Seeflughafen, Nordholz","src":"https:\/\/i0.wp.com\/www.rockpixx.com\/wordpress\/wp-content\/uploads\/2014\/07\/20140717-02-008_blackmail_Artikel1.jpg?resize=350%2C200","width":350,"height":200,"srcset":"https:\/\/i0.wp.com\/www.rockpixx.com\/wordpress\/wp-content\/uploads\/2014\/07\/20140717-02-008_blackmail_Artikel1.jpg?resize=350%2C200 1x, https:\/\/i0.wp.com\/www.rockpixx.com\/wordpress\/wp-content\/uploads\/2014\/07\/20140717-02-008_blackmail_Artikel1.jpg?resize=525%2C300 1.5x, https:\/\/i0.wp.com\/www.rockpixx.com\/wordpress\/wp-content\/uploads\/2014\/07\/20140717-02-008_blackmail_Artikel1.jpg?resize=700%2C400 2x"},"classes":[]},{"id":15152,"url":"http:\/\/www.rockpixx.com\/wordpress\/die-apokalyptischen-reiter-17-07-2014-deichbrand-festival-nordholz\/","url_meta":{"origin":8800,"position":3},"title":"Die Apokalyptischen Reiter, 17.07.2014, Deichbrand Festival, Nordholz","author":"admin","date":"18. Juli 2014","format":false,"excerpt":"Den heutigen Schlusspunkt im Zelt setzen dann \u201eDie Apokalypitischen Reiter\u201c \u2013 sp\u00e4testens seit \u2192 Wacken 2013 f\u00fcr mich auch keine fremde Band mehr. Mit dem neuen Album \u201eTief. Tiefer\u201c im Gep\u00e4ck tourt es sich nat\u00fcrlich gleich noch mal besser und so erklingen die gewohnten Kl\u00e4nge der etwas h\u00e4rteren Art und\u2026","rel":"","context":"In &quot;Acts&quot;","block_context":{"text":"Acts","link":"http:\/\/www.rockpixx.com\/wordpress\/category\/acts\/"},"img":{"alt_text":"Die Apokalyptischen Reiter, 17.07.2014, Deichbrand Open Air, Seeflughafen, Nordholz","src":"https:\/\/i0.wp.com\/www.rockpixx.com\/wordpress\/wp-content\/uploads\/2014\/07\/20140717-04-105_die-apokalyptischen-Reiter_Artikel.jpg?resize=350%2C200","width":350,"height":200,"srcset":"https:\/\/i0.wp.com\/www.rockpixx.com\/wordpress\/wp-content\/uploads\/2014\/07\/20140717-04-105_die-apokalyptischen-Reiter_Artikel.jpg?resize=350%2C200 1x, https:\/\/i0.wp.com\/www.rockpixx.com\/wordpress\/wp-content\/uploads\/2014\/07\/20140717-04-105_die-apokalyptischen-Reiter_Artikel.jpg?resize=525%2C300 1.5x, https:\/\/i0.wp.com\/www.rockpixx.com\/wordpress\/wp-content\/uploads\/2014\/07\/20140717-04-105_die-apokalyptischen-Reiter_Artikel.jpg?resize=700%2C400 2x"},"classes":[]},{"id":8101,"url":"http:\/\/www.rockpixx.com\/wordpress\/donots-22-07-2011-nordholz-deichbrand-festival\/","url_meta":{"origin":8800,"position":4},"title":"Donots, 22.07.2011, Nordholz, Deichbrand Festival","author":"Anja","date":"22. Juli 2011","format":false,"excerpt":"Im Pressezelt wird\u2019s dunkel, das Arbeiten am Laptop wird also nicht einfacher, obwohl wir mittlerweile wieder Strom\u00a0und\u00a0WLAN haben \u2013 nur der Kaffee ist leider alle. Freundlicherweise bekommen wir einen Baustrahler ins Zelt gestellt, auf dass wir erhellt werden m\u00f6gen. Dummerweise wird der so hei\u00df, dass er seinen eigenen Griff abfackelt\u2026","rel":"","context":"In &quot;Acts&quot;","block_context":{"text":"Acts","link":"http:\/\/www.rockpixx.com\/wordpress\/category\/acts\/"},"img":{"alt_text":"Donots, 22.07.2011, Nordholz, Deichbrand Festival","src":"https:\/\/i0.wp.com\/www.rockpixx.com\/wordpress\/wp-content\/uploads\/2013\/02\/20110722-08-donots-Artikel.jpg?resize=350%2C200","width":350,"height":200,"srcset":"https:\/\/i0.wp.com\/www.rockpixx.com\/wordpress\/wp-content\/uploads\/2013\/02\/20110722-08-donots-Artikel.jpg?resize=350%2C200 1x, https:\/\/i0.wp.com\/www.rockpixx.com\/wordpress\/wp-content\/uploads\/2013\/02\/20110722-08-donots-Artikel.jpg?resize=525%2C300 1.5x, https:\/\/i0.wp.com\/www.rockpixx.com\/wordpress\/wp-content\/uploads\/2013\/02\/20110722-08-donots-Artikel.jpg?resize=700%2C400 2x"},"classes":[]},{"id":8802,"url":"http:\/\/www.rockpixx.com\/wordpress\/samy-deluxe-20-07-2012-nordholz-deichbrand-festival\/","url_meta":{"origin":8800,"position":5},"title":"Samy Deluxe, 20.07.2012, Nordholz, Deichbrand Festival","author":"Anja","date":"20. Juli 2012","format":false,"excerpt":"Und nun sind wir an der frischen Luft \u2013 ab 20:00 Uhr geht\u2019s endlich los \u2013- mit \u201eSamy Deluxe & Band\u201c. Die Zuschauer d\u00fcrfen zwar nur in den hinteren Teil vom Infield (am ersten Wellenbrecher ist Schluss) und vorne stehen auch noch diverse Stapler vor der einen B\u00fchne w\u00e4hrend die\u2026","rel":"","context":"In &quot;Acts&quot;","block_context":{"text":"Acts","link":"http:\/\/www.rockpixx.com\/wordpress\/category\/acts\/"},"img":{"alt_text":"Samy Deluxe, 20.07.2012, Nordholz, Deichbrand Festival","src":"https:\/\/i0.wp.com\/www.rockpixx.com\/wordpress\/wp-content\/uploads\/2013\/02\/20120720-03-samy-deluxe-Artikel.jpg?resize=350%2C200","width":350,"height":200,"srcset":"https:\/\/i0.wp.com\/www.rockpixx.com\/wordpress\/wp-content\/uploads\/2013\/02\/20120720-03-samy-deluxe-Artikel.jpg?resize=350%2C200 1x, https:\/\/i0.wp.com\/www.rockpixx.com\/wordpress\/wp-content\/uploads\/2013\/02\/20120720-03-samy-deluxe-Artikel.jpg?resize=525%2C300 1.5x, https:\/\/i0.wp.com\/www.rockpixx.com\/wordpress\/wp-content\/uploads\/2013\/02\/20120720-03-samy-deluxe-Artikel.jpg?resize=700%2C400 2x"},"classes":[]}],"jetpack_sharing_enabled":true,"publishpress_future_action":{"enabled":false,"date":"2026-05-07 07:47:31","action":"change-status","newStatus":"draft","terms":[],"taxonomy":"category","extraData":[]},"publishpress_future_workflow_manual_trigger":{"enabledWorkflows":[]},"_links":{"self":[{"href":"http:\/\/www.rockpixx.com\/wordpress\/wp-json\/wp\/v2\/posts\/8800","targetHints":{"allow":["GET"]}}],"collection":[{"href":"http:\/\/www.rockpixx.com\/wordpress\/wp-json\/wp\/v2\/posts"}],"about":[{"href":"http:\/\/www.rockpixx.com\/wordpress\/wp-json\/wp\/v2\/types\/post"}],"author":[{"embeddable":true,"href":"http:\/\/www.rockpixx.com\/wordpress\/wp-json\/wp\/v2\/users\/2"}],"replies":[{"embeddable":true,"href":"http:\/\/www.rockpixx.com\/wordpress\/wp-json\/wp\/v2\/comments?post=8800"}],"version-history":[{"count":0,"href":"http:\/\/www.rockpixx.com\/wordpress\/wp-json\/wp\/v2\/posts\/8800\/revisions"}],"wp:featuredmedia":[{"embeddable":true,"href":"http:\/\/www.rockpixx.com\/wordpress\/wp-json\/wp\/v2\/media\/8773"}],"wp:attachment":[{"href":"http:\/\/www.rockpixx.com\/wordpress\/wp-json\/wp\/v2\/media?parent=8800"}],"wp:term":[{"taxonomy":"category","embeddable":true,"href":"http:\/\/www.rockpixx.com\/wordpress\/wp-json\/wp\/v2\/categories?post=8800"},{"taxonomy":"post_tag","embeddable":true,"href":"http:\/\/www.rockpixx.com\/wordpress\/wp-json\/wp\/v2\/tags?post=8800"}],"curies":[{"name":"wp","href":"https:\/\/api.w.org\/{rel}","templated":true}]}}