{"id":8802,"date":"2012-07-20T03:00:28","date_gmt":"2012-07-20T02:00:28","guid":{"rendered":"http:\/\/rockpixx.com\/wordpress\/?p=8802"},"modified":"2013-09-27T20:26:01","modified_gmt":"2013-09-27T19:26:01","slug":"samy-deluxe-20-07-2012-nordholz-deichbrand-festival","status":"publish","type":"post","link":"http:\/\/www.rockpixx.com\/wordpress\/samy-deluxe-20-07-2012-nordholz-deichbrand-festival\/","title":{"rendered":"Samy Deluxe, 20.07.2012, Nordholz, Deichbrand Festival"},"content":{"rendered":"<p>Und nun sind wir an der frischen Luft \u2013 ab 20:00 Uhr geht\u2019s endlich los \u2013- mit \u201eSamy Deluxe &amp; Band\u201c. <!--more-->Die Zuschauer d\u00fcrfen zwar nur in den hinteren Teil vom Infield (am ersten Wellenbrecher ist Schluss) und vorne stehen auch noch diverse Stapler vor der einen B\u00fchne w\u00e4hrend die andere immer noch (wieder-) aufgebaut wird, aber es gibt das, was eigentlich ein Festival ausmacht: Musik, live und on stage!<\/p>\n<p>Samy Deluxe hat zwar M\u00fche, im Publikum Gesichter auszumachen (zu weit weg), aber das hindert ihn und seine Band nicht, gewohnt engagiert loszulegen und zu rappen, was das Zeug h\u00e4lt.<\/p>\n<p style=\"text-align: right;\">Fotos:\u00a0<a href=\"mailto:info@rockpixx.com?subject=Fotos%20von%20Samy%20Deluxe,%20Nordholz%20%E2%80%9EDeichbrand%20Festival%E2%80%9C,%2020.07.2012\">Alex<\/a>\u00a0| Text:\u00a0<a href=\"mailto:info@rockpixx.com?subject=Reviewtext%20von%20Samy%20Deluxe,%20Nordholz%20%E2%80%9EDeichbrand%20Festival%E2%80%9C,%2020.07.2012\">Alex<\/a><\/p>\n<p>&nbsp;<\/p>\n<p>[slideshow id=177]<\/p>\n","protected":false},"excerpt":{"rendered":"<p>Und nun sind wir an der frischen Luft \u2013 ab 20:00 Uhr geht\u2019s endlich los <a href=\"http:\/\/www.rockpixx.com\/wordpress\/samy-deluxe-20-07-2012-nordholz-deichbrand-festival\/\">Read more<\/a><\/p>\n","protected":false},"author":2,"featured_media":8774,"comment_status":"open","ping_status":"open","sticky":false,"template":"","format":"standard","meta":{"_jetpack_memberships_contains_paid_content":false,"footnotes":"","jetpack_publicize_message":"","jetpack_publicize_feature_enabled":true,"jetpack_social_post_already_shared":true,"jetpack_social_options":{"image_generator_settings":{"template":"highway","default_image_id":0,"font":"","enabled":false},"version":2}},"categories":[34,662],"tags":[1759,1285,844,133,2058,2019],"class_list":["post-8802","post","type-post","status-publish","format-standard","has-post-thumbnail","hentry","category-acts","category-samy-deluxe","tag-1759","tag-bundesvision-song-contest","tag-deichbrand-festival","tag-festivals","tag-nordholz","tag-samy-deluxe"],"aioseo_notices":[],"jetpack_publicize_connections":[],"jetpack_featured_media_url":"http:\/\/www.rockpixx.com\/wordpress\/wp-content\/uploads\/2013\/02\/20120720-03-samy-deluxe-Artikel.jpg","jetpack-related-posts":[{"id":15177,"url":"http:\/\/www.rockpixx.com\/wordpress\/samy-delux-18-07-2014-deichbrand-festival-nordholz\/","url_meta":{"origin":8802,"position":0},"title":"Samy Deluxe, 18.07.2014, Deichbrand Festival, Nordholz","author":"admin","date":"18. Juli 2014","format":false,"excerpt":"Und gleich im Anschluss an \u2192 \u201ePrinz Pi\u201c und \u2192 \u201eCro\u201c noch einmal Rap, dieses Mal aus Hamburg. Samy Deluxe steht mit seiner DLX Band auf der Waterstage. Auch hier kann ich lediglich anerkennen, dass die Musiker voller Elan bei der Sache sind und sich und dem Publikum bei der\u2026","rel":"","context":"In &quot;Acts&quot;","block_context":{"text":"Acts","link":"http:\/\/www.rockpixx.com\/wordpress\/category\/acts\/"},"img":{"alt_text":"Samy Deluxe, 18.07.2014, Deichbrand Open Air, Seeflughafen, Nordholz","src":"https:\/\/i0.wp.com\/www.rockpixx.com\/wordpress\/wp-content\/uploads\/2014\/07\/20140718-06-035_samy-deluxe_Artikel2.jpg?resize=350%2C200","width":350,"height":200,"srcset":"https:\/\/i0.wp.com\/www.rockpixx.com\/wordpress\/wp-content\/uploads\/2014\/07\/20140718-06-035_samy-deluxe_Artikel2.jpg?resize=350%2C200 1x, https:\/\/i0.wp.com\/www.rockpixx.com\/wordpress\/wp-content\/uploads\/2014\/07\/20140718-06-035_samy-deluxe_Artikel2.jpg?resize=525%2C300 1.5x, https:\/\/i0.wp.com\/www.rockpixx.com\/wordpress\/wp-content\/uploads\/2014\/07\/20140718-06-035_samy-deluxe_Artikel2.jpg?resize=700%2C400 2x"},"classes":[]},{"id":8196,"url":"http:\/\/www.rockpixx.com\/wordpress\/pennywise-23-07-2011-nordholz-deichbrand-festival\/","url_meta":{"origin":8802,"position":1},"title":"Pennywise, 23.07.2011, Nordholz, Deichbrand Festival","author":"Anja","date":"23. Juli 2011","format":false,"excerpt":"Was erwartet einen bei \u201ePennywise\u201c? Normalerweise ein mitrei\u00dfendes Konzert der \u201eAltmeister des Skate-Punk\u201c. Was erwartet einen bei \u201ePennywise\u201c auf dem \u201eDeichbrand Festival\u201c? Ca. 30 Fotografen dr\u00e4ngen sich am Grabeneingang, die Menge vor der Absperrung ist aufgeheizt, die Securities sind reichlich nerv\u00f6s nach den Vorf\u00e4llen bei \u2192\u00a0Jennifer Rostock und \u2192\u00a0In Extremo\u2026","rel":"","context":"In &quot;Acts&quot;","block_context":{"text":"Acts","link":"http:\/\/www.rockpixx.com\/wordpress\/category\/acts\/"},"img":{"alt_text":"Pennywise, 23.07.2011, Nordholz, Deichbrand Festival","src":"https:\/\/i0.wp.com\/www.rockpixx.com\/wordpress\/wp-content\/uploads\/2013\/02\/20110723-09-pennywise-Artikel.jpg?resize=350%2C200","width":350,"height":200,"srcset":"https:\/\/i0.wp.com\/www.rockpixx.com\/wordpress\/wp-content\/uploads\/2013\/02\/20110723-09-pennywise-Artikel.jpg?resize=350%2C200 1x, https:\/\/i0.wp.com\/www.rockpixx.com\/wordpress\/wp-content\/uploads\/2013\/02\/20110723-09-pennywise-Artikel.jpg?resize=525%2C300 1.5x, https:\/\/i0.wp.com\/www.rockpixx.com\/wordpress\/wp-content\/uploads\/2013\/02\/20110723-09-pennywise-Artikel.jpg?resize=700%2C400 2x"},"classes":[]},{"id":8201,"url":"http:\/\/www.rockpixx.com\/wordpress\/guano-apes-23-07-2011-nordholz-deichbrand-festival\/","url_meta":{"origin":8802,"position":2},"title":"Guano Apes, 23.07.2011, Nordholz, Deichbrand Festival","author":"Anja","date":"23. Juli 2011","format":false,"excerpt":"Und nun die absoluten Headliner des Sonnabends: Die \u201eGuano Apes\u201c stehen auf der B\u00fchne, nachdem sie sich nach 5\u00a0Jahren Pause eindrucksvoll mit dem neuen Album \u201eBel Air\u201c zur\u00fcckgemeldet haben. Vor der B\u00fchne herrscht Alarmstufe 1: Noch mehr Securities, die Wellenbrecher werden noch einmal ausgebaut, wir d\u00fcrfen nur noch durch den\u2026","rel":"","context":"In &quot;Acts&quot;","block_context":{"text":"Acts","link":"http:\/\/www.rockpixx.com\/wordpress\/category\/acts\/"},"img":{"alt_text":"Guano Apes, 23.07.2011, Nordholz, Deichbrand Festival","src":"https:\/\/i0.wp.com\/www.rockpixx.com\/wordpress\/wp-content\/uploads\/2013\/02\/20110723-10-guano-apes-Artikel.jpg?resize=350%2C200","width":350,"height":200,"srcset":"https:\/\/i0.wp.com\/www.rockpixx.com\/wordpress\/wp-content\/uploads\/2013\/02\/20110723-10-guano-apes-Artikel.jpg?resize=350%2C200 1x, https:\/\/i0.wp.com\/www.rockpixx.com\/wordpress\/wp-content\/uploads\/2013\/02\/20110723-10-guano-apes-Artikel.jpg?resize=525%2C300 1.5x, https:\/\/i0.wp.com\/www.rockpixx.com\/wordpress\/wp-content\/uploads\/2013\/02\/20110723-10-guano-apes-Artikel.jpg?resize=700%2C400 2x"},"classes":[]},{"id":15189,"url":"http:\/\/www.rockpixx.com\/wordpress\/biffy-clyro-18-07-2014-deichbrand-festival-nordholz\/","url_meta":{"origin":8802,"position":3},"title":"Biffy Clyro, 18.07.2014, Deichbrand Festival, Nordholz","author":"admin","date":"19. Juli 2014","format":false,"excerpt":"Wieso kommt es mir eigentlich immer so vor, dass alle Schotten, die auf einer B\u00fchne stehen und losrocken, aussehen, wie eine Mischung zwischen \u2192 \u201eHighlander\u201c (Band und gleichnamiger Film) sowie \u201eBraveheart\u201c (Film)? Bei \u201eBiffy Clyro\u201c ist dieses Gef\u00fchl wieder ganz pr\u00e4sent\u2026 Als Main Act des ersten Deichbrand-Tages stehen die Musiker\u2026","rel":"","context":"In &quot;Acts&quot;","block_context":{"text":"Acts","link":"http:\/\/www.rockpixx.com\/wordpress\/category\/acts\/"},"img":{"alt_text":"","src":"https:\/\/i0.wp.com\/www.rockpixx.com\/wordpress\/wp-content\/uploads\/2014\/07\/20140718-10-151_biffy-clyro_Artikel.jpg?resize=350%2C200","width":350,"height":200,"srcset":"https:\/\/i0.wp.com\/www.rockpixx.com\/wordpress\/wp-content\/uploads\/2014\/07\/20140718-10-151_biffy-clyro_Artikel.jpg?resize=350%2C200 1x, https:\/\/i0.wp.com\/www.rockpixx.com\/wordpress\/wp-content\/uploads\/2014\/07\/20140718-10-151_biffy-clyro_Artikel.jpg?resize=525%2C300 1.5x, https:\/\/i0.wp.com\/www.rockpixx.com\/wordpress\/wp-content\/uploads\/2014\/07\/20140718-10-151_biffy-clyro_Artikel.jpg?resize=700%2C400 2x"},"classes":[]},{"id":8222,"url":"http:\/\/www.rockpixx.com\/wordpress\/paint-me-picasso-24-07-2011-nordholz-deichbrand-festival\/","url_meta":{"origin":8802,"position":4},"title":"Paint me Picasso, 24.07.2011, Nordholz, Deichbrand Festival","author":"Anja","date":"24. Juli 2011","format":false,"excerpt":"Der Sonntag beginnt mit Aufr\u00e4umarbeiten: Das gesamte Festivalgel\u00e4nde ist in der Nacht von Sturm und Regen reichlich zerdengelt worden, an einen Einlass um 11:00 Uhr ist nicht zu denken. Zudem m\u00fcssen \u2013 aufgrund der gestrigen Vorf\u00e4lle \u2013 die Sicherheitsma\u00dfnahmen noch einmal versch\u00e4rft werden (weitere Wellenbrecher, deutliche Verbreiterung des Grabens) und\u2026","rel":"","context":"In &quot;Acts&quot;","block_context":{"text":"Acts","link":"http:\/\/www.rockpixx.com\/wordpress\/category\/acts\/"},"img":{"alt_text":"Paint me Picasso, 24.07.2011, Nordholz, Deichbrand Festival","src":"https:\/\/i0.wp.com\/www.rockpixx.com\/wordpress\/wp-content\/uploads\/2013\/02\/20110724-01-paint-me-picasso-Artikel.jpg?resize=350%2C200","width":350,"height":200,"srcset":"https:\/\/i0.wp.com\/www.rockpixx.com\/wordpress\/wp-content\/uploads\/2013\/02\/20110724-01-paint-me-picasso-Artikel.jpg?resize=350%2C200 1x, https:\/\/i0.wp.com\/www.rockpixx.com\/wordpress\/wp-content\/uploads\/2013\/02\/20110724-01-paint-me-picasso-Artikel.jpg?resize=525%2C300 1.5x, https:\/\/i0.wp.com\/www.rockpixx.com\/wordpress\/wp-content\/uploads\/2013\/02\/20110724-01-paint-me-picasso-Artikel.jpg?resize=700%2C400 2x"},"classes":[]},{"id":15182,"url":"http:\/\/www.rockpixx.com\/wordpress\/broilers-18-07-2014-deichbrand-festival-nordholz\/","url_meta":{"origin":8802,"position":5},"title":"Broilers, 18.07.2014, Deichbrand Festival, Nordholz","author":"admin","date":"18. Juli 2014","format":false,"excerpt":"Zugegeben \u2013 mit den \u2192 \u201eBroilers\u201c hatte ich mich damals beim ersten Aufeinandertreffen noch etwas schwer getan. Das n\u00e4chste Mal stand ich ihnen schon nicht mehr so ablehnend gegen\u00fcber und dieses Mal war ich von ihrer Live-Performance und der B\u00fchnenpr\u00e4senz richtig begeistert. Die Musik ist zwar immer nicht v\u00f6llig kompatibel\u2026","rel":"","context":"In &quot;Acts&quot;","block_context":{"text":"Acts","link":"http:\/\/www.rockpixx.com\/wordpress\/category\/acts\/"},"img":{"alt_text":"Broilers, 18.07.2014, Deichbrand Open Air, Seeflughafen, Nordholz","src":"https:\/\/i0.wp.com\/www.rockpixx.com\/wordpress\/wp-content\/uploads\/2014\/07\/20140718-07-078_broilers_Artikel.jpg?resize=350%2C200","width":350,"height":200,"srcset":"https:\/\/i0.wp.com\/www.rockpixx.com\/wordpress\/wp-content\/uploads\/2014\/07\/20140718-07-078_broilers_Artikel.jpg?resize=350%2C200 1x, https:\/\/i0.wp.com\/www.rockpixx.com\/wordpress\/wp-content\/uploads\/2014\/07\/20140718-07-078_broilers_Artikel.jpg?resize=525%2C300 1.5x, https:\/\/i0.wp.com\/www.rockpixx.com\/wordpress\/wp-content\/uploads\/2014\/07\/20140718-07-078_broilers_Artikel.jpg?resize=700%2C400 2x"},"classes":[]}],"jetpack_sharing_enabled":true,"publishpress_future_action":{"enabled":false,"date":"2026-05-06 17:20:44","action":"change-status","newStatus":"draft","terms":[],"taxonomy":"category","extraData":[]},"publishpress_future_workflow_manual_trigger":{"enabledWorkflows":[]},"_links":{"self":[{"href":"http:\/\/www.rockpixx.com\/wordpress\/wp-json\/wp\/v2\/posts\/8802","targetHints":{"allow":["GET"]}}],"collection":[{"href":"http:\/\/www.rockpixx.com\/wordpress\/wp-json\/wp\/v2\/posts"}],"about":[{"href":"http:\/\/www.rockpixx.com\/wordpress\/wp-json\/wp\/v2\/types\/post"}],"author":[{"embeddable":true,"href":"http:\/\/www.rockpixx.com\/wordpress\/wp-json\/wp\/v2\/users\/2"}],"replies":[{"embeddable":true,"href":"http:\/\/www.rockpixx.com\/wordpress\/wp-json\/wp\/v2\/comments?post=8802"}],"version-history":[{"count":0,"href":"http:\/\/www.rockpixx.com\/wordpress\/wp-json\/wp\/v2\/posts\/8802\/revisions"}],"wp:featuredmedia":[{"embeddable":true,"href":"http:\/\/www.rockpixx.com\/wordpress\/wp-json\/wp\/v2\/media\/8774"}],"wp:attachment":[{"href":"http:\/\/www.rockpixx.com\/wordpress\/wp-json\/wp\/v2\/media?parent=8802"}],"wp:term":[{"taxonomy":"category","embeddable":true,"href":"http:\/\/www.rockpixx.com\/wordpress\/wp-json\/wp\/v2\/categories?post=8802"},{"taxonomy":"post_tag","embeddable":true,"href":"http:\/\/www.rockpixx.com\/wordpress\/wp-json\/wp\/v2\/tags?post=8802"}],"curies":[{"name":"wp","href":"https:\/\/api.w.org\/{rel}","templated":true}]}}