{"id":8807,"date":"2012-07-20T05:00:29","date_gmt":"2012-07-20T04:00:29","guid":{"rendered":"http:\/\/rockpixx.com\/wordpress\/?p=8807"},"modified":"2013-02-11T21:19:41","modified_gmt":"2013-02-11T20:19:41","slug":"asp-20-07-2012-nordholz-deichbrand-festival","status":"publish","type":"post","link":"http:\/\/www.rockpixx.com\/wordpress\/asp-20-07-2012-nordholz-deichbrand-festival\/","title":{"rendered":"ASP, 20.07.2012, Nordholz, Deichbrand Festival"},"content":{"rendered":"<p>Ich zitiere einmal Wikipedia: ASP (ausgesprochen \u201ewie Ast, nur mit P\u201c) ist eine Rockband aus Frankfurt am Main, die von H\u00f6rern und Presse auf Grund von Stil, Auftreten und Herkunft allgemein der schwarzen Szene zugeordnet wird.<!--more--> Bekannt wurde sie vor allem durch den Zyklus um den Schwarzen Schmetterling, um den sich die ersten f\u00fcnf Albenver\u00f6ffentlichungen drehten und der als musikalische Gothic Novel gesehen werden kann. Die Band verdeutlicht diesen Bezug durch die Verwendung der literarisch anmutenden Bezeichnungen Tales of ASP.<\/p>\n<p>Tja\u2026 etwas ratlos stehe ich also eingezw\u00e4ngt im Graben, beobachte wachsam die bedrohlich vor uns aufragenden Pyros und den \u201eScheiss mit Schnee\u201c (O-Ton Security bei der Einweisung) und lasse das alles auf mich zukommen. Frontmann, Gr\u00fcndungsmitglied und S\u00e4nger Alexander Spreng kommt recht theatralisch w\u00e4hrend des Intros auf die B\u00fchne stolziert und legt dann los. Musikalisch nicht wirklich meine Welt, aber als Show durchaus anschauenswert.<\/p>\n<p style=\"text-align: right;\">Fotos:\u00a0<a href=\"mailto:info@rockpixx.com?subject=Fotos%20von%20ASP,%20Nordholz%20%E2%80%9EDeichbrand%20Festival%E2%80%9C,%2020.07.2012\">Alex<\/a>\u00a0| Text:\u00a0<a href=\"mailto:info@rockpixx.com?subject=Reviewtext%20von%20ASP,%20Nordholz%20%E2%80%9EDeichbrand%20Festival%E2%80%9C,%2020.07.2012\">Alex<\/a><\/p>\n<p>&nbsp;<\/p>\n<p>[slideshow id=179]<\/p>\n","protected":false},"excerpt":{"rendered":"<p>Ich zitiere einmal Wikipedia: ASP (ausgesprochen \u201ewie Ast, nur mit P\u201c) ist eine Rockband aus <a href=\"http:\/\/www.rockpixx.com\/wordpress\/asp-20-07-2012-nordholz-deichbrand-festival\/\">Read more<\/a><\/p>\n","protected":false},"author":2,"featured_media":8776,"comment_status":"open","ping_status":"open","sticky":false,"template":"","format":"standard","meta":{"_jetpack_memberships_contains_paid_content":false,"footnotes":"","jetpack_publicize_message":"","jetpack_publicize_feature_enabled":true,"jetpack_social_post_already_shared":true,"jetpack_social_options":{"image_generator_settings":{"template":"highway","default_image_id":0,"font":"","enabled":false},"version":2}},"categories":[34,663],"tags":[1759,2020,844,133,2058],"class_list":["post-8807","post","type-post","status-publish","format-standard","has-post-thumbnail","hentry","category-acts","category-asp","tag-1759","tag-asp","tag-deichbrand-festival","tag-festivals","tag-nordholz"],"aioseo_notices":[],"jetpack_publicize_connections":[],"jetpack_featured_media_url":"http:\/\/www.rockpixx.com\/wordpress\/wp-content\/uploads\/2013\/02\/20120720-05-asp-Artikel.jpg","jetpack-related-posts":[{"id":8809,"url":"http:\/\/www.rockpixx.com\/wordpress\/deichkind-20-07-2012-nordholz-deichbrand-festival\/","url_meta":{"origin":8807,"position":0},"title":"Deichkind, 20.07.2012, Nordholz, Deichbrand Festival","author":"Anja","date":"20. Juli 2012","format":false,"excerpt":"Und dann endlich auf der \u201eFire Stage\u201c: Die Herren mit den bunten leuchtenden H\u00fcten und der netten Choreografie treten auf. Anweisung: \u201eSongs 2, 3 und 4\u201c. Ok, Zeit also den ersten Song unseres 300. Artists vor dem gro\u00dfen wei\u00dfen Bettlaken ohne Kameras im Anschlag von der Seite aus zu verfolgen\u2026\u2026","rel":"","context":"In &quot;Acts&quot;","block_context":{"text":"Acts","link":"http:\/\/www.rockpixx.com\/wordpress\/category\/acts\/"},"img":{"alt_text":"Deichkind, 20.07.2012, Nordholz, Deichbrand Festival","src":"https:\/\/i0.wp.com\/www.rockpixx.com\/wordpress\/wp-content\/uploads\/2013\/02\/20120720-06-deichkind-Artikel.jpg?resize=350%2C200","width":350,"height":200,"srcset":"https:\/\/i0.wp.com\/www.rockpixx.com\/wordpress\/wp-content\/uploads\/2013\/02\/20120720-06-deichkind-Artikel.jpg?resize=350%2C200 1x, https:\/\/i0.wp.com\/www.rockpixx.com\/wordpress\/wp-content\/uploads\/2013\/02\/20120720-06-deichkind-Artikel.jpg?resize=525%2C300 1.5x, https:\/\/i0.wp.com\/www.rockpixx.com\/wordpress\/wp-content\/uploads\/2013\/02\/20120720-06-deichkind-Artikel.jpg?resize=700%2C400 2x"},"classes":[]},{"id":15272,"url":"http:\/\/www.rockpixx.com\/wordpress\/the-hives-20-07-2014-deichbrand-festival-nordholz\/","url_meta":{"origin":8807,"position":1},"title":"The Hives, 20.07.2014, Deichbrand Festival, Nordholz","author":"admin","date":"20. Juli 2014","format":false,"excerpt":"Schweden rockt! Hatte ich ja schon bei \u2192 \u201eMillencolin\u201c am Vortag festgestellt. Und jetzt wird dieser Eindruck von \u201eThe Hives\u201c erneut best\u00e4tigt. F\u00fcnf Herren in Anz\u00fcgen, die wie die Uniform eines Stewards auf einem Kreuzfahrtschiff aussehen, pr\u00e4sentieren sich vor einem originellen B\u00fchnen-Hintergrundbild. Eigentlich bilden vier Herren die Basis f\u00fcr die\u2026","rel":"","context":"In &quot;Acts&quot;","block_context":{"text":"Acts","link":"http:\/\/www.rockpixx.com\/wordpress\/category\/acts\/"},"img":{"alt_text":"The Hives, 20.07.2014, Deichbrand Open Air, Seeflughafen, Nordholz","src":"https:\/\/i0.wp.com\/www.rockpixx.com\/wordpress\/wp-content\/uploads\/2014\/07\/20140720-08-119_the-hives_Artikel1.jpg?resize=350%2C200","width":350,"height":200,"srcset":"https:\/\/i0.wp.com\/www.rockpixx.com\/wordpress\/wp-content\/uploads\/2014\/07\/20140720-08-119_the-hives_Artikel1.jpg?resize=350%2C200 1x, https:\/\/i0.wp.com\/www.rockpixx.com\/wordpress\/wp-content\/uploads\/2014\/07\/20140720-08-119_the-hives_Artikel1.jpg?resize=525%2C300 1.5x, https:\/\/i0.wp.com\/www.rockpixx.com\/wordpress\/wp-content\/uploads\/2014\/07\/20140720-08-119_the-hives_Artikel1.jpg?resize=700%2C400 2x"},"classes":[]},{"id":8262,"url":"http:\/\/www.rockpixx.com\/wordpress\/bad-religion-24-07-2011-nordholz-deichbrand-festival\/","url_meta":{"origin":8807,"position":2},"title":"Bad Religion, 24.07.2011, Nordholz, Deichbrand Festival","author":"Anja","date":"24. Juli 2011","format":false,"excerpt":"\u201eBad Religion\u201c -\u00a0\u201ePr\u00e4dikat: Einfach g\u00f6ttlich!\u201c, um es kurz und pr\u00e4gnant mit dem Text im Programmheft zu sagen. Zum vorletzten Mal also an diesem Wochenende stehe ich vor der \u201eFire Stage\u201c auf dem Deichbrand, um eine Band abzulichten. Die Stimmung unter den Fotografen unmittelbar vor dem Gig ist nicht die Beste,\u2026","rel":"","context":"In &quot;Acts&quot;","block_context":{"text":"Acts","link":"http:\/\/www.rockpixx.com\/wordpress\/category\/acts\/"},"img":{"alt_text":"Bad Religion, 24.07.2011, Nordholz, Deichbrand Festival","src":"https:\/\/i0.wp.com\/www.rockpixx.com\/wordpress\/wp-content\/uploads\/2013\/02\/20110724-08-bad-religion-Artikel.jpg?resize=350%2C200","width":350,"height":200,"srcset":"https:\/\/i0.wp.com\/www.rockpixx.com\/wordpress\/wp-content\/uploads\/2013\/02\/20110724-08-bad-religion-Artikel.jpg?resize=350%2C200 1x, https:\/\/i0.wp.com\/www.rockpixx.com\/wordpress\/wp-content\/uploads\/2013\/02\/20110724-08-bad-religion-Artikel.jpg?resize=525%2C300 1.5x, https:\/\/i0.wp.com\/www.rockpixx.com\/wordpress\/wp-content\/uploads\/2013\/02\/20110724-08-bad-religion-Artikel.jpg?resize=700%2C400 2x"},"classes":[]},{"id":8267,"url":"http:\/\/www.rockpixx.com\/wordpress\/die-happy-24-07-2011-nordholz-deichbrand-festival\/","url_meta":{"origin":8807,"position":3},"title":"Die Happy, 24.07.2011, Nordholz, Deichbrand Festival","author":"Anja","date":"24. Juli 2011","format":false,"excerpt":"\u201eDie Happy\u201c \u2013 auf Deutsch \u201eHals- und Beinruch\u201c \u2013 sollen das Deichbrand auf der \u201eWater Stage\u201c beschlie\u00dfen und das tun sie auch mit einer beeindruckenden Vorstellung. Frontfrau Marta Jandov\u00e1 gibt die Pace vor, Mitmusiker und Fans folgen ihr nur allzu bereitwillig \u2013 vor allem die Fans. Marta wiederum ist so\u2026","rel":"","context":"In &quot;Acts&quot;","block_context":{"text":"Acts","link":"http:\/\/www.rockpixx.com\/wordpress\/category\/acts\/"},"img":{"alt_text":"Die Happy, 24.07.2011, Nordholz, Deichbrand Festival","src":"https:\/\/i0.wp.com\/www.rockpixx.com\/wordpress\/wp-content\/uploads\/2013\/02\/20110724-09-die-happy-Artikel.jpg?resize=350%2C200","width":350,"height":200,"srcset":"https:\/\/i0.wp.com\/www.rockpixx.com\/wordpress\/wp-content\/uploads\/2013\/02\/20110724-09-die-happy-Artikel.jpg?resize=350%2C200 1x, https:\/\/i0.wp.com\/www.rockpixx.com\/wordpress\/wp-content\/uploads\/2013\/02\/20110724-09-die-happy-Artikel.jpg?resize=525%2C300 1.5x, https:\/\/i0.wp.com\/www.rockpixx.com\/wordpress\/wp-content\/uploads\/2013\/02\/20110724-09-die-happy-Artikel.jpg?resize=700%2C400 2x"},"classes":[]},{"id":11603,"url":"http:\/\/www.rockpixx.com\/wordpress\/letzte-instanz-18-07-2013-deichbrand-festival-nordholz\/","url_meta":{"origin":8807,"position":4},"title":"Letzte Instanz, 18.07.2013, Deichbrand Festival, Nordholz","author":"Anja","date":"23. Juli 2013","format":false,"excerpt":"Fragt mich ein Kollege vor dem Konzert: \u201eWie beschreibt man eigentlich die Musik von \u00bbLetzte Instanz\u00ab?\u201c Zu diesem Zeitpunkt konnte ich ihm nicht weiterhelfen, da ich die Dresdner Band bisher noch nicht vor der Kamera hatte. Also hie\u00df es \u2013 sich \u00fcberraschen lassen. Das Palastzelt, in welchem der WarmUp-Abend stattfand,\u2026","rel":"","context":"In &quot;Acts&quot;","block_context":{"text":"Acts","link":"http:\/\/www.rockpixx.com\/wordpress\/category\/acts\/"},"img":{"alt_text":"","src":"https:\/\/i0.wp.com\/www.rockpixx.com\/wordpress\/wp-content\/uploads\/2013\/07\/20130718-03-169_letzte-instanz-Artikel.jpg?resize=350%2C200","width":350,"height":200,"srcset":"https:\/\/i0.wp.com\/www.rockpixx.com\/wordpress\/wp-content\/uploads\/2013\/07\/20130718-03-169_letzte-instanz-Artikel.jpg?resize=350%2C200 1x, https:\/\/i0.wp.com\/www.rockpixx.com\/wordpress\/wp-content\/uploads\/2013\/07\/20130718-03-169_letzte-instanz-Artikel.jpg?resize=525%2C300 1.5x, https:\/\/i0.wp.com\/www.rockpixx.com\/wordpress\/wp-content\/uploads\/2013\/07\/20130718-03-169_letzte-instanz-Artikel.jpg?resize=700%2C400 2x"},"classes":[]},{"id":8201,"url":"http:\/\/www.rockpixx.com\/wordpress\/guano-apes-23-07-2011-nordholz-deichbrand-festival\/","url_meta":{"origin":8807,"position":5},"title":"Guano Apes, 23.07.2011, Nordholz, Deichbrand Festival","author":"Anja","date":"23. Juli 2011","format":false,"excerpt":"Und nun die absoluten Headliner des Sonnabends: Die \u201eGuano Apes\u201c stehen auf der B\u00fchne, nachdem sie sich nach 5\u00a0Jahren Pause eindrucksvoll mit dem neuen Album \u201eBel Air\u201c zur\u00fcckgemeldet haben. Vor der B\u00fchne herrscht Alarmstufe 1: Noch mehr Securities, die Wellenbrecher werden noch einmal ausgebaut, wir d\u00fcrfen nur noch durch den\u2026","rel":"","context":"In &quot;Acts&quot;","block_context":{"text":"Acts","link":"http:\/\/www.rockpixx.com\/wordpress\/category\/acts\/"},"img":{"alt_text":"Guano Apes, 23.07.2011, Nordholz, Deichbrand Festival","src":"https:\/\/i0.wp.com\/www.rockpixx.com\/wordpress\/wp-content\/uploads\/2013\/02\/20110723-10-guano-apes-Artikel.jpg?resize=350%2C200","width":350,"height":200,"srcset":"https:\/\/i0.wp.com\/www.rockpixx.com\/wordpress\/wp-content\/uploads\/2013\/02\/20110723-10-guano-apes-Artikel.jpg?resize=350%2C200 1x, https:\/\/i0.wp.com\/www.rockpixx.com\/wordpress\/wp-content\/uploads\/2013\/02\/20110723-10-guano-apes-Artikel.jpg?resize=525%2C300 1.5x, https:\/\/i0.wp.com\/www.rockpixx.com\/wordpress\/wp-content\/uploads\/2013\/02\/20110723-10-guano-apes-Artikel.jpg?resize=700%2C400 2x"},"classes":[]}],"jetpack_sharing_enabled":true,"publishpress_future_action":{"enabled":false,"date":"2026-05-07 07:46:44","action":"change-status","newStatus":"draft","terms":[],"taxonomy":"category","extraData":[]},"publishpress_future_workflow_manual_trigger":{"enabledWorkflows":[]},"_links":{"self":[{"href":"http:\/\/www.rockpixx.com\/wordpress\/wp-json\/wp\/v2\/posts\/8807","targetHints":{"allow":["GET"]}}],"collection":[{"href":"http:\/\/www.rockpixx.com\/wordpress\/wp-json\/wp\/v2\/posts"}],"about":[{"href":"http:\/\/www.rockpixx.com\/wordpress\/wp-json\/wp\/v2\/types\/post"}],"author":[{"embeddable":true,"href":"http:\/\/www.rockpixx.com\/wordpress\/wp-json\/wp\/v2\/users\/2"}],"replies":[{"embeddable":true,"href":"http:\/\/www.rockpixx.com\/wordpress\/wp-json\/wp\/v2\/comments?post=8807"}],"version-history":[{"count":0,"href":"http:\/\/www.rockpixx.com\/wordpress\/wp-json\/wp\/v2\/posts\/8807\/revisions"}],"wp:featuredmedia":[{"embeddable":true,"href":"http:\/\/www.rockpixx.com\/wordpress\/wp-json\/wp\/v2\/media\/8776"}],"wp:attachment":[{"href":"http:\/\/www.rockpixx.com\/wordpress\/wp-json\/wp\/v2\/media?parent=8807"}],"wp:term":[{"taxonomy":"category","embeddable":true,"href":"http:\/\/www.rockpixx.com\/wordpress\/wp-json\/wp\/v2\/categories?post=8807"},{"taxonomy":"post_tag","embeddable":true,"href":"http:\/\/www.rockpixx.com\/wordpress\/wp-json\/wp\/v2\/tags?post=8807"}],"curies":[{"name":"wp","href":"https:\/\/api.w.org\/{rel}","templated":true}]}}