{"id":8814,"date":"2012-07-21T02:00:18","date_gmt":"2012-07-21T01:00:18","guid":{"rendered":"http:\/\/rockpixx.com\/wordpress\/?p=8814"},"modified":"2013-02-11T21:43:10","modified_gmt":"2013-02-11T20:43:10","slug":"kellermensch-21-07-2012-nordholz-deichbrand-festival","status":"publish","type":"post","link":"http:\/\/www.rockpixx.com\/wordpress\/kellermensch-21-07-2012-nordholz-deichbrand-festival\/","title":{"rendered":"Kellermensch, 21.07.2012, Nordholz, Deichbrand Festival"},"content":{"rendered":"<p>Skandinavisches Wochenende an der Nordseek\u00fcste! Gestern die Finnen von \u201eSunrise Avenue\u201c heute die Art-Rocker von \u201eKellermensch\u201c aus D\u00e4nemark. Kurzgefasst: Seeehr eigenwillig aber gar nicht mal schlecht.<!--more--> Einige Dinge wie die Instrumentierung mit Violine, Cello und Orgel kommen dem Klang zugute und die etwas schr\u00e4ge Performance vom Frontman tut ein \u00dcbriges, um im Ged\u00e4chtnis zu bleiben.<\/p>\n<p style=\"text-align: right;\">Fotos:\u00a0<a href=\"mailto:info@rockpixx.com?subject=Fotos%20von%20Kellermensch,%20Nordholz%20%E2%80%9EDeichbrand%20Festival%E2%80%9C,%2021.07.2012\">Alex<\/a>\u00a0| Text:\u00a0<a href=\"mailto:info@rockpixx.com?subject=Reviewtext%20von%20Kellermensch,%20Nordholz%20%E2%80%9EDeichbrand%20Festival%E2%80%9C,%2021.07.2012\">Alex<\/a><\/p>\n<p>&nbsp;<\/p>\n<p>[slideshow id=182]<\/p>\n","protected":false},"excerpt":{"rendered":"<p>Skandinavisches Wochenende an der Nordseek\u00fcste! Gestern die Finnen von \u201eSunrise Avenue\u201c heute die Art-Rocker von <a href=\"http:\/\/www.rockpixx.com\/wordpress\/kellermensch-21-07-2012-nordholz-deichbrand-festival\/\">Read more<\/a><\/p>\n","protected":false},"author":2,"featured_media":8779,"comment_status":"open","ping_status":"open","sticky":false,"template":"","format":"standard","meta":{"_jetpack_memberships_contains_paid_content":false,"footnotes":"","jetpack_publicize_message":"","jetpack_publicize_feature_enabled":true,"jetpack_social_post_already_shared":true,"jetpack_social_options":{"image_generator_settings":{"template":"highway","default_image_id":0,"font":"","enabled":false},"version":2}},"categories":[34,666],"tags":[1759,844,133,2023,2058],"class_list":["post-8814","post","type-post","status-publish","format-standard","has-post-thumbnail","hentry","category-acts","category-kellermensch","tag-1759","tag-deichbrand-festival","tag-festivals","tag-kellermensch","tag-nordholz"],"aioseo_notices":[],"jetpack_publicize_connections":[],"jetpack_featured_media_url":"http:\/\/www.rockpixx.com\/wordpress\/wp-content\/uploads\/2013\/02\/20120721-02-kellermensch-Artikel.jpg","jetpack-related-posts":[{"id":8818,"url":"http:\/\/www.rockpixx.com\/wordpress\/the-koletzkis-20-07-2012-nordholz-deichbrand-festival\/","url_meta":{"origin":8814,"position":0},"title":"The Koletzkis, 20.07.2012, Nordholz, Deichbrand Festival","author":"Anja","date":"21. Juli 2012","format":false,"excerpt":"Wer ca. 45 min nach dem eigentlichen Beginn des Acts immer noch am Soundcheck herumbastelt und die Geduld von Publikum, Fotografen und Veranstalter strapaziert, sowie den Timetable des Festivals v\u00f6llig durcheinanderbringt und auch noch s\u00e4mtliche Ermahnungen vom FOH, doch \u201eendlich zu Potte zu kommen\u201c, geflissentlich ignoriert, den ignorieren wir auch:\u2026","rel":"","context":"In &quot;Acts&quot;","block_context":{"text":"Acts","link":"http:\/\/www.rockpixx.com\/wordpress\/category\/acts\/"},"img":{"alt_text":"The Koletzkis, 20.07.2012, Nordholz, Deichbrand Festival","src":"https:\/\/i0.wp.com\/www.rockpixx.com\/wordpress\/wp-content\/uploads\/2013\/02\/20120721-04-the-koletzkis-Artikel.jpg?resize=350%2C200","width":350,"height":200,"srcset":"https:\/\/i0.wp.com\/www.rockpixx.com\/wordpress\/wp-content\/uploads\/2013\/02\/20120721-04-the-koletzkis-Artikel.jpg?resize=350%2C200 1x, https:\/\/i0.wp.com\/www.rockpixx.com\/wordpress\/wp-content\/uploads\/2013\/02\/20120721-04-the-koletzkis-Artikel.jpg?resize=525%2C300 1.5x, https:\/\/i0.wp.com\/www.rockpixx.com\/wordpress\/wp-content\/uploads\/2013\/02\/20120721-04-the-koletzkis-Artikel.jpg?resize=700%2C400 2x"},"classes":[]},{"id":8235,"url":"http:\/\/www.rockpixx.com\/wordpress\/adept-24-07-2011-nordholz-deichbrand-festival\/","url_meta":{"origin":8814,"position":1},"title":"Adept, 24.07.2011, Nordholz, Deichbrand Festival","author":"Anja","date":"24. Juli 2011","format":false,"excerpt":"Unmittelbar vor dem Auftritt von \u201eAdept\u201c d\u00fcrfen auch endlich wieder die Zuschauer auf\u2019s Gel\u00e4nde. Viele sind es leider nicht und zudem ist die Sicht eingeschr\u00e4nkt ob des vielen Wassers in der Luft. Mein \u201elila Strampelanzug\u201c bew\u00e4hrt sich erneut und die mit M\u00fcllt\u00fcten gesch\u00fctzen Kameras verrichten nach wie vor relativ trocken\u2026","rel":"","context":"In &quot;Acts&quot;","block_context":{"text":"Acts","link":"http:\/\/www.rockpixx.com\/wordpress\/category\/acts\/"},"img":{"alt_text":"Adept, 24.07.2011, Nordholz, Deichbrand Festival","src":"https:\/\/i0.wp.com\/www.rockpixx.com\/wordpress\/wp-content\/uploads\/2013\/02\/20110724-02-adept-Artikel.jpg?resize=350%2C200","width":350,"height":200,"srcset":"https:\/\/i0.wp.com\/www.rockpixx.com\/wordpress\/wp-content\/uploads\/2013\/02\/20110724-02-adept-Artikel.jpg?resize=350%2C200 1x, https:\/\/i0.wp.com\/www.rockpixx.com\/wordpress\/wp-content\/uploads\/2013\/02\/20110724-02-adept-Artikel.jpg?resize=525%2C300 1.5x, https:\/\/i0.wp.com\/www.rockpixx.com\/wordpress\/wp-content\/uploads\/2013\/02\/20110724-02-adept-Artikel.jpg?resize=700%2C400 2x"},"classes":[]},{"id":8241,"url":"http:\/\/www.rockpixx.com\/wordpress\/fotos-24-07-2011-nordholz-deichbrand-festival\/","url_meta":{"origin":8814,"position":2},"title":"Fotos, 24.07.2011, Nordholz, Deichbrand Festival","author":"Anja","date":"24. Juli 2011","format":false,"excerpt":"Fotos machen von einer Band mit Namen \u201eFotos\u201c? \u2013 Warum eigentlich nicht? Also \u2013 ab zur \u201eFire Stage\u201c und draufhalten\u2026 Die Musik kommt auch beim Publikum gut an, ohne dass dieses vermutlich den folgenden Pressetext kennt:\u00a0\u201eWer so um die Welt tigert wie diese Jungs, bringt gro\u00dfe Gef\u00fchle heim, w\u00e4chst innerlich\u2026","rel":"","context":"In &quot;Acts&quot;","block_context":{"text":"Acts","link":"http:\/\/www.rockpixx.com\/wordpress\/category\/acts\/"},"img":{"alt_text":"Fotos, 24.07.2011, Nordholz, Deichbrand Festival","src":"https:\/\/i0.wp.com\/www.rockpixx.com\/wordpress\/wp-content\/uploads\/2013\/02\/20110724-04-fotos-Artikel.jpg?resize=350%2C200","width":350,"height":200,"srcset":"https:\/\/i0.wp.com\/www.rockpixx.com\/wordpress\/wp-content\/uploads\/2013\/02\/20110724-04-fotos-Artikel.jpg?resize=350%2C200 1x, https:\/\/i0.wp.com\/www.rockpixx.com\/wordpress\/wp-content\/uploads\/2013\/02\/20110724-04-fotos-Artikel.jpg?resize=525%2C300 1.5x, https:\/\/i0.wp.com\/www.rockpixx.com\/wordpress\/wp-content\/uploads\/2013\/02\/20110724-04-fotos-Artikel.jpg?resize=700%2C400 2x"},"classes":[]},{"id":8094,"url":"http:\/\/www.rockpixx.com\/wordpress\/the-bosshoss-22-07-2011-nordholz-deichbrand-festival\/","url_meta":{"origin":8814,"position":3},"title":"The Bosshoss, 22.07.2011, Nordholz, Deichbrand Festival","author":"Anja","date":"22. Juli 2011","format":false,"excerpt":"Entweder haben wir im Pressezelt Strom oder WLAN-Zugang. Momentan k\u00f6nnen wir uns \u00fcber Strom nicht beklagen\u2026 Aber was soll\u2019s \u2013 \u201eThe Bosshoss\u201c stehen auf der B\u00fchne und die haben wir von rockpixx.com schon sehr lange auf unserer Wunschliste stehen gehabt! Was uns da im breitesten (und vermutlich texanischen) Slang angek\u00fcndigt\u2026","rel":"","context":"In &quot;Acts&quot;","block_context":{"text":"Acts","link":"http:\/\/www.rockpixx.com\/wordpress\/category\/acts\/"},"img":{"alt_text":"The Bosshoss, 22.07.2011, Nordholz, Deichbrand Festival","src":"https:\/\/i0.wp.com\/www.rockpixx.com\/wordpress\/wp-content\/uploads\/2013\/02\/20110722-06-the-bosshoss-Artikel.jpg?resize=350%2C200","width":350,"height":200,"srcset":"https:\/\/i0.wp.com\/www.rockpixx.com\/wordpress\/wp-content\/uploads\/2013\/02\/20110722-06-the-bosshoss-Artikel.jpg?resize=350%2C200 1x, https:\/\/i0.wp.com\/www.rockpixx.com\/wordpress\/wp-content\/uploads\/2013\/02\/20110722-06-the-bosshoss-Artikel.jpg?resize=525%2C300 1.5x, https:\/\/i0.wp.com\/www.rockpixx.com\/wordpress\/wp-content\/uploads\/2013\/02\/20110722-06-the-bosshoss-Artikel.jpg?resize=700%2C400 2x"},"classes":[]},{"id":15156,"url":"http:\/\/www.rockpixx.com\/wordpress\/exclusive-17-07-2014-deichbrand-festival-nordholz\/","url_meta":{"origin":8814,"position":4},"title":"Exclusive, 17.07.2014, Deichbrand Festival, Nordholz","author":"admin","date":"18. Juli 2014","format":false,"excerpt":"Jetzt geht\u2019s los. Zweiter Tag auf dem Deichbrand, endlich werden die beiden gro\u00dfen B\u00fchnen bespielt, den Anfang macht fr\u00fchmorgens gegen 14:00 die M\u00fcnchner Band \u201eExclusive\u201c auf der Firestage. Und das l\u00e4sst sich schon mal gut an, es geht doch nichts \u00fcber gutes Sonnenlicht, wenn man Konzerte fotografieren will \u2013 kein\u2026","rel":"","context":"In &quot;Acts&quot;","block_context":{"text":"Acts","link":"http:\/\/www.rockpixx.com\/wordpress\/category\/acts\/"},"img":{"alt_text":"Exclusive, 18.07.2014, Deichbrand Open Air, Seeflughafen, Nordholz","src":"https:\/\/i0.wp.com\/www.rockpixx.com\/wordpress\/wp-content\/uploads\/2014\/07\/20140718-01-027_exclusive_Artikel1.jpg?resize=350%2C200","width":350,"height":200,"srcset":"https:\/\/i0.wp.com\/www.rockpixx.com\/wordpress\/wp-content\/uploads\/2014\/07\/20140718-01-027_exclusive_Artikel1.jpg?resize=350%2C200 1x, https:\/\/i0.wp.com\/www.rockpixx.com\/wordpress\/wp-content\/uploads\/2014\/07\/20140718-01-027_exclusive_Artikel1.jpg?resize=525%2C300 1.5x, https:\/\/i0.wp.com\/www.rockpixx.com\/wordpress\/wp-content\/uploads\/2014\/07\/20140718-01-027_exclusive_Artikel1.jpg?resize=700%2C400 2x"},"classes":[]},{"id":8871,"url":"http:\/\/www.rockpixx.com\/wordpress\/eisbrecher-22-07-2012-nordholz-deichbrand-festival\/","url_meta":{"origin":8814,"position":5},"title":"Eisbrecher, 22.07.2012, Nordholz, Deichbrand Festival","author":"Anja","date":"22. Juli 2012","format":false,"excerpt":"\u201eAuch wir waren alle im katholischen Internat. Auch wir wurden misshandelt. Aber die Schokolade war gut.\u201c So ein Ausspruch kann eigentlich nur von einem Bayern kommen, wenn er im Norden zu Gast ist: Alexx Wesselsky von \u201eEisbrecher\u201c. Bereits \u2192\u00a0zum dritten Mal\u00a0vor meinen Kameras freue ich mich schon den ganzen Tag\u2026","rel":"","context":"In &quot;Acts&quot;","block_context":{"text":"Acts","link":"http:\/\/www.rockpixx.com\/wordpress\/category\/acts\/"},"img":{"alt_text":"Eisbrecher, 22.07.2012, Nordholz, Deichbrand Festival","src":"https:\/\/i0.wp.com\/www.rockpixx.com\/wordpress\/wp-content\/uploads\/2013\/02\/20120722-08-eisbrecher-Artikel.jpg?resize=350%2C200","width":350,"height":200,"srcset":"https:\/\/i0.wp.com\/www.rockpixx.com\/wordpress\/wp-content\/uploads\/2013\/02\/20120722-08-eisbrecher-Artikel.jpg?resize=350%2C200 1x, https:\/\/i0.wp.com\/www.rockpixx.com\/wordpress\/wp-content\/uploads\/2013\/02\/20120722-08-eisbrecher-Artikel.jpg?resize=525%2C300 1.5x, https:\/\/i0.wp.com\/www.rockpixx.com\/wordpress\/wp-content\/uploads\/2013\/02\/20120722-08-eisbrecher-Artikel.jpg?resize=700%2C400 2x"},"classes":[]}],"jetpack_sharing_enabled":true,"publishpress_future_action":{"enabled":false,"date":"2026-05-09 05:09:23","action":"change-status","newStatus":"draft","terms":[],"taxonomy":"category","extraData":[]},"publishpress_future_workflow_manual_trigger":{"enabledWorkflows":[]},"_links":{"self":[{"href":"http:\/\/www.rockpixx.com\/wordpress\/wp-json\/wp\/v2\/posts\/8814","targetHints":{"allow":["GET"]}}],"collection":[{"href":"http:\/\/www.rockpixx.com\/wordpress\/wp-json\/wp\/v2\/posts"}],"about":[{"href":"http:\/\/www.rockpixx.com\/wordpress\/wp-json\/wp\/v2\/types\/post"}],"author":[{"embeddable":true,"href":"http:\/\/www.rockpixx.com\/wordpress\/wp-json\/wp\/v2\/users\/2"}],"replies":[{"embeddable":true,"href":"http:\/\/www.rockpixx.com\/wordpress\/wp-json\/wp\/v2\/comments?post=8814"}],"version-history":[{"count":0,"href":"http:\/\/www.rockpixx.com\/wordpress\/wp-json\/wp\/v2\/posts\/8814\/revisions"}],"wp:featuredmedia":[{"embeddable":true,"href":"http:\/\/www.rockpixx.com\/wordpress\/wp-json\/wp\/v2\/media\/8779"}],"wp:attachment":[{"href":"http:\/\/www.rockpixx.com\/wordpress\/wp-json\/wp\/v2\/media?parent=8814"}],"wp:term":[{"taxonomy":"category","embeddable":true,"href":"http:\/\/www.rockpixx.com\/wordpress\/wp-json\/wp\/v2\/categories?post=8814"},{"taxonomy":"post_tag","embeddable":true,"href":"http:\/\/www.rockpixx.com\/wordpress\/wp-json\/wp\/v2\/tags?post=8814"}],"curies":[{"name":"wp","href":"https:\/\/api.w.org\/{rel}","templated":true}]}}