{"id":8822,"date":"2012-07-21T05:00:49","date_gmt":"2012-07-21T04:00:49","guid":{"rendered":"http:\/\/rockpixx.com\/wordpress\/?p=8822"},"modified":"2013-02-11T21:58:46","modified_gmt":"2013-02-11T20:58:46","slug":"turbostaat-21-07-2012-nordholz-deichbrand-festival","status":"publish","type":"post","link":"http:\/\/www.rockpixx.com\/wordpress\/turbostaat-21-07-2012-nordholz-deichbrand-festival\/","title":{"rendered":"Turbostaat, 21.07.2012, Nordholz, Deichbrand Festival"},"content":{"rendered":"<p>Und dann geht\u2019s Schlag auf Schlag: Trotz eingelegten Sprints schaffen wir Fotografen es nicht mehr, noch vor dem ersten Song im Graben zu sein. \u201eTurbostaat\u201c spielen bereits \u2013 vermutlich waren sie vom Soundcheck-Gezicke der Vorg\u00e4ngerkapelle auch genervt und haben deshalb einmal vorf\u00fchren wollen, wie sein kann, wenn man p\u00fcnktlich anf\u00e4ngt\u2026<!--more--><\/p>\n<p>Zur Musik: Es ist halt Punk: Schnell, laut, hart und deutsche Texte. Die Musiker zeigen vollen Einsatz und liefern da \u00fcber uns harte und ehrliche Arbeit ab. Das Publikum dankt\u2019s ihnen und ich auch.<\/p>\n<p style=\"text-align: right;\">Fotos:\u00a0<a href=\"mailto:info@rockpixx.com?subject=Fotos%20von%20Turbostaat,%20Nordholz%20%E2%80%9EDeichbrand%20Festival%E2%80%9C,%2021.07.2012\">Alex<\/a>\u00a0| Text:\u00a0<a href=\"mailto:info@rockpixx.com?subject=Reviewtext%20von%20Turbostaat,%20Nordholz%20%E2%80%9EDeichbrand%20Festival%E2%80%9C,%2021.07.2012\">Alex<\/a><\/p>\n<p>&nbsp;<\/p>\n<p>[slideshow id=184]<\/p>\n","protected":false},"excerpt":{"rendered":"<p>Und dann geht\u2019s Schlag auf Schlag: Trotz eingelegten Sprints schaffen wir Fotografen es nicht mehr, <a href=\"http:\/\/www.rockpixx.com\/wordpress\/turbostaat-21-07-2012-nordholz-deichbrand-festival\/\">Read more<\/a><\/p>\n","protected":false},"author":2,"featured_media":8782,"comment_status":"open","ping_status":"open","sticky":false,"template":"","format":"standard","meta":{"_jetpack_memberships_contains_paid_content":false,"footnotes":"","jetpack_publicize_message":"","jetpack_publicize_feature_enabled":true,"jetpack_social_post_already_shared":true,"jetpack_social_options":{"image_generator_settings":{"template":"highway","default_image_id":0,"font":"","enabled":false},"version":2}},"categories":[34,669],"tags":[1759,844,133,2058,2025],"class_list":["post-8822","post","type-post","status-publish","format-standard","has-post-thumbnail","hentry","category-acts","category-turbostaat","tag-1759","tag-deichbrand-festival","tag-festivals","tag-nordholz","tag-turbostaat"],"aioseo_notices":[],"jetpack_publicize_connections":[],"jetpack_featured_media_url":"http:\/\/www.rockpixx.com\/wordpress\/wp-content\/uploads\/2013\/02\/20120721-05-turbostaat-Artikel.jpg","jetpack-related-posts":[{"id":8824,"url":"http:\/\/www.rockpixx.com\/wordpress\/dick-brave-and-the-backbeats-21-07-2012-nordholz-deichbrand-festival\/","url_meta":{"origin":8822,"position":0},"title":"Dick Brave and the Backbeats, 21.07.2012, Nordholz, Deichbrand Festival","author":"Anja","date":"21. Juli 2012","format":false,"excerpt":"\u201eDick Brave and the Backbeats\u201c: \u2192\u00a0Zum dritten Mal\u00a0habe ich ihn\/sie vor den Kameras und eigentlich machen diese Musiker von Mal zu Mal mir pers\u00f6nlich mehr Spa\u00df. Und auch das Publikum akzeptiert anstandslos den Schwenk vom Punk der Band \u2192\u00a0\u201eTurbostaat\u201c zuvor nun hin zu Rockabilly. Und sogar die Sonne scheint! Fotos:\u00a0Alex\u00a0|\u2026","rel":"","context":"In &quot;Acts&quot;","block_context":{"text":"Acts","link":"http:\/\/www.rockpixx.com\/wordpress\/category\/acts\/"},"img":{"alt_text":"Dick Brave and the Backbeats, 21.07.2012, Nordholz, Deichbrand Festival","src":"https:\/\/i0.wp.com\/www.rockpixx.com\/wordpress\/wp-content\/uploads\/2013\/02\/20120721-06-dick-brave-Artikel.jpg?resize=350%2C200","width":350,"height":200,"srcset":"https:\/\/i0.wp.com\/www.rockpixx.com\/wordpress\/wp-content\/uploads\/2013\/02\/20120721-06-dick-brave-Artikel.jpg?resize=350%2C200 1x, https:\/\/i0.wp.com\/www.rockpixx.com\/wordpress\/wp-content\/uploads\/2013\/02\/20120721-06-dick-brave-Artikel.jpg?resize=525%2C300 1.5x, https:\/\/i0.wp.com\/www.rockpixx.com\/wordpress\/wp-content\/uploads\/2013\/02\/20120721-06-dick-brave-Artikel.jpg?resize=700%2C400 2x"},"classes":[]},{"id":11672,"url":"http:\/\/www.rockpixx.com\/wordpress\/luis-laserpower-20-07-2012-deichbrand-festival-nordholz\/","url_meta":{"origin":8822,"position":1},"title":"Luis Laserpower, 20.07.2012, Deichbrand Festival, Nordholz","author":"Anja","date":"27. Juli 2013","format":false,"excerpt":"Luis bezeichnet sich selbst als Entertainer, Geschichtenerz\u00e4hler, H\u00e4uptling, Magier und Wort-Pyromane. Gerade das mit Wort-Pyromanen kann ich nur best\u00e4tigen \u2013 Geschichten sprudeln nur so aus ihm heraus, angenehm mit Noten verpackt kommt gute Musik dabei heraus. Musik, die in die Beine geht, die einem mitfeiern l\u00e4sst und einfach gute Laune\u2026","rel":"","context":"In &quot;Acts&quot;","block_context":{"text":"Acts","link":"http:\/\/www.rockpixx.com\/wordpress\/category\/acts\/"},"img":{"alt_text":"","src":"https:\/\/i0.wp.com\/www.rockpixx.com\/wordpress\/wp-content\/uploads\/2013\/07\/20130720-01-001_luis-laserpower-Artikel.jpg?resize=350%2C200","width":350,"height":200,"srcset":"https:\/\/i0.wp.com\/www.rockpixx.com\/wordpress\/wp-content\/uploads\/2013\/07\/20130720-01-001_luis-laserpower-Artikel.jpg?resize=350%2C200 1x, https:\/\/i0.wp.com\/www.rockpixx.com\/wordpress\/wp-content\/uploads\/2013\/07\/20130720-01-001_luis-laserpower-Artikel.jpg?resize=525%2C300 1.5x, https:\/\/i0.wp.com\/www.rockpixx.com\/wordpress\/wp-content\/uploads\/2013\/07\/20130720-01-001_luis-laserpower-Artikel.jpg?resize=700%2C400 2x"},"classes":[]},{"id":15161,"url":"http:\/\/www.rockpixx.com\/wordpress\/wirtz-18-07-2014-deichbrand-festival-nordholz\/","url_meta":{"origin":8822,"position":2},"title":"Wirtz, 18.07.2014, Deichbrand Festival, Nordholz","author":"admin","date":"18. Juli 2014","format":false,"excerpt":"Wenn man das vierte Jahr in Folge auf das gleiche Festival f\u00e4hrt und dieses Festival dann in diesem Jahr sein zehnj\u00e4hriges Jubil\u00e4um feiert, dann bleibt es nicht aus, dass es mit der einen oder anderen Band ein Wiedersehen gibt. So auch hier jetzt auf der Waterstage mit \u2192 \u201eWirtz\u201c. Ich\u2026","rel":"","context":"In &quot;Acts&quot;","block_context":{"text":"Acts","link":"http:\/\/www.rockpixx.com\/wordpress\/category\/acts\/"},"img":{"alt_text":"Wirtz, 18.07.2014, Deichbrand Open Air, Seeflughafen, Nordholz","src":"https:\/\/i0.wp.com\/www.rockpixx.com\/wordpress\/wp-content\/uploads\/2014\/07\/20140718-02-019_wirtz_Artikel.jpg?resize=350%2C200","width":350,"height":200,"srcset":"https:\/\/i0.wp.com\/www.rockpixx.com\/wordpress\/wp-content\/uploads\/2014\/07\/20140718-02-019_wirtz_Artikel.jpg?resize=350%2C200 1x, https:\/\/i0.wp.com\/www.rockpixx.com\/wordpress\/wp-content\/uploads\/2014\/07\/20140718-02-019_wirtz_Artikel.jpg?resize=525%2C300 1.5x, https:\/\/i0.wp.com\/www.rockpixx.com\/wordpress\/wp-content\/uploads\/2014\/07\/20140718-02-019_wirtz_Artikel.jpg?resize=700%2C400 2x"},"classes":[]},{"id":11625,"url":"http:\/\/www.rockpixx.com\/wordpress\/bosse-19-07-2013-deichbrand-festival-nordholz\/","url_meta":{"origin":8822,"position":3},"title":"Bosse, 19.07.2013, Deichbrand Festival, Nordholz","author":"Anja","date":"24. Juli 2013","format":false,"excerpt":"Axel Bosse und Band kurz \u201eBosse\u201c genannt treffen wir von rockpixx.com zum \u2192\u00a0zweiten Mal auf dem Deichbrand und insgesamt zum \u2192\u00a0dritten Mal. Ein junger deutscher Songwriter, der dem staubigen Image der Songwriter mit einer erfrischende B\u00fchnenshow, tiefsinnigen Texten und lebendig klingender Musik Beine gemacht hat. Hier zeigt sich wieder einmal,\u2026","rel":"","context":"In &quot;Acts&quot;","block_context":{"text":"Acts","link":"http:\/\/www.rockpixx.com\/wordpress\/category\/acts\/"},"img":{"alt_text":"","src":"https:\/\/i0.wp.com\/www.rockpixx.com\/wordpress\/wp-content\/uploads\/2013\/07\/20130719-04-022_bosse-Artikel.jpg?resize=350%2C200","width":350,"height":200,"srcset":"https:\/\/i0.wp.com\/www.rockpixx.com\/wordpress\/wp-content\/uploads\/2013\/07\/20130719-04-022_bosse-Artikel.jpg?resize=350%2C200 1x, https:\/\/i0.wp.com\/www.rockpixx.com\/wordpress\/wp-content\/uploads\/2013\/07\/20130719-04-022_bosse-Artikel.jpg?resize=525%2C300 1.5x, https:\/\/i0.wp.com\/www.rockpixx.com\/wordpress\/wp-content\/uploads\/2013\/07\/20130719-04-022_bosse-Artikel.jpg?resize=700%2C400 2x"},"classes":[]},{"id":15214,"url":"http:\/\/www.rockpixx.com\/wordpress\/in-extremo-19-07-2014-deichbrand-festival-nordholz\/","url_meta":{"origin":8822,"position":4},"title":"In Extremo, 19.07.2014, Deichbrand Festival, Nordholz","author":"admin","date":"19. Juli 2014","format":false,"excerpt":"Erste Ansage noch am Grabeneingang: \u201eZuerst gibt\u2019s extreme B\u00f6ller, da ist Geh\u00f6rschutz Pflicht. Dann gibt\u2019s Flames und ab Song zwei k\u00f6nnt Ihr dann f\u00fcr zwei Lieder rein.\u201c Ok, Flames also, die k\u00f6nnen gar nicht so hei\u00df sein, wie die Temperaturen auf dem Gel\u00e4nde. Freuen wir uns also nach \u2192 \u201eFAUN\u201c\u2026","rel":"","context":"In &quot;Acts&quot;","block_context":{"text":"Acts","link":"http:\/\/www.rockpixx.com\/wordpress\/category\/acts\/"},"img":{"alt_text":"In Extremo, 19.07.2014, Deichbrand Open Air, Seeflughafen, Nordholz","src":"https:\/\/i0.wp.com\/www.rockpixx.com\/wordpress\/wp-content\/uploads\/2014\/07\/20140719-06-015_in-extremo_Artikel1.jpg?resize=350%2C200","width":350,"height":200,"srcset":"https:\/\/i0.wp.com\/www.rockpixx.com\/wordpress\/wp-content\/uploads\/2014\/07\/20140719-06-015_in-extremo_Artikel1.jpg?resize=350%2C200 1x, https:\/\/i0.wp.com\/www.rockpixx.com\/wordpress\/wp-content\/uploads\/2014\/07\/20140719-06-015_in-extremo_Artikel1.jpg?resize=525%2C300 1.5x, https:\/\/i0.wp.com\/www.rockpixx.com\/wordpress\/wp-content\/uploads\/2014\/07\/20140719-06-015_in-extremo_Artikel1.jpg?resize=700%2C400 2x"},"classes":[]},{"id":8270,"url":"http:\/\/www.rockpixx.com\/wordpress\/die-fantastischen-vier-24-07-2011-nordholz-deichbrand-festival\/","url_meta":{"origin":8822,"position":5},"title":"Die Fantastischen Vier, 24.07.2011, Nordholz, Deichbrand Festival","author":"Anja","date":"24. Juli 2011","format":false,"excerpt":"Und zu guter Letzt geben alle noch einmal alles: Publikum, Security, Regen, Sturm, Fotografen und \u201eDie Fantastischen Vier\u201c. Auch hier sind die Musiker vom Durchhalteverm\u00f6gen des Publikums so angetan, dass sie ebenfalls hinaus auf die Boxen in den str\u00f6menden Regen klettern und binnen k\u00fcrzester Zeit v\u00f6llig durchn\u00e4sst \u00fcber die B\u00fchne\u2026","rel":"","context":"In &quot;Acts&quot;","block_context":{"text":"Acts","link":"http:\/\/www.rockpixx.com\/wordpress\/category\/acts\/"},"img":{"alt_text":"Die Fantastischen Vier, 24.07.2011, Nordholz, Deichbrand Festival","src":"https:\/\/i0.wp.com\/www.rockpixx.com\/wordpress\/wp-content\/uploads\/2013\/02\/20110724-10-fanta4-Artikel.jpg?resize=350%2C200","width":350,"height":200,"srcset":"https:\/\/i0.wp.com\/www.rockpixx.com\/wordpress\/wp-content\/uploads\/2013\/02\/20110724-10-fanta4-Artikel.jpg?resize=350%2C200 1x, https:\/\/i0.wp.com\/www.rockpixx.com\/wordpress\/wp-content\/uploads\/2013\/02\/20110724-10-fanta4-Artikel.jpg?resize=525%2C300 1.5x, https:\/\/i0.wp.com\/www.rockpixx.com\/wordpress\/wp-content\/uploads\/2013\/02\/20110724-10-fanta4-Artikel.jpg?resize=700%2C400 2x"},"classes":[]}],"jetpack_sharing_enabled":true,"publishpress_future_action":{"enabled":false,"date":"2026-05-07 07:47:17","action":"change-status","newStatus":"draft","terms":[],"taxonomy":"category","extraData":[]},"publishpress_future_workflow_manual_trigger":{"enabledWorkflows":[]},"_links":{"self":[{"href":"http:\/\/www.rockpixx.com\/wordpress\/wp-json\/wp\/v2\/posts\/8822","targetHints":{"allow":["GET"]}}],"collection":[{"href":"http:\/\/www.rockpixx.com\/wordpress\/wp-json\/wp\/v2\/posts"}],"about":[{"href":"http:\/\/www.rockpixx.com\/wordpress\/wp-json\/wp\/v2\/types\/post"}],"author":[{"embeddable":true,"href":"http:\/\/www.rockpixx.com\/wordpress\/wp-json\/wp\/v2\/users\/2"}],"replies":[{"embeddable":true,"href":"http:\/\/www.rockpixx.com\/wordpress\/wp-json\/wp\/v2\/comments?post=8822"}],"version-history":[{"count":0,"href":"http:\/\/www.rockpixx.com\/wordpress\/wp-json\/wp\/v2\/posts\/8822\/revisions"}],"wp:featuredmedia":[{"embeddable":true,"href":"http:\/\/www.rockpixx.com\/wordpress\/wp-json\/wp\/v2\/media\/8782"}],"wp:attachment":[{"href":"http:\/\/www.rockpixx.com\/wordpress\/wp-json\/wp\/v2\/media?parent=8822"}],"wp:term":[{"taxonomy":"category","embeddable":true,"href":"http:\/\/www.rockpixx.com\/wordpress\/wp-json\/wp\/v2\/categories?post=8822"},{"taxonomy":"post_tag","embeddable":true,"href":"http:\/\/www.rockpixx.com\/wordpress\/wp-json\/wp\/v2\/tags?post=8822"}],"curies":[{"name":"wp","href":"https:\/\/api.w.org\/{rel}","templated":true}]}}