{"id":8824,"date":"2012-07-21T06:00:14","date_gmt":"2012-07-21T05:00:14","guid":{"rendered":"http:\/\/rockpixx.com\/wordpress\/?p=8824"},"modified":"2013-02-11T22:06:22","modified_gmt":"2013-02-11T21:06:22","slug":"dick-brave-and-the-backbeats-21-07-2012-nordholz-deichbrand-festival","status":"publish","type":"post","link":"http:\/\/www.rockpixx.com\/wordpress\/dick-brave-and-the-backbeats-21-07-2012-nordholz-deichbrand-festival\/","title":{"rendered":"Dick Brave and the Backbeats, 21.07.2012, Nordholz, Deichbrand Festival"},"content":{"rendered":"<p>\u201eDick Brave and the Backbeats\u201c: \u2192\u00a0<a title=\"Dick Brave und the Backbeats\" href=\"http:\/\/rockpixx.com\/wordpress\/?cat=574\" target=\"_blank\">Zum dritten Mal<\/a>\u00a0habe ich ihn\/sie vor den Kameras und eigentlich machen diese Musiker von Mal zu Mal mir pers\u00f6nlich mehr Spa\u00df.<!--more--> Und auch das Publikum akzeptiert anstandslos den Schwenk vom Punk der Band \u2192\u00a0<a title=\"Turbostaat, 21.07.2012, Nordholz, Deichbrand Festival\" href=\"http:\/\/rockpixx.com\/wordpress\/?p=8822\">\u201eTurbostaat\u201c<\/a> zuvor nun hin zu Rockabilly.<\/p>\n<p>Und sogar die Sonne scheint!<\/p>\n<p style=\"text-align: right;\">Fotos:\u00a0<a href=\"mailto:info@rockpixx.com?subject=Fotos%20von%20Dick%20Brave%20and%20the%20Backbeats,%20Nordholz%20%E2%80%9EDeichbrand%20Festival%E2%80%9C,%2021.07.2012\">Alex<\/a>\u00a0| Text:\u00a0<a href=\"mailto:info@rockpixx.com?subject=Reviewtext%20von%20Dick%20Brave%20and%20the%20Backbeats,%20Nordholz%20%E2%80%9EDeichbrand%20Festival%E2%80%9C,%2021.07.2012\">Alex<\/a><\/p>\n<p>&nbsp;<\/p>\n<p style=\"text-align: left;\">[slideshow id=185]<\/p>\n","protected":false},"excerpt":{"rendered":"<p>\u201eDick Brave and the Backbeats\u201c: \u2192\u00a0Zum dritten Mal\u00a0habe ich ihn\/sie vor den Kameras und eigentlich <a href=\"http:\/\/www.rockpixx.com\/wordpress\/dick-brave-and-the-backbeats-21-07-2012-nordholz-deichbrand-festival\/\">Read more<\/a><\/p>\n","protected":false},"author":2,"featured_media":8783,"comment_status":"open","ping_status":"open","sticky":false,"template":"","format":"standard","meta":{"_jetpack_memberships_contains_paid_content":false,"footnotes":"","jetpack_publicize_message":"","jetpack_publicize_feature_enabled":true,"jetpack_social_post_already_shared":true,"jetpack_social_options":{"image_generator_settings":{"template":"highway","default_image_id":0,"font":"","enabled":false},"version":2}},"categories":[34,1586],"tags":[1759,844,574,133,2058,1814],"class_list":["post-8824","post","type-post","status-publish","format-standard","has-post-thumbnail","hentry","category-acts","category-dick-brave-and-the-backbeats","tag-1759","tag-deichbrand-festival","tag-dick-brave-and-the-backbeats","tag-festivals","tag-nordholz","tag-sasha"],"aioseo_notices":[],"jetpack_publicize_connections":[],"jetpack_featured_media_url":"http:\/\/www.rockpixx.com\/wordpress\/wp-content\/uploads\/2013\/02\/20120721-06-dick-brave-Artikel.jpg","jetpack-related-posts":[{"id":8036,"url":"http:\/\/www.rockpixx.com\/wordpress\/dick-brave-and-the-backbeats-24-06-2011-kiel-unser-norden-buhne\/","url_meta":{"origin":8824,"position":0},"title":"Dick Brave and the Backbeats, 24.06.2011, Kiel, Unser Norden-B\u00fchne","author":"Anja","date":"24. Juni 2011","format":false,"excerpt":"He\u2019s back! Nach seinem Flugzeugabsturz galt er jahrelang als verschollen. Aus Respekt vor seinem Lebenswerk (und auch aus Respekt vor seinen Fans in aller Welt) wurde er offiziell nie f\u00fcr tot erkl\u00e4rt und die Ger\u00fcchte \u00fcber sein Weiterleben schossen ins Kraut. Dank jahrelanger hartn\u00e4ckiger Recherche eines MTV-Reporters konnte er schlie\u00dflich\u2026","rel":"","context":"In &quot;Acts&quot;","block_context":{"text":"Acts","link":"http:\/\/www.rockpixx.com\/wordpress\/category\/acts\/"},"img":{"alt_text":"Dick Brave and the Backbeats, 24.06.2011, Kiel, Unser Norden-B\u00fchne","src":"https:\/\/i0.wp.com\/www.rockpixx.com\/wordpress\/wp-content\/uploads\/2013\/02\/20110624-01-dick-brave-Artikel.jpg?resize=350%2C200","width":350,"height":200,"srcset":"https:\/\/i0.wp.com\/www.rockpixx.com\/wordpress\/wp-content\/uploads\/2013\/02\/20110624-01-dick-brave-Artikel.jpg?resize=350%2C200 1x, https:\/\/i0.wp.com\/www.rockpixx.com\/wordpress\/wp-content\/uploads\/2013\/02\/20110624-01-dick-brave-Artikel.jpg?resize=525%2C300 1.5x, https:\/\/i0.wp.com\/www.rockpixx.com\/wordpress\/wp-content\/uploads\/2013\/02\/20110624-01-dick-brave-Artikel.jpg?resize=700%2C400 2x"},"classes":[]},{"id":8602,"url":"http:\/\/www.rockpixx.com\/wordpress\/dick-brave-and-the-backbeats-21-06-2012-kiel-horn-buhne\/","url_meta":{"origin":8824,"position":1},"title":"Dick Brave and the Backbeats, 21.06.2012, Kiel, h\u00f6rn b\u00fchne","author":"Anja","date":"21. Juni 2012","format":false,"excerpt":"Zum Gl\u00fcck ist er letzte Weihnachten nicht wieder bei schlechtem Wetter mit einem Flugzeug losgeflogen, um noch schnell Weihnachtsgeschenke f\u00fcr seine Lieben einzukaufen \u2013 wer wei\u00df, was passiert w\u00e4re, wenn er wieder \u2192\u00a0abgest\u00fcrzt w\u00e4re\u2026 Nun, denn \u2013 er lebt, er macht Musik und er steht wieder vor meinen Kameras. Wieder\u2026","rel":"","context":"In &quot;Acts&quot;","block_context":{"text":"Acts","link":"http:\/\/www.rockpixx.com\/wordpress\/category\/acts\/"},"img":{"alt_text":"Dick Brave and the Backbeats, 21.06.2012, Kiel, h\u00f6rn b\u00fchne","src":"https:\/\/i0.wp.com\/www.rockpixx.com\/wordpress\/wp-content\/uploads\/2013\/02\/20120621-02-dick-brave-Artikel.jpg?resize=350%2C200","width":350,"height":200,"srcset":"https:\/\/i0.wp.com\/www.rockpixx.com\/wordpress\/wp-content\/uploads\/2013\/02\/20120621-02-dick-brave-Artikel.jpg?resize=350%2C200 1x, https:\/\/i0.wp.com\/www.rockpixx.com\/wordpress\/wp-content\/uploads\/2013\/02\/20120621-02-dick-brave-Artikel.jpg?resize=525%2C300 1.5x, https:\/\/i0.wp.com\/www.rockpixx.com\/wordpress\/wp-content\/uploads\/2013\/02\/20120621-02-dick-brave-Artikel.jpg?resize=700%2C400 2x"},"classes":[]},{"id":18134,"url":"http:\/\/www.rockpixx.com\/wordpress\/sasha-19-06-2015-kieler-woche-hoern-buehne-kiel\/","url_meta":{"origin":8824,"position":2},"title":"Sasha, 19.06.2015, Kieler Woche, H\u00f6rn-B\u00fchne, Kiel","author":"Anja","date":"20. Juni 2015","format":false,"excerpt":"Sechs Jahre ist es schon her, dass ich Sasha zuletzt \u2192 vor meinen Kameras hatte. In der Zeit ist viel passiert, inklusive einer zwischenzeitlichen Umorientierung von Sasha hin zu seinem Alter Ego \u201eDick Brave\u201c \u2013 den ich in den Jahren dazwischen auch \u2192 schon mehrmals fotografiert habe. Was ist neu,\u2026","rel":"","context":"In &quot;Acts&quot;","block_context":{"text":"Acts","link":"http:\/\/www.rockpixx.com\/wordpress\/category\/acts\/"},"img":{"alt_text":"Sasha, 19.06.2015, H\u00f6rn-B\u00fchne, Kiel","src":"https:\/\/i0.wp.com\/www.rockpixx.com\/wordpress\/wp-content\/uploads\/2015\/06\/20150619-02-072_sasha_Artikel.jpg?resize=350%2C200","width":350,"height":200,"srcset":"https:\/\/i0.wp.com\/www.rockpixx.com\/wordpress\/wp-content\/uploads\/2015\/06\/20150619-02-072_sasha_Artikel.jpg?resize=350%2C200 1x, https:\/\/i0.wp.com\/www.rockpixx.com\/wordpress\/wp-content\/uploads\/2015\/06\/20150619-02-072_sasha_Artikel.jpg?resize=525%2C300 1.5x, https:\/\/i0.wp.com\/www.rockpixx.com\/wordpress\/wp-content\/uploads\/2015\/06\/20150619-02-072_sasha_Artikel.jpg?resize=700%2C400 2x"},"classes":[]},{"id":4892,"url":"http:\/\/www.rockpixx.com\/wordpress\/sasha-21-06-2009-kiel-unser-norden-buhne\/","url_meta":{"origin":8824,"position":3},"title":"Sasha, 21.06.2009, Kiel, Unser Norden-B\u00fchne","author":"Anja","date":"21. Juni 2009","format":false,"excerpt":"Zwei Dinge vorab: Erstens ist es schade, dass auf der \u201eUnser Norden-B\u00fchne\u201c die Mainacts schon um 19:30 Uhr anfangen. Da kann sich die imposante Lichtanlage abm\u00fchen, wie sie will, sie kommt gegen das Tageslicht nicht an. Zweitens ist Sasha ein begabter Musiker aber ein lausiger Grimassenschneider. Ich habe noch nie\u2026","rel":"","context":"In &quot;Acts&quot;","block_context":{"text":"Acts","link":"http:\/\/www.rockpixx.com\/wordpress\/category\/acts\/"},"img":{"alt_text":"Sasha, 21.06.2009, Kiel, Unser Norden-B\u00fchne","src":"https:\/\/i0.wp.com\/www.rockpixx.com\/wordpress\/wp-content\/uploads\/2012\/06\/20090621-02-sasha-Artikel.jpg?resize=350%2C200","width":350,"height":200,"srcset":"https:\/\/i0.wp.com\/www.rockpixx.com\/wordpress\/wp-content\/uploads\/2012\/06\/20090621-02-sasha-Artikel.jpg?resize=350%2C200 1x, https:\/\/i0.wp.com\/www.rockpixx.com\/wordpress\/wp-content\/uploads\/2012\/06\/20090621-02-sasha-Artikel.jpg?resize=525%2C300 1.5x, https:\/\/i0.wp.com\/www.rockpixx.com\/wordpress\/wp-content\/uploads\/2012\/06\/20090621-02-sasha-Artikel.jpg?resize=700%2C400 2x"},"classes":[]},{"id":15264,"url":"http:\/\/www.rockpixx.com\/wordpress\/guano-apes-20-07-2014-deichbrand-festival-nordholz\/","url_meta":{"origin":8824,"position":4},"title":"Guano Apes, 20.07.2014, Deichbrand Festival, Nordholz","author":"admin","date":"20. Juli 2014","format":false,"excerpt":"\u201e10 Jahre Deichbrand\u201c bedeutet nat\u00fcrlich auch, dass das Festival sich selbst ein wenig feiert \u2013 warum auch nicht? Dass zu diesem Anlass auch Bands wieder auftreten, die in der Vergangenheit schon einmal dort gewesen sind, ist nachvollziehbar. So gibt\u2019s also ein weiteres Wiedersehen, dieses Mal mit den \u2192 \u201eGuano Apes\u201c.\u2026","rel":"","context":"In &quot;Acts&quot;","block_context":{"text":"Acts","link":"http:\/\/www.rockpixx.com\/wordpress\/category\/acts\/"},"img":{"alt_text":"","src":"https:\/\/i0.wp.com\/www.rockpixx.com\/wordpress\/wp-content\/uploads\/2014\/07\/20140720-06-039_guano-apes_Artikel.jpg?resize=350%2C200","width":350,"height":200,"srcset":"https:\/\/i0.wp.com\/www.rockpixx.com\/wordpress\/wp-content\/uploads\/2014\/07\/20140720-06-039_guano-apes_Artikel.jpg?resize=350%2C200 1x, https:\/\/i0.wp.com\/www.rockpixx.com\/wordpress\/wp-content\/uploads\/2014\/07\/20140720-06-039_guano-apes_Artikel.jpg?resize=525%2C300 1.5x, https:\/\/i0.wp.com\/www.rockpixx.com\/wordpress\/wp-content\/uploads\/2014\/07\/20140720-06-039_guano-apes_Artikel.jpg?resize=700%2C400 2x"},"classes":[]},{"id":15156,"url":"http:\/\/www.rockpixx.com\/wordpress\/exclusive-17-07-2014-deichbrand-festival-nordholz\/","url_meta":{"origin":8824,"position":5},"title":"Exclusive, 17.07.2014, Deichbrand Festival, Nordholz","author":"admin","date":"18. Juli 2014","format":false,"excerpt":"Jetzt geht\u2019s los. Zweiter Tag auf dem Deichbrand, endlich werden die beiden gro\u00dfen B\u00fchnen bespielt, den Anfang macht fr\u00fchmorgens gegen 14:00 die M\u00fcnchner Band \u201eExclusive\u201c auf der Firestage. Und das l\u00e4sst sich schon mal gut an, es geht doch nichts \u00fcber gutes Sonnenlicht, wenn man Konzerte fotografieren will \u2013 kein\u2026","rel":"","context":"In &quot;Acts&quot;","block_context":{"text":"Acts","link":"http:\/\/www.rockpixx.com\/wordpress\/category\/acts\/"},"img":{"alt_text":"Exclusive, 18.07.2014, Deichbrand Open Air, Seeflughafen, Nordholz","src":"https:\/\/i0.wp.com\/www.rockpixx.com\/wordpress\/wp-content\/uploads\/2014\/07\/20140718-01-027_exclusive_Artikel1.jpg?resize=350%2C200","width":350,"height":200,"srcset":"https:\/\/i0.wp.com\/www.rockpixx.com\/wordpress\/wp-content\/uploads\/2014\/07\/20140718-01-027_exclusive_Artikel1.jpg?resize=350%2C200 1x, https:\/\/i0.wp.com\/www.rockpixx.com\/wordpress\/wp-content\/uploads\/2014\/07\/20140718-01-027_exclusive_Artikel1.jpg?resize=525%2C300 1.5x, https:\/\/i0.wp.com\/www.rockpixx.com\/wordpress\/wp-content\/uploads\/2014\/07\/20140718-01-027_exclusive_Artikel1.jpg?resize=700%2C400 2x"},"classes":[]}],"jetpack_sharing_enabled":true,"publishpress_future_action":{"enabled":false,"date":"2026-05-06 16:02:01","action":"change-status","newStatus":"draft","terms":[],"taxonomy":"category","extraData":[]},"publishpress_future_workflow_manual_trigger":{"enabledWorkflows":[]},"_links":{"self":[{"href":"http:\/\/www.rockpixx.com\/wordpress\/wp-json\/wp\/v2\/posts\/8824","targetHints":{"allow":["GET"]}}],"collection":[{"href":"http:\/\/www.rockpixx.com\/wordpress\/wp-json\/wp\/v2\/posts"}],"about":[{"href":"http:\/\/www.rockpixx.com\/wordpress\/wp-json\/wp\/v2\/types\/post"}],"author":[{"embeddable":true,"href":"http:\/\/www.rockpixx.com\/wordpress\/wp-json\/wp\/v2\/users\/2"}],"replies":[{"embeddable":true,"href":"http:\/\/www.rockpixx.com\/wordpress\/wp-json\/wp\/v2\/comments?post=8824"}],"version-history":[{"count":0,"href":"http:\/\/www.rockpixx.com\/wordpress\/wp-json\/wp\/v2\/posts\/8824\/revisions"}],"wp:featuredmedia":[{"embeddable":true,"href":"http:\/\/www.rockpixx.com\/wordpress\/wp-json\/wp\/v2\/media\/8783"}],"wp:attachment":[{"href":"http:\/\/www.rockpixx.com\/wordpress\/wp-json\/wp\/v2\/media?parent=8824"}],"wp:term":[{"taxonomy":"category","embeddable":true,"href":"http:\/\/www.rockpixx.com\/wordpress\/wp-json\/wp\/v2\/categories?post=8824"},{"taxonomy":"post_tag","embeddable":true,"href":"http:\/\/www.rockpixx.com\/wordpress\/wp-json\/wp\/v2\/tags?post=8824"}],"curies":[{"name":"wp","href":"https:\/\/api.w.org\/{rel}","templated":true}]}}