{"id":8840,"date":"2012-07-22T02:00:18","date_gmt":"2012-07-22T01:00:18","guid":{"rendered":"http:\/\/rockpixx.com\/wordpress\/?p=8840"},"modified":"2013-09-27T20:48:30","modified_gmt":"2013-09-27T19:48:30","slug":"adolar-22-07-2012-nordholz-deichbrand-festival","status":"publish","type":"post","link":"http:\/\/www.rockpixx.com\/wordpress\/adolar-22-07-2012-nordholz-deichbrand-festival\/","title":{"rendered":"Adolar, 22.07.2012, Nordholz, Deichbrand Festival"},"content":{"rendered":"<p>Aufwecken, Runde zwei. \u201eAdolar\u201c stehen auf der \u201eWater Stage\u201c und spielen \u201eArtcore-Emo-Indierock\u201c. Keine Ahnung, was die Deichbrand-App mir damit sagen will, aber die Musik klingt gut. Sehenswert ist auf jeden Fall der Frontmann \/ Basser \/ S\u00e4nger.<!--more--><\/p>\n<p>Beim Bandnamen muss ich \u00fcbrigens immer an \u2192\u00a0<a title=\"Torfrock\" href=\"http:\/\/rockpixx.com\/wordpress\/?cat=434\" target=\"_blank\">Torfrock\u2019s<\/a>\u00a0Lied \u201eRut mit\u2019m Torf (Dat matsch so sch\u00f6n)\u201c denken, wo u. a. Adolar Zech aus Torfmoorholm besungen wird: \u201eUnser Champion hei\u00dft Adolar Zech, Ado torft inne Stunde 100 Meters wech.\u201c Irgendwie passt das mit dem Matsch auch ganz gut zum Deichbrand. (Obwohl ich heute hier mit T-Shirt und Sonnenbrille rumrennen kann.)<\/p>\n<p style=\"text-align: right;\">Fotos:\u00a0<a href=\"mailto:info@rockpixx.com?subject=Fotos%20von%20Adolar,%20Nordholz%20%E2%80%9EDeichbrand%20Festival%E2%80%9C,%2022.07.2012\">Alex<\/a>\u00a0| Text:\u00a0<a href=\"mailto:info@rockpixx.com?subject=Reviewtext%20von%20Adolar,%20Nordholz%20%E2%80%9EDeichbrand%20Festival%E2%80%9C,%2022.07.2012\">Alex<\/a><\/p>\n<p>&nbsp;<\/p>\n<p>[slideshow id=191]<\/p>\n","protected":false},"excerpt":{"rendered":"<p>Aufwecken, Runde zwei. \u201eAdolar\u201c stehen auf der \u201eWater Stage\u201c und spielen \u201eArtcore-Emo-Indierock\u201c. Keine Ahnung, was <a href=\"http:\/\/www.rockpixx.com\/wordpress\/adolar-22-07-2012-nordholz-deichbrand-festival\/\">Read more<\/a><\/p>\n","protected":false},"author":2,"featured_media":8789,"comment_status":"open","ping_status":"open","sticky":false,"template":"","format":"standard","meta":{"_jetpack_memberships_contains_paid_content":false,"footnotes":"","jetpack_publicize_message":"","jetpack_publicize_feature_enabled":true,"jetpack_social_post_already_shared":true,"jetpack_social_options":{"image_generator_settings":{"template":"highway","default_image_id":0,"font":"","enabled":false},"version":2}},"categories":[34,675],"tags":[1759,2028,1285,844,133,2058],"class_list":["post-8840","post","type-post","status-publish","format-standard","has-post-thumbnail","hentry","category-acts","category-adolar","tag-1759","tag-adolar","tag-bundesvision-song-contest","tag-deichbrand-festival","tag-festivals","tag-nordholz"],"aioseo_notices":[],"jetpack_publicize_connections":[],"jetpack_featured_media_url":"http:\/\/www.rockpixx.com\/wordpress\/wp-content\/uploads\/2013\/02\/20120722-02-adolar-Artikel.jpg","jetpack-related-posts":[{"id":15185,"url":"http:\/\/www.rockpixx.com\/wordpress\/maximo-park-18-07-2014-deichbrand-festival-nordholz\/","url_meta":{"origin":8840,"position":0},"title":"Max\u00efmo Park, 18.07.2014, Deichbrand Festival, Nordholz","author":"admin","date":"19. Juli 2014","format":false,"excerpt":"\u201eIndie Rock? Hmmm\u2026 das sind doch meistens welche, die in abgerissenen Klamotten auf der B\u00fchne stehen und mehr oder minder gut losrumpeln.\u201c Von wegen! Zumindest, was \u201eMax\u00efmo Park\u201c angeht. Ich stehe im Graben der Waterstage und bin \u00fcberrascht. Vor mir mit Mikrost\u00e4nder ein junger Mann in Anzug mit wei\u00dfem Hemd\u2026","rel":"","context":"In &quot;Acts&quot;","block_context":{"text":"Acts","link":"http:\/\/www.rockpixx.com\/wordpress\/category\/acts\/"},"img":{"alt_text":"Maximo Park, 18.07.2014, Deichbrand Open Air, Seeflughafen, Nordholz","src":"https:\/\/i0.wp.com\/www.rockpixx.com\/wordpress\/wp-content\/uploads\/2014\/07\/20140718-09-016_maximo-park_Artikel.jpg?resize=350%2C200","width":350,"height":200,"srcset":"https:\/\/i0.wp.com\/www.rockpixx.com\/wordpress\/wp-content\/uploads\/2014\/07\/20140718-09-016_maximo-park_Artikel.jpg?resize=350%2C200 1x, https:\/\/i0.wp.com\/www.rockpixx.com\/wordpress\/wp-content\/uploads\/2014\/07\/20140718-09-016_maximo-park_Artikel.jpg?resize=525%2C300 1.5x, https:\/\/i0.wp.com\/www.rockpixx.com\/wordpress\/wp-content\/uploads\/2014\/07\/20140718-09-016_maximo-park_Artikel.jpg?resize=700%2C400 2x"},"classes":[]},{"id":8859,"url":"http:\/\/www.rockpixx.com\/wordpress\/skindred-22-07-2012-nordholz-deichbrand-festival\/","url_meta":{"origin":8840,"position":1},"title":"Skindred, 22.07.2012, Nordholz, Deichbrand Festival","author":"Anja","date":"22. Juli 2012","format":false,"excerpt":"Nein, ich kenne \u201eSkindred\u201c nicht von ihrem Gastauftritt in der RTL-Soap \u201eGZSZ\u201c. Und nein, ich kannte \u201eSkindred\u201c auch bislang von nirgendwo anders nicht. (Achtung! Dreifache, sog. \u201ebayerische Verneinung\u201c.) Nach dem Graben-Intermezzo muss ich f\u00fcr mich pers\u00f6nlich allerdings feststellen, dass diese Band \u2013 genauer gesagt deren Musik \u2013 auf der Liste\u2026","rel":"","context":"In &quot;Acts&quot;","block_context":{"text":"Acts","link":"http:\/\/www.rockpixx.com\/wordpress\/category\/acts\/"},"img":{"alt_text":"Skindred, 22.07.2012, Nordholz, Deichbrand Festival","src":"https:\/\/i0.wp.com\/www.rockpixx.com\/wordpress\/wp-content\/uploads\/2013\/02\/20120722-05-skindred-Artikel.jpg?resize=350%2C200","width":350,"height":200,"srcset":"https:\/\/i0.wp.com\/www.rockpixx.com\/wordpress\/wp-content\/uploads\/2013\/02\/20120722-05-skindred-Artikel.jpg?resize=350%2C200 1x, https:\/\/i0.wp.com\/www.rockpixx.com\/wordpress\/wp-content\/uploads\/2013\/02\/20120722-05-skindred-Artikel.jpg?resize=525%2C300 1.5x, https:\/\/i0.wp.com\/www.rockpixx.com\/wordpress\/wp-content\/uploads\/2013\/02\/20120722-05-skindred-Artikel.jpg?resize=700%2C400 2x"},"classes":[]},{"id":15167,"url":"http:\/\/www.rockpixx.com\/wordpress\/prinz-pi-18-07-2014-deichbrand-festival-nordholz\/","url_meta":{"origin":8840,"position":2},"title":"Prinz Pi, 18.07.2014, Deichbrand Festival, Nordholz","author":"admin","date":"18. Juli 2014","format":false,"excerpt":"Gerade eben noch Mittelalterrock auf der Firestage mit \u2192 \u201eSubway to Sally\u201c, jetzt deutscher Rap auf der Waterstage mit \u201ePrinz Pi\u201c \u2013 so abwechslungsreich geht es auf dem Deichbrand zu. Zugegeben, meine Musik ist das nie gewesen und wird es auch nie werden, aber dennoch kommt die Begleitband um den\u2026","rel":"","context":"In &quot;Acts&quot;","block_context":{"text":"Acts","link":"http:\/\/www.rockpixx.com\/wordpress\/category\/acts\/"},"img":{"alt_text":"Prinz Pi, 18.07.2014, Deichbrand Open Air, Seeflughafen, Nordholz","src":"https:\/\/i0.wp.com\/www.rockpixx.com\/wordpress\/wp-content\/uploads\/2014\/07\/20140718-04-013_prinz-pi_Artikl.jpg?resize=350%2C200","width":350,"height":200,"srcset":"https:\/\/i0.wp.com\/www.rockpixx.com\/wordpress\/wp-content\/uploads\/2014\/07\/20140718-04-013_prinz-pi_Artikl.jpg?resize=350%2C200 1x, https:\/\/i0.wp.com\/www.rockpixx.com\/wordpress\/wp-content\/uploads\/2014\/07\/20140718-04-013_prinz-pi_Artikl.jpg?resize=525%2C300 1.5x, https:\/\/i0.wp.com\/www.rockpixx.com\/wordpress\/wp-content\/uploads\/2014\/07\/20140718-04-013_prinz-pi_Artikl.jpg?resize=700%2C400 2x"},"classes":[]},{"id":8805,"url":"http:\/\/www.rockpixx.com\/wordpress\/sunrise-avenue-20-07-2012-nordholz-deichbrand-festival\/","url_meta":{"origin":8840,"position":3},"title":"Sunrise Avenue, 20.07.2012, Nordholz, Deichbrand Festival","author":"Anja","date":"20. Juli 2012","format":false,"excerpt":"Nicht ganz in der geplanten Reihenfolge, zur falschen Zeit und auf der falschen B\u00fchne, dennoch finnisch (beim Soundcheck) und gewohnt gut in englisch w\u00e4hrend des Konzertes: Sunrise Avenue. Wir hatten sie ja schon \u2192\u00a0in Kiel 2011\u00a0vor den Kameras (bzw. unsere Fotografin hatte das Gl\u00fcck) und nun bin ich also an\u2026","rel":"","context":"In &quot;Acts&quot;","block_context":{"text":"Acts","link":"http:\/\/www.rockpixx.com\/wordpress\/category\/acts\/"},"img":{"alt_text":"Sunrise Avenue, 20.07.2012, Nordholz, Deichbrand Festival","src":"https:\/\/i0.wp.com\/www.rockpixx.com\/wordpress\/wp-content\/uploads\/2013\/02\/20120720-04-sunrise-avenue-Artikel.jpg?resize=350%2C200","width":350,"height":200,"srcset":"https:\/\/i0.wp.com\/www.rockpixx.com\/wordpress\/wp-content\/uploads\/2013\/02\/20120720-04-sunrise-avenue-Artikel.jpg?resize=350%2C200 1x, https:\/\/i0.wp.com\/www.rockpixx.com\/wordpress\/wp-content\/uploads\/2013\/02\/20120720-04-sunrise-avenue-Artikel.jpg?resize=525%2C300 1.5x, https:\/\/i0.wp.com\/www.rockpixx.com\/wordpress\/wp-content\/uploads\/2013\/02\/20120720-04-sunrise-avenue-Artikel.jpg?resize=700%2C400 2x"},"classes":[]},{"id":8847,"url":"http:\/\/www.rockpixx.com\/wordpress\/regicide-22-07-2012-nordholz-deichbrand-festival\/","url_meta":{"origin":8840,"position":4},"title":"Regicide, 22.07.2012, Nordholz, Deichbrand Festival","author":"Anja","date":"22. Juli 2012","format":false,"excerpt":"Wer jetzt noch nicht wach sein sollte, der verpasst definitiv etwas: \u201eRegicide\u201c spielen auf der \u201eFire Stage\u201c. Eyecatcher sind gleich mehrere Bandmitglieder: Die Violinistin, die S\u00e4ngerin (mehr als der S\u00e4nger), der Bassist und der Gitarrist. Vom Sound her l\u00e4sst sich das eigentlich nur mit \u201epomp\u00f6s \u2013 melodisch \u2013 metallisch\u201c beschreiben,\u2026","rel":"","context":"In &quot;Acts&quot;","block_context":{"text":"Acts","link":"http:\/\/www.rockpixx.com\/wordpress\/category\/acts\/"},"img":{"alt_text":"Regicide, 22.07.2012, Nordholz, Deichbrand Festival","src":"https:\/\/i0.wp.com\/www.rockpixx.com\/wordpress\/wp-content\/uploads\/2013\/02\/20120722-03-regicide-Artikel.jpg?resize=350%2C200","width":350,"height":200,"srcset":"https:\/\/i0.wp.com\/www.rockpixx.com\/wordpress\/wp-content\/uploads\/2013\/02\/20120722-03-regicide-Artikel.jpg?resize=350%2C200 1x, https:\/\/i0.wp.com\/www.rockpixx.com\/wordpress\/wp-content\/uploads\/2013\/02\/20120722-03-regicide-Artikel.jpg?resize=525%2C300 1.5x, https:\/\/i0.wp.com\/www.rockpixx.com\/wordpress\/wp-content\/uploads\/2013\/02\/20120722-03-regicide-Artikel.jpg?resize=700%2C400 2x"},"classes":[]},{"id":8241,"url":"http:\/\/www.rockpixx.com\/wordpress\/fotos-24-07-2011-nordholz-deichbrand-festival\/","url_meta":{"origin":8840,"position":5},"title":"Fotos, 24.07.2011, Nordholz, Deichbrand Festival","author":"Anja","date":"24. Juli 2011","format":false,"excerpt":"Fotos machen von einer Band mit Namen \u201eFotos\u201c? \u2013 Warum eigentlich nicht? Also \u2013 ab zur \u201eFire Stage\u201c und draufhalten\u2026 Die Musik kommt auch beim Publikum gut an, ohne dass dieses vermutlich den folgenden Pressetext kennt:\u00a0\u201eWer so um die Welt tigert wie diese Jungs, bringt gro\u00dfe Gef\u00fchle heim, w\u00e4chst innerlich\u2026","rel":"","context":"In &quot;Acts&quot;","block_context":{"text":"Acts","link":"http:\/\/www.rockpixx.com\/wordpress\/category\/acts\/"},"img":{"alt_text":"Fotos, 24.07.2011, Nordholz, Deichbrand Festival","src":"https:\/\/i0.wp.com\/www.rockpixx.com\/wordpress\/wp-content\/uploads\/2013\/02\/20110724-04-fotos-Artikel.jpg?resize=350%2C200","width":350,"height":200,"srcset":"https:\/\/i0.wp.com\/www.rockpixx.com\/wordpress\/wp-content\/uploads\/2013\/02\/20110724-04-fotos-Artikel.jpg?resize=350%2C200 1x, https:\/\/i0.wp.com\/www.rockpixx.com\/wordpress\/wp-content\/uploads\/2013\/02\/20110724-04-fotos-Artikel.jpg?resize=525%2C300 1.5x, https:\/\/i0.wp.com\/www.rockpixx.com\/wordpress\/wp-content\/uploads\/2013\/02\/20110724-04-fotos-Artikel.jpg?resize=700%2C400 2x"},"classes":[]}],"jetpack_sharing_enabled":true,"publishpress_future_action":{"enabled":false,"date":"2026-05-07 07:46:42","action":"change-status","newStatus":"draft","terms":[],"taxonomy":"category","extraData":[]},"publishpress_future_workflow_manual_trigger":{"enabledWorkflows":[]},"_links":{"self":[{"href":"http:\/\/www.rockpixx.com\/wordpress\/wp-json\/wp\/v2\/posts\/8840","targetHints":{"allow":["GET"]}}],"collection":[{"href":"http:\/\/www.rockpixx.com\/wordpress\/wp-json\/wp\/v2\/posts"}],"about":[{"href":"http:\/\/www.rockpixx.com\/wordpress\/wp-json\/wp\/v2\/types\/post"}],"author":[{"embeddable":true,"href":"http:\/\/www.rockpixx.com\/wordpress\/wp-json\/wp\/v2\/users\/2"}],"replies":[{"embeddable":true,"href":"http:\/\/www.rockpixx.com\/wordpress\/wp-json\/wp\/v2\/comments?post=8840"}],"version-history":[{"count":0,"href":"http:\/\/www.rockpixx.com\/wordpress\/wp-json\/wp\/v2\/posts\/8840\/revisions"}],"wp:featuredmedia":[{"embeddable":true,"href":"http:\/\/www.rockpixx.com\/wordpress\/wp-json\/wp\/v2\/media\/8789"}],"wp:attachment":[{"href":"http:\/\/www.rockpixx.com\/wordpress\/wp-json\/wp\/v2\/media?parent=8840"}],"wp:term":[{"taxonomy":"category","embeddable":true,"href":"http:\/\/www.rockpixx.com\/wordpress\/wp-json\/wp\/v2\/categories?post=8840"},{"taxonomy":"post_tag","embeddable":true,"href":"http:\/\/www.rockpixx.com\/wordpress\/wp-json\/wp\/v2\/tags?post=8840"}],"curies":[{"name":"wp","href":"https:\/\/api.w.org\/{rel}","templated":true}]}}