{"id":8862,"date":"2012-07-22T06:00:47","date_gmt":"2012-07-22T05:00:47","guid":{"rendered":"http:\/\/rockpixx.com\/wordpress\/?p=8862"},"modified":"2013-02-11T23:01:20","modified_gmt":"2013-02-11T22:01:20","slug":"ignite-22-07-2012-nordholz-deichbrand-festival","status":"publish","type":"post","link":"http:\/\/www.rockpixx.com\/wordpress\/ignite-22-07-2012-nordholz-deichbrand-festival\/","title":{"rendered":"Ignite, 22.07.2012, Nordholz, Deichbrand Festival"},"content":{"rendered":"<p>Das Intro vom Band verspricht \u201eeternal summer, love, peace and happiness\u201c \u2013 es l\u00e4uft <em>\u201eCalifornia Girls\u201c<\/em> von den \u201eBeachboys\u201c und ich groove mich im strahlenden Sonnenschein ein\u2026<\/p>\n<p>Und dann das: Herbe Riffs fetzen durch die Boxen und dieser akustische Tsunami l\u00e4sst s\u00e4mtliche Girls aus California in meinen Geh\u00f6rg\u00e4ngen rettungslos ertrinken. Wer ist schuld? Die Boys aus California da oben auf der B\u00fchne sind es: \u201eIgnite\u201c <!--more-->spielen und sind nicht zu \u00fcberh\u00f6ren bzw. \u00fcbersehen. Hardcore-Punk wird gegeben und das hei\u00dft treibende, schnelle Musik und ziemliche Action da oben vor mir. Positionen werden schneller gewechselt, als man mit dem Tele hinterherkommt, Weitwinkel ist aber auch keine gute L\u00f6sung, weil dann immer der Kameramann, der die Videowalls f\u00fcttert, mit auf dem Bild ist. Bleibt also nur, das Beste aus der Situation zu machen und irgendwie drauf zuhalten\u2026.<\/p>\n<p style=\"text-align: right;\">Fotos:\u00a0<a href=\"mailto:info@rockpixx.com?subject=Fotos%20von%20Ignite,%20Nordholz%20%E2%80%9EDeichbrand%20Festival%E2%80%9C,%2022.07.2012\">Alex<\/a>\u00a0| Text:\u00a0<a href=\"mailto:info@rockpixx.com?subject=Reviewtext%20von%20Ignite,%20Nordholz%20%E2%80%9EDeichbrand%20Festival%E2%80%9C,%2022.07.2012\">Alex<\/a><\/p>\n<p>&nbsp;<\/p>\n<p>[slideshow id=195]<\/p>\n","protected":false},"excerpt":{"rendered":"<p>Das Intro vom Band verspricht \u201eeternal summer, love, peace and happiness\u201c \u2013 es l\u00e4uft \u201eCalifornia <a href=\"http:\/\/www.rockpixx.com\/wordpress\/ignite-22-07-2012-nordholz-deichbrand-festival\/\">Read more<\/a><\/p>\n","protected":false},"author":2,"featured_media":8793,"comment_status":"open","ping_status":"open","sticky":false,"template":"","format":"standard","meta":{"_jetpack_memberships_contains_paid_content":false,"footnotes":"","jetpack_publicize_message":"","jetpack_publicize_feature_enabled":true,"jetpack_social_post_already_shared":true,"jetpack_social_options":{"image_generator_settings":{"template":"highway","default_image_id":0,"font":"","enabled":false},"version":2}},"categories":[34,679],"tags":[1759,844,133,2032,2058],"class_list":["post-8862","post","type-post","status-publish","format-standard","has-post-thumbnail","hentry","category-acts","category-ignite","tag-1759","tag-deichbrand-festival","tag-festivals","tag-ignite","tag-nordholz"],"aioseo_notices":[],"jetpack_publicize_connections":[],"jetpack_featured_media_url":"http:\/\/www.rockpixx.com\/wordpress\/wp-content\/uploads\/2013\/02\/20120722-06-ignite-Artikel.jpg","jetpack-related-posts":[{"id":11738,"url":"http:\/\/www.rockpixx.com\/wordpress\/anchors-and-hearts-21-07-2013-deichbrand-festival-nordholz\/","url_meta":{"origin":8862,"position":0},"title":"Anchors and Hearts, 21.07.2013, Deichbrand Festival, Nordholz","author":"Anja","date":"28. Juli 2013","format":false,"excerpt":"Am Rande durften wir noch erleben, wie der Asia-Food-Stand auf dem Festivalgel\u00e4nde das Motto des Festivals \u201eDer Deich brennt\u201c etwas zu wortw\u00f6rtlich genommen hat. So waren dann leider auch noch nicht so viele Besucher vor der B\u00fchne. (Und es gab anschlie\u00dfend f\u00fcr den Rest des Tages gebratenen Nudeln ohne Ende\u2026)\u2026","rel":"","context":"In &quot;Acts&quot;","block_context":{"text":"Acts","link":"http:\/\/www.rockpixx.com\/wordpress\/category\/acts\/"},"img":{"alt_text":"","src":"https:\/\/i0.wp.com\/www.rockpixx.com\/wordpress\/wp-content\/uploads\/2013\/07\/20130721-01-013_anchors-and-hearts-Artikel.jpg?resize=350%2C200","width":350,"height":200,"srcset":"https:\/\/i0.wp.com\/www.rockpixx.com\/wordpress\/wp-content\/uploads\/2013\/07\/20130721-01-013_anchors-and-hearts-Artikel.jpg?resize=350%2C200 1x, https:\/\/i0.wp.com\/www.rockpixx.com\/wordpress\/wp-content\/uploads\/2013\/07\/20130721-01-013_anchors-and-hearts-Artikel.jpg?resize=525%2C300 1.5x, https:\/\/i0.wp.com\/www.rockpixx.com\/wordpress\/wp-content\/uploads\/2013\/07\/20130721-01-013_anchors-and-hearts-Artikel.jpg?resize=700%2C400 2x"},"classes":[]},{"id":8834,"url":"http:\/\/www.rockpixx.com\/wordpress\/beatsteaks-21-07-2012-nordholz-deichbrand-festival\/","url_meta":{"origin":8862,"position":1},"title":"Beatsteaks, 21.07.2012, Nordholz, Deichbrand Festival","author":"Anja","date":"21. Juli 2012","format":false,"excerpt":"Und dann der Mainact des heutigen Abends: Die \u201eBeatsteaks\u201c bitten zum Tanz. \u201eTanz\u201c ist vielleicht nicht das richtige Wort f\u00fcr das, was da in den ersten Reihen vor der Absperrung direkt hinter mir losgeht \u2013 die Security hat jede Menge Arbeit damit, Leute aus der Menge in den Graben zu\u2026","rel":"","context":"In &quot;Acts&quot;","block_context":{"text":"Acts","link":"http:\/\/www.rockpixx.com\/wordpress\/category\/acts\/"},"img":{"alt_text":"Beatsteaks, 21.07.2012, Nordholz, Deichbrand Festival","src":"https:\/\/i0.wp.com\/www.rockpixx.com\/wordpress\/wp-content\/uploads\/2013\/02\/20120721-10-beatsteaks-Artikel.jpg?resize=350%2C200","width":350,"height":200,"srcset":"https:\/\/i0.wp.com\/www.rockpixx.com\/wordpress\/wp-content\/uploads\/2013\/02\/20120721-10-beatsteaks-Artikel.jpg?resize=350%2C200 1x, https:\/\/i0.wp.com\/www.rockpixx.com\/wordpress\/wp-content\/uploads\/2013\/02\/20120721-10-beatsteaks-Artikel.jpg?resize=525%2C300 1.5x, https:\/\/i0.wp.com\/www.rockpixx.com\/wordpress\/wp-content\/uploads\/2013\/02\/20120721-10-beatsteaks-Artikel.jpg?resize=700%2C400 2x"},"classes":[]},{"id":15239,"url":"http:\/\/www.rockpixx.com\/wordpress\/das-pack-20-07-2014-deichbrand-festival-nordholz\/","url_meta":{"origin":8862,"position":2},"title":"DAS PACK, 20.07.2014, Deichbrand Festival, Nordholz","author":"admin","date":"20. Juli 2014","format":false,"excerpt":"Sonntag, letzter Tag auf dem Deichbrand, die Wetterg\u00f6tter haben ein Einsehen: Es brennt nicht mehr so gnadenlos von oben herab. Vor der Waterstage: Ein \u00fcberm\u00fcdetes Publikum. Auf der B\u00fchne: Die zwei Musiker von \u201eDAS PACK\u201c. E-Gitarre, Drums und zwei Vocals lassen nat\u00fcrlich kein brachiales Soundgewitter erwarten, aber es lohnt sich,\u2026","rel":"","context":"In &quot;Acts&quot;","block_context":{"text":"Acts","link":"http:\/\/www.rockpixx.com\/wordpress\/category\/acts\/"},"img":{"alt_text":"Das Pack, 20.07.2014, Deichbrand Open Air, Seeflughafen, Nordholz","src":"https:\/\/i0.wp.com\/www.rockpixx.com\/wordpress\/wp-content\/uploads\/2014\/07\/20140720-01-002_das-pack_Artikel2.jpg?resize=350%2C200","width":350,"height":200,"srcset":"https:\/\/i0.wp.com\/www.rockpixx.com\/wordpress\/wp-content\/uploads\/2014\/07\/20140720-01-002_das-pack_Artikel2.jpg?resize=350%2C200 1x, https:\/\/i0.wp.com\/www.rockpixx.com\/wordpress\/wp-content\/uploads\/2014\/07\/20140720-01-002_das-pack_Artikel2.jpg?resize=525%2C300 1.5x, https:\/\/i0.wp.com\/www.rockpixx.com\/wordpress\/wp-content\/uploads\/2014\/07\/20140720-01-002_das-pack_Artikel2.jpg?resize=700%2C400 2x"},"classes":[]},{"id":8809,"url":"http:\/\/www.rockpixx.com\/wordpress\/deichkind-20-07-2012-nordholz-deichbrand-festival\/","url_meta":{"origin":8862,"position":3},"title":"Deichkind, 20.07.2012, Nordholz, Deichbrand Festival","author":"Anja","date":"20. Juli 2012","format":false,"excerpt":"Und dann endlich auf der \u201eFire Stage\u201c: Die Herren mit den bunten leuchtenden H\u00fcten und der netten Choreografie treten auf. Anweisung: \u201eSongs 2, 3 und 4\u201c. Ok, Zeit also den ersten Song unseres 300. Artists vor dem gro\u00dfen wei\u00dfen Bettlaken ohne Kameras im Anschlag von der Seite aus zu verfolgen\u2026\u2026","rel":"","context":"In &quot;Acts&quot;","block_context":{"text":"Acts","link":"http:\/\/www.rockpixx.com\/wordpress\/category\/acts\/"},"img":{"alt_text":"Deichkind, 20.07.2012, Nordholz, Deichbrand Festival","src":"https:\/\/i0.wp.com\/www.rockpixx.com\/wordpress\/wp-content\/uploads\/2013\/02\/20120720-06-deichkind-Artikel.jpg?resize=350%2C200","width":350,"height":200,"srcset":"https:\/\/i0.wp.com\/www.rockpixx.com\/wordpress\/wp-content\/uploads\/2013\/02\/20120720-06-deichkind-Artikel.jpg?resize=350%2C200 1x, https:\/\/i0.wp.com\/www.rockpixx.com\/wordpress\/wp-content\/uploads\/2013\/02\/20120720-06-deichkind-Artikel.jpg?resize=525%2C300 1.5x, https:\/\/i0.wp.com\/www.rockpixx.com\/wordpress\/wp-content\/uploads\/2013\/02\/20120720-06-deichkind-Artikel.jpg?resize=700%2C400 2x"},"classes":[]},{"id":15167,"url":"http:\/\/www.rockpixx.com\/wordpress\/prinz-pi-18-07-2014-deichbrand-festival-nordholz\/","url_meta":{"origin":8862,"position":4},"title":"Prinz Pi, 18.07.2014, Deichbrand Festival, Nordholz","author":"admin","date":"18. Juli 2014","format":false,"excerpt":"Gerade eben noch Mittelalterrock auf der Firestage mit \u2192 \u201eSubway to Sally\u201c, jetzt deutscher Rap auf der Waterstage mit \u201ePrinz Pi\u201c \u2013 so abwechslungsreich geht es auf dem Deichbrand zu. Zugegeben, meine Musik ist das nie gewesen und wird es auch nie werden, aber dennoch kommt die Begleitband um den\u2026","rel":"","context":"In &quot;Acts&quot;","block_context":{"text":"Acts","link":"http:\/\/www.rockpixx.com\/wordpress\/category\/acts\/"},"img":{"alt_text":"Prinz Pi, 18.07.2014, Deichbrand Open Air, Seeflughafen, Nordholz","src":"https:\/\/i0.wp.com\/www.rockpixx.com\/wordpress\/wp-content\/uploads\/2014\/07\/20140718-04-013_prinz-pi_Artikl.jpg?resize=350%2C200","width":350,"height":200,"srcset":"https:\/\/i0.wp.com\/www.rockpixx.com\/wordpress\/wp-content\/uploads\/2014\/07\/20140718-04-013_prinz-pi_Artikl.jpg?resize=350%2C200 1x, https:\/\/i0.wp.com\/www.rockpixx.com\/wordpress\/wp-content\/uploads\/2014\/07\/20140718-04-013_prinz-pi_Artikl.jpg?resize=525%2C300 1.5x, https:\/\/i0.wp.com\/www.rockpixx.com\/wordpress\/wp-content\/uploads\/2014\/07\/20140718-04-013_prinz-pi_Artikl.jpg?resize=700%2C400 2x"},"classes":[]},{"id":11698,"url":"http:\/\/www.rockpixx.com\/wordpress\/die-orsons-20-07-2013-deichbrand-festival-nordholz\/","url_meta":{"origin":8862,"position":5},"title":"Die Orsons, 20.07.2013, Deichbrand Festival, Nordholz","author":"Anja","date":"27. Juli 2013","format":false,"excerpt":"Deutscher Hip-Hop \u2013 zuckers\u00fc\u00dfe Texte mit viel Fantasie, Ironie und Sarkasmus. Dies ist die Kurzbeschreibung von \u201eDie Orsons\u201c. Eigentlich k\u00f6nnte ich jetzt Schluss machen, mache ich aber nicht. Ich kannte \u201eDie Orsons\u201c bis zu diesem Festival nicht und fand so das Intro der Band ganz interessant, da die S\u00e4nger erst\u2026","rel":"","context":"In &quot;Acts&quot;","block_context":{"text":"Acts","link":"http:\/\/www.rockpixx.com\/wordpress\/category\/acts\/"},"img":{"alt_text":"","src":"https:\/\/i0.wp.com\/www.rockpixx.com\/wordpress\/wp-content\/uploads\/2013\/07\/20130720-06-006_die-orsons-Artikel.jpg?resize=350%2C200","width":350,"height":200,"srcset":"https:\/\/i0.wp.com\/www.rockpixx.com\/wordpress\/wp-content\/uploads\/2013\/07\/20130720-06-006_die-orsons-Artikel.jpg?resize=350%2C200 1x, https:\/\/i0.wp.com\/www.rockpixx.com\/wordpress\/wp-content\/uploads\/2013\/07\/20130720-06-006_die-orsons-Artikel.jpg?resize=525%2C300 1.5x, https:\/\/i0.wp.com\/www.rockpixx.com\/wordpress\/wp-content\/uploads\/2013\/07\/20130720-06-006_die-orsons-Artikel.jpg?resize=700%2C400 2x"},"classes":[]}],"jetpack_sharing_enabled":true,"publishpress_future_action":{"enabled":false,"date":"2026-05-06 14:27:09","action":"change-status","newStatus":"draft","terms":[],"taxonomy":"category","extraData":[]},"publishpress_future_workflow_manual_trigger":{"enabledWorkflows":[]},"_links":{"self":[{"href":"http:\/\/www.rockpixx.com\/wordpress\/wp-json\/wp\/v2\/posts\/8862","targetHints":{"allow":["GET"]}}],"collection":[{"href":"http:\/\/www.rockpixx.com\/wordpress\/wp-json\/wp\/v2\/posts"}],"about":[{"href":"http:\/\/www.rockpixx.com\/wordpress\/wp-json\/wp\/v2\/types\/post"}],"author":[{"embeddable":true,"href":"http:\/\/www.rockpixx.com\/wordpress\/wp-json\/wp\/v2\/users\/2"}],"replies":[{"embeddable":true,"href":"http:\/\/www.rockpixx.com\/wordpress\/wp-json\/wp\/v2\/comments?post=8862"}],"version-history":[{"count":0,"href":"http:\/\/www.rockpixx.com\/wordpress\/wp-json\/wp\/v2\/posts\/8862\/revisions"}],"wp:featuredmedia":[{"embeddable":true,"href":"http:\/\/www.rockpixx.com\/wordpress\/wp-json\/wp\/v2\/media\/8793"}],"wp:attachment":[{"href":"http:\/\/www.rockpixx.com\/wordpress\/wp-json\/wp\/v2\/media?parent=8862"}],"wp:term":[{"taxonomy":"category","embeddable":true,"href":"http:\/\/www.rockpixx.com\/wordpress\/wp-json\/wp\/v2\/categories?post=8862"},{"taxonomy":"post_tag","embeddable":true,"href":"http:\/\/www.rockpixx.com\/wordpress\/wp-json\/wp\/v2\/tags?post=8862"}],"curies":[{"name":"wp","href":"https:\/\/api.w.org\/{rel}","templated":true}]}}