{"id":8916,"date":"2012-08-02T04:00:50","date_gmt":"2012-08-02T03:00:50","guid":{"rendered":"http:\/\/rockpixx.com\/wordpress\/?p=8916"},"modified":"2013-02-12T20:34:32","modified_gmt":"2013-02-12T19:34:32","slug":"skyline-02-08-2012-wacken-woa-2012","status":"publish","type":"post","link":"http:\/\/www.rockpixx.com\/wordpress\/skyline-02-08-2012-wacken-woa-2012\/","title":{"rendered":"Skyline, 02.08.2012, Wacken, W:O:A 2012"},"content":{"rendered":"<p>Nun ist das Infield ge\u00f6ffnet, Zehntausende str\u00f6men vor eine der beiden gro\u00dfen B\u00fchnen. Auch etliche Fotografen rotten sich bereits am Grabeneingang zusammen\u2026<!--more--><\/p>\n<p>Im Gewusel sind zwei Dinge bemerkenswert: 1. Es sind anscheinend zu viele Fotografen mit Pit-Pass anwesend, also wird nach eineinhalb Songs mit Schichtwechsel fotografiert. 2. Ich treffe Heiko wieder, vor 10 Tagen war er noch unser \u201ePapi\u201c auf dem \u201eDeichbrand\u201c.<\/p>\n<p>\u201eSkyline\u201c er\u00f6ffnen das diesj\u00e4hrige W:O:A und das tun sie doch gleich mal mit der geb\u00fchrenden Lautst\u00e4rke. Bilder lassen sich auch bei Tageslicht ganz gut machen, der Graben ist riesig und eineinhalb Songs reichen mir merkw\u00fcrdigerweise mehr als aus.<\/p>\n<p style=\"text-align: right;\">Fotos:\u00a0<a href=\"mailto:info@rockpixx.com?subject=Fotos%20von%20Skyline,%20Wacken%20%E2%80%9EW:O:A%202012%E2%80%9C,%2002.08.2012\">Alex<\/a>\u00a0| Text:\u00a0<a href=\"mailto:info@rockpixx.com?subject=Reviewtext%20von%20Skyline,%20Wacken%20%E2%80%9EW:O:A%202012%E2%80%9C,%2002.08.2012\">Alex<\/a><\/p>\n<p>&nbsp;<\/p>\n<p>[slideshow id=204]<\/p>\n","protected":false},"excerpt":{"rendered":"<p>Nun ist das Infield ge\u00f6ffnet, Zehntausende str\u00f6men vor eine der beiden gro\u00dfen B\u00fchnen. Auch etliche <a href=\"http:\/\/www.rockpixx.com\/wordpress\/skyline-02-08-2012-wacken-woa-2012\/\">Read more<\/a><\/p>\n","protected":false},"author":2,"featured_media":8896,"comment_status":"open","ping_status":"open","sticky":false,"template":"","format":"standard","meta":{"_jetpack_memberships_contains_paid_content":false,"footnotes":"","jetpack_publicize_message":"","jetpack_publicize_feature_enabled":true,"jetpack_social_post_already_shared":true,"jetpack_social_options":{"image_generator_settings":{"template":"highway","default_image_id":0,"font":"","enabled":false},"version":2}},"categories":[34,685],"tags":[1759,133,2038,883,2061,885],"class_list":["post-8916","post","type-post","status-publish","format-standard","has-post-thumbnail","hentry","category-acts","category-skyline","tag-1759","tag-festivals","tag-skyline","tag-woa","tag-wacken","tag-wacken-open-air"],"aioseo_notices":[],"jetpack_publicize_connections":[],"jetpack_featured_media_url":"http:\/\/www.rockpixx.com\/wordpress\/wp-content\/uploads\/2013\/02\/20120802-04-skyline-Artikel.jpg","jetpack-related-posts":[{"id":15977,"url":"http:\/\/www.rockpixx.com\/wordpress\/skyline-31-07-2014-wacken-woa-2014\/","url_meta":{"origin":8916,"position":0},"title":"Skyline, 31.07.2014, Wacken, W:O:A 2014","author":"admin","date":"1. August 2014","format":false,"excerpt":"Das 25. Jubil\u00e4um f\u00fcr Wacken ist wie ein Klassentreffen: Es gibt Bands, die kommen extra f\u00fcr diese Veranstaltung wieder zusammen wie \u2192 \u201eAx\u2019n Sex\u201c und es gibt Bands, die sind jedes Mal dort. Nein, ich rede hier jetzt nicht von der Kapelle der \u201eWacken Firefighters\u201c, sondern von \u2192 Skyline. Traditionell\u2026","rel":"","context":"In &quot;Acts&quot;","block_context":{"text":"Acts","link":"http:\/\/www.rockpixx.com\/wordpress\/category\/acts\/"},"img":{"alt_text":"Skyline, 31.07.2014, Wacken, Wacken Open Air","src":"https:\/\/i0.wp.com\/www.rockpixx.com\/wordpress\/wp-content\/uploads\/2014\/08\/20140731-01-011._skyline_Artikel.jpg?resize=350%2C200","width":350,"height":200,"srcset":"https:\/\/i0.wp.com\/www.rockpixx.com\/wordpress\/wp-content\/uploads\/2014\/08\/20140731-01-011._skyline_Artikel.jpg?resize=350%2C200 1x, https:\/\/i0.wp.com\/www.rockpixx.com\/wordpress\/wp-content\/uploads\/2014\/08\/20140731-01-011._skyline_Artikel.jpg?resize=525%2C300 1.5x, https:\/\/i0.wp.com\/www.rockpixx.com\/wordpress\/wp-content\/uploads\/2014\/08\/20140731-01-011._skyline_Artikel.jpg?resize=700%2C400 2x"},"classes":[]},{"id":16019,"url":"http:\/\/www.rockpixx.com\/wordpress\/slayer-01-08-2014-wacken-woa-2014\/","url_meta":{"origin":8916,"position":1},"title":"Slayer, 01.08.2014, Wacken, W:O:A 2014","author":"admin","date":"2. August 2014","format":false,"excerpt":"Eine Band der \u201eGro\u00dfen Vier des Thrash Metal\u201c stehen vor mir zum Abschluss meines zweiten Wacken-Tages im d\u00fcsteren Rot auf der True Metal Stage: \u201eSlayer\u201c. Im Graben ist es entsprechend voll, es gilt zum wiederholten Male die Regel \u201eNur eineinhalb Songs, dann Wechsel der Fotografengruppen.\u201c Dennoch ist es mit ca.\u2026","rel":"","context":"In &quot;Acts&quot;","block_context":{"text":"Acts","link":"http:\/\/www.rockpixx.com\/wordpress\/category\/acts\/"},"img":{"alt_text":"Slayer, 01.08.2014, Wacken, Wacken Open Air 2014","src":"https:\/\/i0.wp.com\/www.rockpixx.com\/wordpress\/wp-content\/uploads\/2014\/08\/20140801-08-153.jpg?resize=350%2C200","width":350,"height":200,"srcset":"https:\/\/i0.wp.com\/www.rockpixx.com\/wordpress\/wp-content\/uploads\/2014\/08\/20140801-08-153.jpg?resize=350%2C200 1x, https:\/\/i0.wp.com\/www.rockpixx.com\/wordpress\/wp-content\/uploads\/2014\/08\/20140801-08-153.jpg?resize=525%2C300 1.5x, https:\/\/i0.wp.com\/www.rockpixx.com\/wordpress\/wp-content\/uploads\/2014\/08\/20140801-08-153.jpg?resize=700%2C400 2x"},"classes":[]},{"id":11979,"url":"http:\/\/www.rockpixx.com\/wordpress\/anthrax-02-08-2013-wacken-woa-2013\/","url_meta":{"origin":8916,"position":2},"title":"Anthrax, 03.08.2013, Wacken, W:O:A 2013","author":"Anja","date":"7. August 2013","format":false,"excerpt":"\u201eAnthrax\u201c \u2013 ein Name wie der Ritt auf der Rasierklinge \u2013 vor allem, wenn man eine amerikanische Band ist und an die Anschl\u00e4ge in den USA im Jahr 2011 denkt. F\u00fcr die Fans der Yellow Press ist allerdings auch gesorgt: Gr\u00fcndungsmitglied und Gitarrist Scott Ian (Rosenfeld) ist mit Pearl Aday\u2026","rel":"","context":"In &quot;Acts&quot;","block_context":{"text":"Acts","link":"http:\/\/www.rockpixx.com\/wordpress\/category\/acts\/"},"img":{"alt_text":"","src":"https:\/\/i0.wp.com\/www.rockpixx.com\/wordpress\/wp-content\/uploads\/2013\/08\/20130803-03-114_anthrax-Artikel.jpg?resize=350%2C200","width":350,"height":200,"srcset":"https:\/\/i0.wp.com\/www.rockpixx.com\/wordpress\/wp-content\/uploads\/2013\/08\/20130803-03-114_anthrax-Artikel.jpg?resize=350%2C200 1x, https:\/\/i0.wp.com\/www.rockpixx.com\/wordpress\/wp-content\/uploads\/2013\/08\/20130803-03-114_anthrax-Artikel.jpg?resize=525%2C300 1.5x, https:\/\/i0.wp.com\/www.rockpixx.com\/wordpress\/wp-content\/uploads\/2013\/08\/20130803-03-114_anthrax-Artikel.jpg?resize=700%2C400 2x"},"classes":[]},{"id":11837,"url":"http:\/\/www.rockpixx.com\/wordpress\/skyline-01-08-2013-wacken-woa-2013\/","url_meta":{"origin":8916,"position":3},"title":"Skyline, 01.08.2013, Wacken, W:O:A 2013","author":"Anja","date":"2. August 2013","format":false,"excerpt":"Neben den \u201eWacken Firefighters\u201c gibt es eine weitere Institution auf dem W:O:A und das sind \u201eSkyline\u201c. Diese Band spielte schon auf dem 1. Wacken Open Air (wie auch \u2192\u00a05th Avenue) mit Festivalgr\u00fcnder Thomas Jensen am Bass und wird vermutlich auch noch in 26. Jahren zum \u201eGoldenen Jubil\u00e4um\u201c dort auftreten und\u2026","rel":"","context":"In &quot;Acts&quot;","block_context":{"text":"Acts","link":"http:\/\/www.rockpixx.com\/wordpress\/category\/acts\/"},"img":{"alt_text":"","src":"https:\/\/i0.wp.com\/www.rockpixx.com\/wordpress\/wp-content\/uploads\/2013\/08\/20130801-01-017_skyline-Artikel.jpg?resize=350%2C200","width":350,"height":200,"srcset":"https:\/\/i0.wp.com\/www.rockpixx.com\/wordpress\/wp-content\/uploads\/2013\/08\/20130801-01-017_skyline-Artikel.jpg?resize=350%2C200 1x, https:\/\/i0.wp.com\/www.rockpixx.com\/wordpress\/wp-content\/uploads\/2013\/08\/20130801-01-017_skyline-Artikel.jpg?resize=525%2C300 1.5x, https:\/\/i0.wp.com\/www.rockpixx.com\/wordpress\/wp-content\/uploads\/2013\/08\/20130801-01-017_skyline-Artikel.jpg?resize=700%2C400 2x"},"classes":[]},{"id":15987,"url":"http:\/\/www.rockpixx.com\/wordpress\/steel-panther-31-07-2014-wacken-woa-2014\/","url_meta":{"origin":8916,"position":4},"title":"Steel Panther, 31.07.2014, Wacken, W:O:A 2014","author":"admin","date":"1. August 2014","format":false,"excerpt":"Man stelle sich einmal die folgende Situation vor: Barbie und drei ihrer besten Freundinnen unterziehen sich einer geschlechtsangleichenden Operation, lassen sich Tatoos stechen, ziehen nietenbesetzte Rock\u2019n\u2019Roll-Klamotten in den bevorzugten Farben Pink, Lila und Rot an, stellen sich als Hardrockband auf die True Metal Stage vom W:O:A und rocken los, was\u2026","rel":"","context":"In &quot;Acts&quot;","block_context":{"text":"Acts","link":"http:\/\/www.rockpixx.com\/wordpress\/category\/acts\/"},"img":{"alt_text":"Steel Panther, 31.07.2014, Wacken, Wacken Open Air","src":"https:\/\/i0.wp.com\/www.rockpixx.com\/wordpress\/wp-content\/uploads\/2014\/08\/20140731-04-035_steel-panther_Artikel2.jpg?resize=350%2C200","width":350,"height":200,"srcset":"https:\/\/i0.wp.com\/www.rockpixx.com\/wordpress\/wp-content\/uploads\/2014\/08\/20140731-04-035_steel-panther_Artikel2.jpg?resize=350%2C200 1x, https:\/\/i0.wp.com\/www.rockpixx.com\/wordpress\/wp-content\/uploads\/2014\/08\/20140731-04-035_steel-panther_Artikel2.jpg?resize=525%2C300 1.5x, https:\/\/i0.wp.com\/www.rockpixx.com\/wordpress\/wp-content\/uploads\/2014\/08\/20140731-04-035_steel-panther_Artikel2.jpg?resize=700%2C400 2x"},"classes":[]},{"id":8923,"url":"http:\/\/www.rockpixx.com\/wordpress\/u-d-o-02-08-2012-wacken-woa-2012\/","url_meta":{"origin":8916,"position":5},"title":"U.D.O., 02.08.2012, Wacken, W:O:A 2012","author":"Anja","date":"2. August 2012","format":false,"excerpt":"Udo Dirkschneider und seine Mannen stehen auf der B\u00fchne und zum ersten (und gl\u00fccklicherweise einzigen) Mal an diesem Abend sch\u00fcttet es w\u00e4hrend des Gigs wie aus K\u00fcbeln. Aber das kennen wir ja schon vom Deichbrand\u2026 Was ich da vom ehemaligen \u201eTeilzeit-Frontmann\u201c von \u201eAccept\u201c und seinen Mitstreitern zu h\u00f6ren bekomme, das\u2026","rel":"","context":"In &quot;Acts&quot;","block_context":{"text":"Acts","link":"http:\/\/www.rockpixx.com\/wordpress\/category\/acts\/"},"img":{"alt_text":"U.D.O., 02.08.2012, Wacken, W:O:A 2012","src":"https:\/\/i0.wp.com\/www.rockpixx.com\/wordpress\/wp-content\/uploads\/2013\/02\/20120802-06-udo-Artikel.jpg?resize=350%2C200","width":350,"height":200,"srcset":"https:\/\/i0.wp.com\/www.rockpixx.com\/wordpress\/wp-content\/uploads\/2013\/02\/20120802-06-udo-Artikel.jpg?resize=350%2C200 1x, https:\/\/i0.wp.com\/www.rockpixx.com\/wordpress\/wp-content\/uploads\/2013\/02\/20120802-06-udo-Artikel.jpg?resize=525%2C300 1.5x, https:\/\/i0.wp.com\/www.rockpixx.com\/wordpress\/wp-content\/uploads\/2013\/02\/20120802-06-udo-Artikel.jpg?resize=700%2C400 2x"},"classes":[]}],"jetpack_sharing_enabled":true,"publishpress_future_action":{"enabled":false,"date":"2026-05-06 12:30:21","action":"change-status","newStatus":"draft","terms":[],"taxonomy":"category","extraData":[]},"publishpress_future_workflow_manual_trigger":{"enabledWorkflows":[]},"_links":{"self":[{"href":"http:\/\/www.rockpixx.com\/wordpress\/wp-json\/wp\/v2\/posts\/8916","targetHints":{"allow":["GET"]}}],"collection":[{"href":"http:\/\/www.rockpixx.com\/wordpress\/wp-json\/wp\/v2\/posts"}],"about":[{"href":"http:\/\/www.rockpixx.com\/wordpress\/wp-json\/wp\/v2\/types\/post"}],"author":[{"embeddable":true,"href":"http:\/\/www.rockpixx.com\/wordpress\/wp-json\/wp\/v2\/users\/2"}],"replies":[{"embeddable":true,"href":"http:\/\/www.rockpixx.com\/wordpress\/wp-json\/wp\/v2\/comments?post=8916"}],"version-history":[{"count":0,"href":"http:\/\/www.rockpixx.com\/wordpress\/wp-json\/wp\/v2\/posts\/8916\/revisions"}],"wp:featuredmedia":[{"embeddable":true,"href":"http:\/\/www.rockpixx.com\/wordpress\/wp-json\/wp\/v2\/media\/8896"}],"wp:attachment":[{"href":"http:\/\/www.rockpixx.com\/wordpress\/wp-json\/wp\/v2\/media?parent=8916"}],"wp:term":[{"taxonomy":"category","embeddable":true,"href":"http:\/\/www.rockpixx.com\/wordpress\/wp-json\/wp\/v2\/categories?post=8916"},{"taxonomy":"post_tag","embeddable":true,"href":"http:\/\/www.rockpixx.com\/wordpress\/wp-json\/wp\/v2\/tags?post=8916"}],"curies":[{"name":"wp","href":"https:\/\/api.w.org\/{rel}","templated":true}]}}