{"id":8919,"date":"2012-08-02T05:00:44","date_gmt":"2012-08-02T04:00:44","guid":{"rendered":"http:\/\/rockpixx.com\/wordpress\/?p=8919"},"modified":"2015-07-22T17:01:54","modified_gmt":"2015-07-22T16:01:54","slug":"sepultura-02-08-2012-wacken-woa-2012","status":"publish","type":"post","link":"http:\/\/www.rockpixx.com\/wordpress\/sepultura-02-08-2012-wacken-woa-2012\/","title":{"rendered":"Sepultura, 02.08.2012, Wacken, W:O:A 2012"},"content":{"rendered":"<p>Zwischenzeitlich gab\u2018s noch eine Pressekonferenz mit den Herren von \u2192<a title=\"Saxon, 02.08.2012, Wacken, W:O:A 2012\" href=\"http:\/\/rockpixx.com\/wordpress\/?p=8925\" target=\"_blank\">\u201eSaxon\u201c<\/a>, die am sp\u00e4teren Abend noch spielen sollen. Ganz konnte ich sie nicht verfolgen, da es mich schon wieder vor die Black Stage zog, \u201eSepultura\u201c &amp; \u201eLes Tamboures Du Bronx\u201c als special guests spielten auf. <!--more-->Letztere sind ein Trommelkollektiv (\u2192\u00a0<a title=\"Russkaja\" href=\"http:\/\/rockpixx.com\/wordpress\/?cat=677\" target=\"_blank\">\u201eRusskaja\u201c\u00a0<\/a>wirken irgendwie bei mir noch nach.) und hauen mit dicken St\u00e4ben auf verbeulte \u00d6lf\u00e4sser, bevor die eigentliche Band komplett auf der B\u00fchne steht.<\/p>\n<p>Dann legen die Musiker aber richtig los und peitschen recht trashige Akkorde ihres Death Metal \u00fcber das riesige Areal. Eigentlich kein Wunder, dass davon auch im etwas weiter entfernten Pressezelt noch genug zu h\u00f6ren ist, w\u00e4hrend hier schon die n\u00e4chste Pressekonferenz sich verzweifelt Geh\u00f6r zu verschaffen versucht.<\/p>\n<p style=\"text-align: right;\">Fotos:\u00a0<a href=\"mailto:info@rockpixx.com?subject=Fotos%20von%20Sepultura,%20Wacken%20%E2%80%9EW:O:A%202012%E2%80%9C,%2002.08.2012\">Alex<\/a>\u00a0| Text:\u00a0<a href=\"mailto:info@rockpixx.com?subject=Reviewtext%20von%20Sepultura,%20Wacken%20%E2%80%9EW:O:A%202012%E2%80%9C,%2002.08.2012\">Alex<\/a><\/p>\n<p>&nbsp;<\/p>\n<p>[slideshow id=205]<\/p>\n","protected":false},"excerpt":{"rendered":"<p>Zwischenzeitlich gab\u2018s noch eine Pressekonferenz mit den Herren von \u2192\u201eSaxon\u201c, die am sp\u00e4teren Abend noch <a href=\"http:\/\/www.rockpixx.com\/wordpress\/sepultura-02-08-2012-wacken-woa-2012\/\">Read more<\/a><\/p>\n","protected":false},"author":2,"featured_media":8897,"comment_status":"open","ping_status":"open","sticky":false,"template":"","format":"standard","meta":{"_jetpack_memberships_contains_paid_content":false,"footnotes":"","jetpack_publicize_message":"","jetpack_publicize_feature_enabled":true,"jetpack_social_post_already_shared":true,"jetpack_social_options":{"image_generator_settings":{"template":"highway","default_image_id":0,"font":"","enabled":false},"version":2}},"categories":[34,686],"tags":[1759,133,888,2039,883,2061,885],"class_list":["post-8919","post","type-post","status-publish","format-standard","has-post-thumbnail","hentry","category-acts","category-sepultura","tag-1759","tag-festivals","tag-les-tamboures-du-bronx","tag-sepultura","tag-woa","tag-wacken","tag-wacken-open-air"],"aioseo_notices":[],"jetpack_publicize_connections":[],"jetpack_featured_media_url":"http:\/\/www.rockpixx.com\/wordpress\/wp-content\/uploads\/2013\/02\/20120802-05-sepultura-Artikel.jpg","jetpack-related-posts":[{"id":19501,"url":"http:\/\/www.rockpixx.com\/wordpress\/sepultura-14-11-2015-baltic-ballroom-metal-hammer-paradise-2015\/","url_meta":{"origin":8919,"position":0},"title":"Sepultura, 14.11.2015, Maximum Metal Stage, Metal Hammer Paradise 2015","author":"Anja","date":"25. November 2015","format":false,"excerpt":"Ein sehr lauter Soundcheck lie\u00df mich bef\u00fcrchten, dass ich trotz guten Ohrenschutzes etwas taub aus diesem Konzert herauskomme \u2013 zum Gl\u00fcck war die Bef\u00fcrchtung unbegr\u00fcndet. Bei Sepultura hat sich der Eindruck der letzten Konzerte hier auf dem Metal Hammer Paradise best\u00e4tigt, dass der Lichtmensch irgendwie seinen Job falsch verstanden hat.\u2026","rel":"","context":"In &quot;Acts&quot;","block_context":{"text":"Acts","link":"http:\/\/www.rockpixx.com\/wordpress\/category\/acts\/"},"img":{"alt_text":"Sepultura, 14.11.2015, Wei\u00dfenh\u00e4user Strand, Metal Hammer Paradise","src":"https:\/\/i0.wp.com\/www.rockpixx.com\/wordpress\/wp-content\/uploads\/2015\/11\/20151114-03-052.jpg?resize=350%2C200","width":350,"height":200,"srcset":"https:\/\/i0.wp.com\/www.rockpixx.com\/wordpress\/wp-content\/uploads\/2015\/11\/20151114-03-052.jpg?resize=350%2C200 1x, https:\/\/i0.wp.com\/www.rockpixx.com\/wordpress\/wp-content\/uploads\/2015\/11\/20151114-03-052.jpg?resize=525%2C300 1.5x, https:\/\/i0.wp.com\/www.rockpixx.com\/wordpress\/wp-content\/uploads\/2015\/11\/20151114-03-052.jpg?resize=700%2C400 2x"},"classes":[]},{"id":11965,"url":"http:\/\/www.rockpixx.com\/wordpress\/doro-02-08-2013-wacken-woa-2013\/","url_meta":{"origin":8919,"position":1},"title":"Doro, 02.08.2013, Wacken, W:O:A 2013","author":"Anja","date":"6. August 2013","format":false,"excerpt":"Doro Pesch komponiert ja nicht nur die Hymnen f\u00fcr Ihre Freundin die Boxerin Regina Halmich, sondern ist nat\u00fcrlich auch so etwas wie die \u201eMetal-Queen\u201c in der gesamten Szene. In diesem Jahr begeht sie ihr 30-j\u00e4hriges B\u00fchnenjubil\u00e4um und so etwas will nat\u00fcrlich standesgem\u00e4\u00df in Wacken zelebriert werden. Also st\u00fcrmt sie nach\u2026","rel":"","context":"In &quot;Acts&quot;","block_context":{"text":"Acts","link":"http:\/\/www.rockpixx.com\/wordpress\/category\/acts\/"},"img":{"alt_text":"","src":"https:\/\/i0.wp.com\/www.rockpixx.com\/wordpress\/wp-content\/uploads\/2013\/08\/20130802-06-387_doro.jpg?resize=350%2C200","width":350,"height":200,"srcset":"https:\/\/i0.wp.com\/www.rockpixx.com\/wordpress\/wp-content\/uploads\/2013\/08\/20130802-06-387_doro.jpg?resize=350%2C200 1x, https:\/\/i0.wp.com\/www.rockpixx.com\/wordpress\/wp-content\/uploads\/2013\/08\/20130802-06-387_doro.jpg?resize=525%2C300 1.5x, https:\/\/i0.wp.com\/www.rockpixx.com\/wordpress\/wp-content\/uploads\/2013\/08\/20130802-06-387_doro.jpg?resize=700%2C400 2x"},"classes":[]},{"id":16019,"url":"http:\/\/www.rockpixx.com\/wordpress\/slayer-01-08-2014-wacken-woa-2014\/","url_meta":{"origin":8919,"position":2},"title":"Slayer, 01.08.2014, Wacken, W:O:A 2014","author":"admin","date":"2. August 2014","format":false,"excerpt":"Eine Band der \u201eGro\u00dfen Vier des Thrash Metal\u201c stehen vor mir zum Abschluss meines zweiten Wacken-Tages im d\u00fcsteren Rot auf der True Metal Stage: \u201eSlayer\u201c. Im Graben ist es entsprechend voll, es gilt zum wiederholten Male die Regel \u201eNur eineinhalb Songs, dann Wechsel der Fotografengruppen.\u201c Dennoch ist es mit ca.\u2026","rel":"","context":"In &quot;Acts&quot;","block_context":{"text":"Acts","link":"http:\/\/www.rockpixx.com\/wordpress\/category\/acts\/"},"img":{"alt_text":"Slayer, 01.08.2014, Wacken, Wacken Open Air 2014","src":"https:\/\/i0.wp.com\/www.rockpixx.com\/wordpress\/wp-content\/uploads\/2014\/08\/20140801-08-153.jpg?resize=350%2C200","width":350,"height":200,"srcset":"https:\/\/i0.wp.com\/www.rockpixx.com\/wordpress\/wp-content\/uploads\/2014\/08\/20140801-08-153.jpg?resize=350%2C200 1x, https:\/\/i0.wp.com\/www.rockpixx.com\/wordpress\/wp-content\/uploads\/2014\/08\/20140801-08-153.jpg?resize=525%2C300 1.5x, https:\/\/i0.wp.com\/www.rockpixx.com\/wordpress\/wp-content\/uploads\/2014\/08\/20140801-08-153.jpg?resize=700%2C400 2x"},"classes":[]},{"id":11975,"url":"http:\/\/www.rockpixx.com\/wordpress\/lamb-of-god-02-08-2013-wacken-woa-2013\/","url_meta":{"origin":8919,"position":3},"title":"Lamb of God, 03.08.2013, Wacken, W:O:A 2013","author":"Anja","date":"7. August 2013","format":false,"excerpt":"Mit \u201eLamb of God\u201c steht eine amerikanische Metal-Band auf der \u201eBlack Stage\u201c, die mich musikalisch nicht so wirklich zu fesseln vermag. Es liegt nicht daran, dass sie eigentlich keinem ausgewiesenen Metal-Genre so wirklich zuzuordnen sind, sich aber zahlreicher Elemente aus Death- und Thrash-Metal bedienen. Vielleicht mag ich auch einfach \u201eGrowling\u201c\u2026","rel":"","context":"In &quot;Acts&quot;","block_context":{"text":"Acts","link":"http:\/\/www.rockpixx.com\/wordpress\/category\/acts\/"},"img":{"alt_text":"","src":"https:\/\/i0.wp.com\/www.rockpixx.com\/wordpress\/wp-content\/uploads\/2013\/08\/20130803-02-050_lamb-of-god-Artikel.jpg?resize=350%2C200","width":350,"height":200,"srcset":"https:\/\/i0.wp.com\/www.rockpixx.com\/wordpress\/wp-content\/uploads\/2013\/08\/20130803-02-050_lamb-of-god-Artikel.jpg?resize=350%2C200 1x, https:\/\/i0.wp.com\/www.rockpixx.com\/wordpress\/wp-content\/uploads\/2013\/08\/20130803-02-050_lamb-of-god-Artikel.jpg?resize=525%2C300 1.5x, https:\/\/i0.wp.com\/www.rockpixx.com\/wordpress\/wp-content\/uploads\/2013\/08\/20130803-02-050_lamb-of-god-Artikel.jpg?resize=700%2C400 2x"},"classes":[]},{"id":11971,"url":"http:\/\/www.rockpixx.com\/wordpress\/die-apokalyptischen-reiter-02-08-2013-wacken-woa-2013\/","url_meta":{"origin":8919,"position":4},"title":"Die Apokalyptischen Reiter, 03.08.2013, Wacken, W:O:A 2013","author":"Anja","date":"7. August 2013","format":false,"excerpt":"Das Wetter passt zwar nicht zur Apokalypse \u2013 obwohl f\u00fcr sp\u00e4ter noch ein Gewitter dr\u00e4ut \u2013 aber \u201eDie Apokalyptischen Reiter\u201c spielen dennoch ihre bew\u00e4hrte Mischung aus (fast) allem, was das Metal-Genre so hergibt: Black-, Death-, Thrash- und Power-Metal, garniert mit Elementen von Rock und Folk. Und so komme ich zu\u2026","rel":"","context":"In &quot;Acts&quot;","block_context":{"text":"Acts","link":"http:\/\/www.rockpixx.com\/wordpress\/category\/acts\/"},"img":{"alt_text":"","src":"https:\/\/i0.wp.com\/www.rockpixx.com\/wordpress\/wp-content\/uploads\/2013\/08\/20130803-01-007_apo-reiter-Artikel.jpg?resize=350%2C200","width":350,"height":200,"srcset":"https:\/\/i0.wp.com\/www.rockpixx.com\/wordpress\/wp-content\/uploads\/2013\/08\/20130803-01-007_apo-reiter-Artikel.jpg?resize=350%2C200 1x, https:\/\/i0.wp.com\/www.rockpixx.com\/wordpress\/wp-content\/uploads\/2013\/08\/20130803-01-007_apo-reiter-Artikel.jpg?resize=525%2C300 1.5x, https:\/\/i0.wp.com\/www.rockpixx.com\/wordpress\/wp-content\/uploads\/2013\/08\/20130803-01-007_apo-reiter-Artikel.jpg?resize=700%2C400 2x"},"classes":[]},{"id":8892,"url":"http:\/\/www.rockpixx.com\/wordpress\/russkaja-02-08-2012-wacken-woa-2012\/","url_meta":{"origin":8919,"position":5},"title":"Russkaja, 02.08.2012, Wacken, W:O:A 2012","author":"Anja","date":"2. August 2012","format":false,"excerpt":"\u201eWacken 2012\u201c \u2026f\u00e4ngt f\u00fcr mich am Donnerstagmorgen gegen kurz nach 11:00 Uhr vor der \u201eW.E.T Stage\u201c an. Eine Weile brauche ich schon, bis ich diese B\u00fchne finde, aber dann leiten mich unverkennbare Kl\u00e4nge in die richtige Richtung. Zur optischen Hilfe wird vom S\u00e4nger auf der B\u00fchne noch eine gro\u00dfe rote\u2026","rel":"","context":"In &quot;Acts&quot;","block_context":{"text":"Acts","link":"http:\/\/www.rockpixx.com\/wordpress\/category\/acts\/"},"img":{"alt_text":"Russkaja, 02.08.2012, Wacken, W:O:A 2012","src":"https:\/\/i0.wp.com\/www.rockpixx.com\/wordpress\/wp-content\/uploads\/2013\/02\/20120802-01-russkaja-Artikel.jpg?resize=350%2C200","width":350,"height":200,"srcset":"https:\/\/i0.wp.com\/www.rockpixx.com\/wordpress\/wp-content\/uploads\/2013\/02\/20120802-01-russkaja-Artikel.jpg?resize=350%2C200 1x, https:\/\/i0.wp.com\/www.rockpixx.com\/wordpress\/wp-content\/uploads\/2013\/02\/20120802-01-russkaja-Artikel.jpg?resize=525%2C300 1.5x, https:\/\/i0.wp.com\/www.rockpixx.com\/wordpress\/wp-content\/uploads\/2013\/02\/20120802-01-russkaja-Artikel.jpg?resize=700%2C400 2x"},"classes":[]}],"jetpack_sharing_enabled":true,"publishpress_future_action":{"enabled":false,"date":"2026-05-06 11:08:22","action":"change-status","newStatus":"draft","terms":[],"taxonomy":"category","extraData":[]},"publishpress_future_workflow_manual_trigger":{"enabledWorkflows":[]},"_links":{"self":[{"href":"http:\/\/www.rockpixx.com\/wordpress\/wp-json\/wp\/v2\/posts\/8919","targetHints":{"allow":["GET"]}}],"collection":[{"href":"http:\/\/www.rockpixx.com\/wordpress\/wp-json\/wp\/v2\/posts"}],"about":[{"href":"http:\/\/www.rockpixx.com\/wordpress\/wp-json\/wp\/v2\/types\/post"}],"author":[{"embeddable":true,"href":"http:\/\/www.rockpixx.com\/wordpress\/wp-json\/wp\/v2\/users\/2"}],"replies":[{"embeddable":true,"href":"http:\/\/www.rockpixx.com\/wordpress\/wp-json\/wp\/v2\/comments?post=8919"}],"version-history":[{"count":0,"href":"http:\/\/www.rockpixx.com\/wordpress\/wp-json\/wp\/v2\/posts\/8919\/revisions"}],"wp:featuredmedia":[{"embeddable":true,"href":"http:\/\/www.rockpixx.com\/wordpress\/wp-json\/wp\/v2\/media\/8897"}],"wp:attachment":[{"href":"http:\/\/www.rockpixx.com\/wordpress\/wp-json\/wp\/v2\/media?parent=8919"}],"wp:term":[{"taxonomy":"category","embeddable":true,"href":"http:\/\/www.rockpixx.com\/wordpress\/wp-json\/wp\/v2\/categories?post=8919"},{"taxonomy":"post_tag","embeddable":true,"href":"http:\/\/www.rockpixx.com\/wordpress\/wp-json\/wp\/v2\/tags?post=8919"}],"curies":[{"name":"wp","href":"https:\/\/api.w.org\/{rel}","templated":true}]}}