{"id":8923,"date":"2012-08-02T06:00:27","date_gmt":"2012-08-02T05:00:27","guid":{"rendered":"http:\/\/rockpixx.com\/wordpress\/?p=8923"},"modified":"2013-02-12T20:54:00","modified_gmt":"2013-02-12T19:54:00","slug":"u-d-o-02-08-2012-wacken-woa-2012","status":"publish","type":"post","link":"http:\/\/www.rockpixx.com\/wordpress\/u-d-o-02-08-2012-wacken-woa-2012\/","title":{"rendered":"U.D.O., 02.08.2012, Wacken, W:O:A 2012"},"content":{"rendered":"<p>Udo Dirkschneider und seine Mannen stehen auf der B\u00fchne und zum ersten (und gl\u00fccklicherweise einzigen) Mal an diesem Abend sch\u00fcttet es w\u00e4hrend des Gigs wie aus K\u00fcbeln. Aber das kennen wir ja schon vom Deichbrand\u2026<\/p>\n<p>Was ich da vom ehemaligen \u201eTeilzeit-Frontmann\u201c von \u201eAccept\u201c und seinen Mitstreitern zu h\u00f6ren bekomme, das l\u00e4sst mich zum ersten Mal in Wacken ein wenig aufatmen:<!--more--> Hier kann ich Melodien erkennen und auch die Stimme vom S\u00e4nger empfinde ich als durchaus kraftvoll aber angenehm: Es ist nicht nur infernalischer Krach, der aus den Boxen dr\u00f6hnt, sondern diese Form des Metal h\u00f6rt sich auch f\u00fcr mich durchaus musikalisch an. Hinzu kommen noch ein richtig gutes Licht und ansprechende Posen. Schade, dass ich nach eineinhalb Songs schon den Graben verlassen muss \u2013 da h\u00e4tte ich noch gerne weiterfotografiert.<\/p>\n<p>Im Pressezelt wringe ich anschlie\u00dfend erst einmal meine Kameras aus\u2026 Zum Ende des Gigs gehe ich noch einmal ins Infield und sehe, dass der angek\u00fcndigte \u201especial guest\u201c niemand anderes als Doro Pesch ist, die gemeinsam mit der Band performt. Fotos machen ist nat\u00fcrlich nicht, aber ich werde Doro ja bald auf dem \u201eBaltic:Open:Air\u201c sehen.<\/p>\n<p style=\"text-align: right;\">Fotos:\u00a0<a href=\"mailto:info@rockpixx.com?subject=Fotos%20von%20U.D.O.,%20Wacken%20%E2%80%9EW:O:A%202012%E2%80%9C,%2002.08.2012\">Alex<\/a>\u00a0| Text:\u00a0<a href=\"mailto:info@rockpixx.com?subject=Reviewtext%20von%20U.D.O.,%20Wacken%20%E2%80%9EW:O:A%202012%E2%80%9C,%2002.08.2012\">Alex<\/a><\/p>\n<p>&nbsp;<\/p>\n<p>[slideshow id=206]<\/p>\n","protected":false},"excerpt":{"rendered":"<p>Udo Dirkschneider und seine Mannen stehen auf der B\u00fchne und zum ersten (und gl\u00fccklicherweise einzigen) <a href=\"http:\/\/www.rockpixx.com\/wordpress\/u-d-o-02-08-2012-wacken-woa-2012\/\">Read more<\/a><\/p>\n","protected":false},"author":2,"featured_media":8898,"comment_status":"open","ping_status":"open","sticky":false,"template":"","format":"standard","meta":{"_jetpack_memberships_contains_paid_content":false,"footnotes":"","jetpack_publicize_message":"","jetpack_publicize_feature_enabled":true,"jetpack_social_post_already_shared":true,"jetpack_social_options":{"image_generator_settings":{"template":"highway","default_image_id":0,"font":"","enabled":false},"version":2}},"categories":[34,270],"tags":[1759,133,1760,883,2061,885],"class_list":["post-8923","post","type-post","status-publish","format-standard","has-post-thumbnail","hentry","category-acts","category-u-d-o","tag-1759","tag-festivals","tag-u-d-o","tag-woa","tag-wacken","tag-wacken-open-air"],"aioseo_notices":[],"jetpack_publicize_connections":[],"jetpack_featured_media_url":"http:\/\/www.rockpixx.com\/wordpress\/wp-content\/uploads\/2013\/02\/20120802-06-udo-Artikel.jpg","jetpack-related-posts":[{"id":15994,"url":"http:\/\/www.rockpixx.com\/wordpress\/accept-31-07-2014-wacken-woa-2014\/","url_meta":{"origin":8923,"position":0},"title":"Accept, 31.07.2014, Wacken, W:O:A 2014","author":"admin","date":"1. August 2014","format":false,"excerpt":"Der letzte Act an diesem ersten Tag ist f\u00fcr mich deutsches Metal-Urgestein aus Solingen. Nein, keine Messer mit feinen Klingen, sondern \u201eAccept\u201c stehen auf der True Metal Stage. Manchmal dauert alles etwas l\u00e4nger. 2005 hatte ich bereits eine \u201eAccept\u201c-Tributeband fotografiert: \u2192 \u201eAxxept\u201c im Nepomuk in Altenkunstadt. Nun stehen also endlich\u2026","rel":"","context":"In &quot;Accept&quot;","block_context":{"text":"Accept","link":"http:\/\/www.rockpixx.com\/wordpress\/category\/acts\/accept\/"},"img":{"alt_text":"Accept, 31.07.2014, Wacken, Wacken Open Air","src":"https:\/\/i0.wp.com\/www.rockpixx.com\/wordpress\/wp-content\/uploads\/2014\/08\/20140731-06-079_accept_Artikel1.jpg?resize=350%2C200","width":350,"height":200,"srcset":"https:\/\/i0.wp.com\/www.rockpixx.com\/wordpress\/wp-content\/uploads\/2014\/08\/20140731-06-079_accept_Artikel1.jpg?resize=350%2C200 1x, https:\/\/i0.wp.com\/www.rockpixx.com\/wordpress\/wp-content\/uploads\/2014\/08\/20140731-06-079_accept_Artikel1.jpg?resize=525%2C300 1.5x, https:\/\/i0.wp.com\/www.rockpixx.com\/wordpress\/wp-content\/uploads\/2014\/08\/20140731-06-079_accept_Artikel1.jpg?resize=700%2C400 2x"},"classes":[]},{"id":11965,"url":"http:\/\/www.rockpixx.com\/wordpress\/doro-02-08-2013-wacken-woa-2013\/","url_meta":{"origin":8923,"position":1},"title":"Doro, 02.08.2013, Wacken, W:O:A 2013","author":"Anja","date":"6. August 2013","format":false,"excerpt":"Doro Pesch komponiert ja nicht nur die Hymnen f\u00fcr Ihre Freundin die Boxerin Regina Halmich, sondern ist nat\u00fcrlich auch so etwas wie die \u201eMetal-Queen\u201c in der gesamten Szene. In diesem Jahr begeht sie ihr 30-j\u00e4hriges B\u00fchnenjubil\u00e4um und so etwas will nat\u00fcrlich standesgem\u00e4\u00df in Wacken zelebriert werden. Also st\u00fcrmt sie nach\u2026","rel":"","context":"In &quot;Acts&quot;","block_context":{"text":"Acts","link":"http:\/\/www.rockpixx.com\/wordpress\/category\/acts\/"},"img":{"alt_text":"","src":"https:\/\/i0.wp.com\/www.rockpixx.com\/wordpress\/wp-content\/uploads\/2013\/08\/20130802-06-387_doro.jpg?resize=350%2C200","width":350,"height":200,"srcset":"https:\/\/i0.wp.com\/www.rockpixx.com\/wordpress\/wp-content\/uploads\/2013\/08\/20130802-06-387_doro.jpg?resize=350%2C200 1x, https:\/\/i0.wp.com\/www.rockpixx.com\/wordpress\/wp-content\/uploads\/2013\/08\/20130802-06-387_doro.jpg?resize=525%2C300 1.5x, https:\/\/i0.wp.com\/www.rockpixx.com\/wordpress\/wp-content\/uploads\/2013\/08\/20130802-06-387_doro.jpg?resize=700%2C400 2x"},"classes":[]},{"id":16425,"url":"http:\/\/www.rockpixx.com\/wordpress\/woa-2014-ein-fazit-zum-25-jubilaeum\/","url_meta":{"origin":8923,"position":2},"title":"W:O:A 2014 \u2013 Ein Fazit zum 25. Jubil\u00e4um","author":"admin","date":"5. August 2014","format":false,"excerpt":"Das war jetzt also mein drittes W:O:A als Fotograf mit Pitpass in Folge.\u00a0\u00a0Zeit, mit ein paar Tagen Abstand ein pers\u00f6nliches Fazit zu den Arbeitsbedingungen zu ziehen. Mit diesem Hintergrund seien die folgenden Anmerkungen auch zu verstehen. Ich kann also nicht auf Erfahrungen zur\u00fcckgreifen, wie toll das alles zu den Zeiten\u2026","rel":"","context":"In &quot;2014&quot;","block_context":{"text":"2014","link":"http:\/\/www.rockpixx.com\/wordpress\/category\/backstage\/2014\/"},"img":{"alt_text":"Impressionen, 31.07.2014, Wacken Open Air, Wacken","src":"https:\/\/i0.wp.com\/www.rockpixx.com\/wordpress\/wp-content\/uploads\/2014\/08\/20140731-00-019.jpg?resize=350%2C200","width":350,"height":200,"srcset":"https:\/\/i0.wp.com\/www.rockpixx.com\/wordpress\/wp-content\/uploads\/2014\/08\/20140731-00-019.jpg?resize=350%2C200 1x, https:\/\/i0.wp.com\/www.rockpixx.com\/wordpress\/wp-content\/uploads\/2014\/08\/20140731-00-019.jpg?resize=525%2C300 1.5x, https:\/\/i0.wp.com\/www.rockpixx.com\/wordpress\/wp-content\/uploads\/2014\/08\/20140731-00-019.jpg?resize=700%2C400 2x"},"classes":[]},{"id":16090,"url":"http:\/\/www.rockpixx.com\/wordpress\/kreator-02-08-2014-wacken-woa-2014\/","url_meta":{"origin":8923,"position":3},"title":"Kreator, 02.08.2014, Wacken, W:O:A 2014","author":"Anja","date":"3. August 2014","format":false,"excerpt":"Ok, auf zum Endspurt! Als letzte Band des diesj\u00e4hrigen W:O:A steht f\u00fcr mich \u201eKreator\u201c auf der Black Stage an. Vorab: Es ist relativ dunkel und die (mitunter extremen) Lichtverh\u00e4ltnisse wechseln schneller, als das Auge es erfassen kann. Und nicht zum ersten Mal an diesen drei Tagen w\u00fcnsche ich mir \u201eintelligente\u2026","rel":"","context":"In &quot;Acts&quot;","block_context":{"text":"Acts","link":"http:\/\/www.rockpixx.com\/wordpress\/category\/acts\/"},"img":{"alt_text":"Kreator, 02.08.2014, Wacken, Wacken Open Air 2014","src":"https:\/\/i0.wp.com\/www.rockpixx.com\/wordpress\/wp-content\/uploads\/2014\/08\/20140802-07-196.jpg?resize=350%2C200","width":350,"height":200,"srcset":"https:\/\/i0.wp.com\/www.rockpixx.com\/wordpress\/wp-content\/uploads\/2014\/08\/20140802-07-196.jpg?resize=350%2C200 1x, https:\/\/i0.wp.com\/www.rockpixx.com\/wordpress\/wp-content\/uploads\/2014\/08\/20140802-07-196.jpg?resize=525%2C300 1.5x, https:\/\/i0.wp.com\/www.rockpixx.com\/wordpress\/wp-content\/uploads\/2014\/08\/20140802-07-196.jpg?resize=700%2C400 2x"},"classes":[]},{"id":15991,"url":"http:\/\/www.rockpixx.com\/wordpress\/saxon-31-07-2014-wacken-woa-2014\/","url_meta":{"origin":8923,"position":4},"title":"Saxon, 31.07.2014, Wacken, W:O:A 2014","author":"admin","date":"1. August 2014","format":false,"excerpt":"\u2192 \u201eSaxon\u201c sind sowohl bei uns als auch auf dem W:O:A Wiederholungst\u00e4ter. Insofern freute ich mich, die britischen Urgesteine des Heavy Metal wiederzusehen. Der Auftritt verz\u00f6gert sich leider um knapp 15 Minuten, weil \u2013 unplangem\u00e4\u00df zwei Zauberk\u00fcnstler auf der True Metal Stage sich noch ein wenig produzieren m\u00fcssen. Das Resultat\u2026","rel":"","context":"In &quot;Acts&quot;","block_context":{"text":"Acts","link":"http:\/\/www.rockpixx.com\/wordpress\/category\/acts\/"},"img":{"alt_text":"Saxon, 31.07.2014, Wacken, Wacken Open Air","src":"https:\/\/i0.wp.com\/www.rockpixx.com\/wordpress\/wp-content\/uploads\/2014\/08\/20140731-05-078_saxon_Artikel.jpg?resize=350%2C200","width":350,"height":200,"srcset":"https:\/\/i0.wp.com\/www.rockpixx.com\/wordpress\/wp-content\/uploads\/2014\/08\/20140731-05-078_saxon_Artikel.jpg?resize=350%2C200 1x, https:\/\/i0.wp.com\/www.rockpixx.com\/wordpress\/wp-content\/uploads\/2014\/08\/20140731-05-078_saxon_Artikel.jpg?resize=525%2C300 1.5x, https:\/\/i0.wp.com\/www.rockpixx.com\/wordpress\/wp-content\/uploads\/2014\/08\/20140731-05-078_saxon_Artikel.jpg?resize=700%2C400 2x"},"classes":[]},{"id":8892,"url":"http:\/\/www.rockpixx.com\/wordpress\/russkaja-02-08-2012-wacken-woa-2012\/","url_meta":{"origin":8923,"position":5},"title":"Russkaja, 02.08.2012, Wacken, W:O:A 2012","author":"Anja","date":"2. August 2012","format":false,"excerpt":"\u201eWacken 2012\u201c \u2026f\u00e4ngt f\u00fcr mich am Donnerstagmorgen gegen kurz nach 11:00 Uhr vor der \u201eW.E.T Stage\u201c an. Eine Weile brauche ich schon, bis ich diese B\u00fchne finde, aber dann leiten mich unverkennbare Kl\u00e4nge in die richtige Richtung. Zur optischen Hilfe wird vom S\u00e4nger auf der B\u00fchne noch eine gro\u00dfe rote\u2026","rel":"","context":"In &quot;Acts&quot;","block_context":{"text":"Acts","link":"http:\/\/www.rockpixx.com\/wordpress\/category\/acts\/"},"img":{"alt_text":"Russkaja, 02.08.2012, Wacken, W:O:A 2012","src":"https:\/\/i0.wp.com\/www.rockpixx.com\/wordpress\/wp-content\/uploads\/2013\/02\/20120802-01-russkaja-Artikel.jpg?resize=350%2C200","width":350,"height":200,"srcset":"https:\/\/i0.wp.com\/www.rockpixx.com\/wordpress\/wp-content\/uploads\/2013\/02\/20120802-01-russkaja-Artikel.jpg?resize=350%2C200 1x, https:\/\/i0.wp.com\/www.rockpixx.com\/wordpress\/wp-content\/uploads\/2013\/02\/20120802-01-russkaja-Artikel.jpg?resize=525%2C300 1.5x, https:\/\/i0.wp.com\/www.rockpixx.com\/wordpress\/wp-content\/uploads\/2013\/02\/20120802-01-russkaja-Artikel.jpg?resize=700%2C400 2x"},"classes":[]}],"jetpack_sharing_enabled":true,"publishpress_future_action":{"enabled":false,"date":"2026-05-08 21:39:36","action":"change-status","newStatus":"draft","terms":[],"taxonomy":"category","extraData":[]},"publishpress_future_workflow_manual_trigger":{"enabledWorkflows":[]},"_links":{"self":[{"href":"http:\/\/www.rockpixx.com\/wordpress\/wp-json\/wp\/v2\/posts\/8923","targetHints":{"allow":["GET"]}}],"collection":[{"href":"http:\/\/www.rockpixx.com\/wordpress\/wp-json\/wp\/v2\/posts"}],"about":[{"href":"http:\/\/www.rockpixx.com\/wordpress\/wp-json\/wp\/v2\/types\/post"}],"author":[{"embeddable":true,"href":"http:\/\/www.rockpixx.com\/wordpress\/wp-json\/wp\/v2\/users\/2"}],"replies":[{"embeddable":true,"href":"http:\/\/www.rockpixx.com\/wordpress\/wp-json\/wp\/v2\/comments?post=8923"}],"version-history":[{"count":0,"href":"http:\/\/www.rockpixx.com\/wordpress\/wp-json\/wp\/v2\/posts\/8923\/revisions"}],"wp:featuredmedia":[{"embeddable":true,"href":"http:\/\/www.rockpixx.com\/wordpress\/wp-json\/wp\/v2\/media\/8898"}],"wp:attachment":[{"href":"http:\/\/www.rockpixx.com\/wordpress\/wp-json\/wp\/v2\/media?parent=8923"}],"wp:term":[{"taxonomy":"category","embeddable":true,"href":"http:\/\/www.rockpixx.com\/wordpress\/wp-json\/wp\/v2\/categories?post=8923"},{"taxonomy":"post_tag","embeddable":true,"href":"http:\/\/www.rockpixx.com\/wordpress\/wp-json\/wp\/v2\/tags?post=8923"}],"curies":[{"name":"wp","href":"https:\/\/api.w.org\/{rel}","templated":true}]}}