{"id":8991,"date":"2012-09-01T01:00:28","date_gmt":"2012-09-01T00:00:28","guid":{"rendered":"http:\/\/rockpixx.com\/wordpress\/?p=8991"},"modified":"2013-02-13T11:55:04","modified_gmt":"2013-02-13T10:55:04","slug":"piece-road-57-01-09-2012-missunde-5-missunder-rocknacht","status":"publish","type":"post","link":"http:\/\/www.rockpixx.com\/wordpress\/piece-road-57-01-09-2012-missunde-5-missunder-rocknacht\/","title":{"rendered":"Piece Road 57, 01.09.2012, Missunde, 5. Missunder Rocknacht"},"content":{"rendered":"<p>Nach W:O:A und dem Deichbrandfestival genie\u00dfen wir es heute mal wieder, vor einer \u201ekleineren\u201c B\u00fchne zu fotografieren. Begr\u00fc\u00dft werden wir ganz lieb von Niels Nissen, den wir dann sp\u00e4ter noch auf der B\u00fchne erleben d\u00fcrfen und Thomas Jacobs \u2013 die beiden veranstalten die \u201eMissunder Rocknacht\u201c bereits in der 5. Auflage.<!--more--><\/p>\n<p>Den Abend er\u00f6ffnen \u201ePiece Road 57\u201c mit einem Repertoire an Liedern, die viele schon als Oldies bezeichnen w\u00fcrden. Mir pers\u00f6nlich gefallen diese Lieder wie <em>\u201eLocomotive Breath\u201c<\/em> von \u201eJethro Tull\u201c deswegen so gut, weil sie einfach zeitlos gut sind und man sie immer wieder gerne h\u00f6rt. Viel zu schnell geht die Zeit rum und \u201ePiece Road 57\u201c m\u00fcssen die B\u00fchne f\u00fcr den n\u00e4chsten Act \u201eUP TO YOU\u201c r\u00e4umen. Auch so eine kleine Veranstaltung hat einen straffen Zeitplan.<\/p>\n<p style=\"text-align: right;\">Fotos:\u00a0<a href=\"mailto:info@rockpixx.com?subject=Fotos%20von%20Piece%20Road%2057,%20Missunde%20%E2%80%9EAn%20de%20Wees%E2%80%9C,%2001.09.2012\">Alex<\/a>,\u00a0<a href=\"mailto:a.roselt@rockpixx.com?subject=Fotos%20von%20Piece%20Road%2057,%20Missunde%20%E2%80%9EAn%20de%20Wees%E2%80%9C,%2001.09.2012\">Anja<\/a>\u00a0| Text:\u00a0<a href=\"mailto:a.roselt@rockpixx.com?subject=Reviewtext%20von%20Piece%20Road%2057,%20Missunde%20%E2%80%9EAn%20de%20Wees%E2%80%9C,%2001.09.2012\">Anja<\/a><\/p>\n<p>&nbsp;<\/p>\n<p>[slideshow id=219]<\/p>\n","protected":false},"excerpt":{"rendered":"<p>Nach W:O:A und dem Deichbrandfestival genie\u00dfen wir es heute mal wieder, vor einer \u201ekleineren\u201c B\u00fchne <a href=\"http:\/\/www.rockpixx.com\/wordpress\/piece-road-57-01-09-2012-missunde-5-missunder-rocknacht\/\">Read more<\/a><\/p>\n","protected":false},"author":2,"featured_media":8964,"comment_status":"open","ping_status":"open","sticky":false,"template":"","format":"standard","meta":{"_jetpack_memberships_contains_paid_content":false,"footnotes":"","jetpack_publicize_message":"","jetpack_publicize_feature_enabled":true,"jetpack_social_post_already_shared":true,"jetpack_social_options":{"image_generator_settings":{"template":"highway","default_image_id":0,"font":"","enabled":false},"version":2}},"categories":[34,697],"tags":[1759,893,894,2048],"class_list":["post-8991","post","type-post","status-publish","format-standard","has-post-thumbnail","hentry","category-acts","category-piece-road-57","tag-1759","tag-missunde","tag-missunder-rocknacht","tag-piece-road-57"],"aioseo_notices":[],"jetpack_publicize_connections":[],"jetpack_featured_media_url":"http:\/\/www.rockpixx.com\/wordpress\/wp-content\/uploads\/2013\/02\/20120901-01-piece-road-57-Artikel.jpg","jetpack-related-posts":[{"id":16740,"url":"http:\/\/www.rockpixx.com\/wordpress\/up-to-you-06-09-2014-missunder-rocknacht-2014\/","url_meta":{"origin":8991,"position":0},"title":"UP TO YOU, 06.09.2014, Missunder Rocknacht 2014","author":"Anja","date":"13. September 2014","format":false,"excerpt":"Den Abschlu\u00df der Missunder Rocknacht bilden die Gastgeber von \u201eUP TO YOU\u201c. Zum \u2192 dritten Mal erleben wir die Musiker um Nils Nissen auf der B\u00fchne und sind auch diesmal wieder von der B\u00fchnenpr\u00e4senz begeistert. Sie rei\u00dfen \u2013 egal ob auf einer kleineren B\u00fchne wie hier auf der Missunder Rocknacht\u2026","rel":"","context":"In &quot;Acts&quot;","block_context":{"text":"Acts","link":"http:\/\/www.rockpixx.com\/wordpress\/category\/acts\/"},"img":{"alt_text":"Up to You, 06.09.2014, Missunde, Missunder Rocknacht 2014","src":"https:\/\/i0.wp.com\/www.rockpixx.com\/wordpress\/wp-content\/uploads\/2014\/09\/20140906-03-107.jpg?resize=350%2C200","width":350,"height":200,"srcset":"https:\/\/i0.wp.com\/www.rockpixx.com\/wordpress\/wp-content\/uploads\/2014\/09\/20140906-03-107.jpg?resize=350%2C200 1x, https:\/\/i0.wp.com\/www.rockpixx.com\/wordpress\/wp-content\/uploads\/2014\/09\/20140906-03-107.jpg?resize=525%2C300 1.5x, https:\/\/i0.wp.com\/www.rockpixx.com\/wordpress\/wp-content\/uploads\/2014\/09\/20140906-03-107.jpg?resize=700%2C400 2x"},"classes":[]},{"id":16738,"url":"http:\/\/www.rockpixx.com\/wordpress\/knock-on-wood-06-09-2014-missunder-rocknacht-2014\/","url_meta":{"origin":8991,"position":1},"title":"Knock on Wood, 06.09.2014, Missunder Rocknacht 2014","author":"Anja","date":"13. September 2014","format":false,"excerpt":"Der Festivalsommer geht dem Ende entgegen und es entwickelt sich zu einer sch\u00f6nen Tradition, diesen mit der Missunder Rocknacht ausklingen zu lassen. Einer kleinen aber feinen Open Air Veranstaltung direkt an den Ufern der Schlei, die sich dieses Jahr zum 6. Mal j\u00e4hrt. Zu Beginn der Rocknacht zogen dunkle Wolken\u2026","rel":"","context":"In &quot;Acts&quot;","block_context":{"text":"Acts","link":"http:\/\/www.rockpixx.com\/wordpress\/category\/acts\/"},"img":{"alt_text":"Knock on Wood, 06.09.2014, Missunde, Missunder Rocknacht 2014","src":"https:\/\/i0.wp.com\/www.rockpixx.com\/wordpress\/wp-content\/uploads\/2014\/09\/20140906-02-028.jpg?resize=350%2C200","width":350,"height":200,"srcset":"https:\/\/i0.wp.com\/www.rockpixx.com\/wordpress\/wp-content\/uploads\/2014\/09\/20140906-02-028.jpg?resize=350%2C200 1x, https:\/\/i0.wp.com\/www.rockpixx.com\/wordpress\/wp-content\/uploads\/2014\/09\/20140906-02-028.jpg?resize=525%2C300 1.5x, https:\/\/i0.wp.com\/www.rockpixx.com\/wordpress\/wp-content\/uploads\/2014\/09\/20140906-02-028.jpg?resize=700%2C400 2x"},"classes":[]},{"id":8999,"url":"http:\/\/www.rockpixx.com\/wordpress\/ohrenfeindt-01-09-2012-missunde-5-missunder-rocknacht\/","url_meta":{"origin":8991,"position":2},"title":"Ohrenfeindt, 01.09.2012, Missunde, 5. Missunder Rocknacht","author":"Anja","date":"1. September 2012","format":false,"excerpt":"\u201eOhrenfeindt\u201c\u2026 das zweite Mal vor unseren Kameras. Aufgefallen ist mir das sehr originelle Intro \u2013 \u00e1 la Tatort. Dies l\u00e4sst auch schon die Portion Schwarzen Humors erkennen, die sich in den Texten von \u201eOhrenfeindt\u201c wiederspiegelt.\u00a0 Der niedrigen B\u00fchne mit ihrem \u201etiefergelegten\u201c Dach fiel leider diesmal das ausdrucksstarke Posen von Chris\u2026","rel":"","context":"In &quot;Acts&quot;","block_context":{"text":"Acts","link":"http:\/\/www.rockpixx.com\/wordpress\/category\/acts\/"},"img":{"alt_text":"Ohrenfeindt, 01.09.2012, Missunde, 5. Missunder Rocknacht","src":"https:\/\/i0.wp.com\/www.rockpixx.com\/wordpress\/wp-content\/uploads\/2013\/02\/20120901-03-ohrenfeindt-Artikel.jpg?resize=350%2C200","width":350,"height":200,"srcset":"https:\/\/i0.wp.com\/www.rockpixx.com\/wordpress\/wp-content\/uploads\/2013\/02\/20120901-03-ohrenfeindt-Artikel.jpg?resize=350%2C200 1x, https:\/\/i0.wp.com\/www.rockpixx.com\/wordpress\/wp-content\/uploads\/2013\/02\/20120901-03-ohrenfeindt-Artikel.jpg?resize=525%2C300 1.5x, https:\/\/i0.wp.com\/www.rockpixx.com\/wordpress\/wp-content\/uploads\/2013\/02\/20120901-03-ohrenfeindt-Artikel.jpg?resize=700%2C400 2x"},"classes":[]},{"id":8995,"url":"http:\/\/www.rockpixx.com\/wordpress\/up-to-you-01-09-2012-missunde-5-missunder-rocknacht\/","url_meta":{"origin":8991,"position":3},"title":"UP TO YOU, 01.09.2012, Missunde, 5. Missunder Rocknacht","author":"Anja","date":"1. September 2012","format":false,"excerpt":"\u201eUP TO YOU\u201c sind sozusagen die Local Heros der \u201eMissunder Rocknacht\u201c, denn hier steht mit Niels Nissen einer der Veranstalter am Mikro und \u201eklampft\u201c den Bass. Wobei \u201eklampfen\u201c eigentlich nicht das ausdr\u00fcckt, was wir auf der B\u00fchne erleben. Guter deutschsprachiger Metal-Rock \u2013 bei dem man eine Melodie in den Liedern\u2026","rel":"","context":"In &quot;Acts&quot;","block_context":{"text":"Acts","link":"http:\/\/www.rockpixx.com\/wordpress\/category\/acts\/"},"img":{"alt_text":"UP TO YOU, 01.09.2012, Missunde, 5. Missunder Rocknacht","src":"https:\/\/i0.wp.com\/www.rockpixx.com\/wordpress\/wp-content\/uploads\/2013\/02\/20120901-02-up-to-you-Artikel.jpg?resize=350%2C200","width":350,"height":200,"srcset":"https:\/\/i0.wp.com\/www.rockpixx.com\/wordpress\/wp-content\/uploads\/2013\/02\/20120901-02-up-to-you-Artikel.jpg?resize=350%2C200 1x, https:\/\/i0.wp.com\/www.rockpixx.com\/wordpress\/wp-content\/uploads\/2013\/02\/20120901-02-up-to-you-Artikel.jpg?resize=525%2C300 1.5x, https:\/\/i0.wp.com\/www.rockpixx.com\/wordpress\/wp-content\/uploads\/2013\/02\/20120901-02-up-to-you-Artikel.jpg?resize=700%2C400 2x"},"classes":[]},{"id":16562,"url":"http:\/\/www.rockpixx.com\/wordpress\/up-to-you-29-08-2014-baltic-open-air-schleswig\/","url_meta":{"origin":8991,"position":4},"title":"UP TO YOU, 29.08.2014, Baltic Open Air, Schleswig","author":"admin","date":"2. September 2014","format":false,"excerpt":"Im Laufe des Sommers freute uns eine Meldung ganz besonders: \u201eUP TO YOU\u201c hatten es ins LineUp des Baltic Open Air geschafft. Nachdem wir diese Band vor zwei Jahren zum ersten Mal bei der \u2192 Missunder Rocknacht kennengelernt hatten, waren wir sehr gespannt darauf, endlich einmal St\u00fccke ihrer zweiten CD\u2026","rel":"","context":"In &quot;Acts&quot;","block_context":{"text":"Acts","link":"http:\/\/www.rockpixx.com\/wordpress\/category\/acts\/"},"img":{"alt_text":"Up to You, 29.08.2014, Baltic Open Air, Schleswig","src":"https:\/\/i0.wp.com\/www.rockpixx.com\/wordpress\/wp-content\/uploads\/2014\/09\/20140829-05-0391.jpg?resize=350%2C200","width":350,"height":200,"srcset":"https:\/\/i0.wp.com\/www.rockpixx.com\/wordpress\/wp-content\/uploads\/2014\/09\/20140829-05-0391.jpg?resize=350%2C200 1x, https:\/\/i0.wp.com\/www.rockpixx.com\/wordpress\/wp-content\/uploads\/2014\/09\/20140829-05-0391.jpg?resize=525%2C300 1.5x, https:\/\/i0.wp.com\/www.rockpixx.com\/wordpress\/wp-content\/uploads\/2014\/09\/20140829-05-0391.jpg?resize=700%2C400 2x"},"classes":[]},{"id":7765,"url":"http:\/\/www.rockpixx.com\/wordpress\/coverdeal-20-06-2011-kiel-maxbuhne\/","url_meta":{"origin":8991,"position":5},"title":"Coverdeal, 20.06.2011, Kiel, MAXB\u00fchne","author":"Anja","date":"20. Juni 2011","format":false,"excerpt":"Der Konzertabend f\u00e4ngt \u2013 wie sollte es auch anders sein \u2013 in unserem \u201eWohnzimmer\u201c auf der MAXB\u00fchne an. Heute Abend stehen ja \u2192\u00a0 \u201eBarock\u201c\u00a0 auf dem Programm aber vorher wird dem Publikum noch ordentlich mit hei\u00dfen Rockkl\u00e4ngen eingeheizt. Die Musiker auf der B\u00fchne h\u00f6ren auf den Namen \u201eCoverdeal\u201c und \u2013\u2026","rel":"","context":"In &quot;Acts&quot;","block_context":{"text":"Acts","link":"http:\/\/www.rockpixx.com\/wordpress\/category\/acts\/"},"img":{"alt_text":"Coverdeal, 20.06.2011, Kiel, MAXB\u00fchne","src":"https:\/\/i0.wp.com\/www.rockpixx.com\/wordpress\/wp-content\/uploads\/2013\/01\/20110620-01-coverdeal-Artikel.jpg?resize=350%2C200","width":350,"height":200,"srcset":"https:\/\/i0.wp.com\/www.rockpixx.com\/wordpress\/wp-content\/uploads\/2013\/01\/20110620-01-coverdeal-Artikel.jpg?resize=350%2C200 1x, https:\/\/i0.wp.com\/www.rockpixx.com\/wordpress\/wp-content\/uploads\/2013\/01\/20110620-01-coverdeal-Artikel.jpg?resize=525%2C300 1.5x, https:\/\/i0.wp.com\/www.rockpixx.com\/wordpress\/wp-content\/uploads\/2013\/01\/20110620-01-coverdeal-Artikel.jpg?resize=700%2C400 2x"},"classes":[]}],"jetpack_sharing_enabled":true,"publishpress_future_action":{"enabled":false,"date":"2026-05-06 12:13:03","action":"change-status","newStatus":"draft","terms":[],"taxonomy":"category","extraData":[]},"publishpress_future_workflow_manual_trigger":{"enabledWorkflows":[]},"_links":{"self":[{"href":"http:\/\/www.rockpixx.com\/wordpress\/wp-json\/wp\/v2\/posts\/8991","targetHints":{"allow":["GET"]}}],"collection":[{"href":"http:\/\/www.rockpixx.com\/wordpress\/wp-json\/wp\/v2\/posts"}],"about":[{"href":"http:\/\/www.rockpixx.com\/wordpress\/wp-json\/wp\/v2\/types\/post"}],"author":[{"embeddable":true,"href":"http:\/\/www.rockpixx.com\/wordpress\/wp-json\/wp\/v2\/users\/2"}],"replies":[{"embeddable":true,"href":"http:\/\/www.rockpixx.com\/wordpress\/wp-json\/wp\/v2\/comments?post=8991"}],"version-history":[{"count":0,"href":"http:\/\/www.rockpixx.com\/wordpress\/wp-json\/wp\/v2\/posts\/8991\/revisions"}],"wp:featuredmedia":[{"embeddable":true,"href":"http:\/\/www.rockpixx.com\/wordpress\/wp-json\/wp\/v2\/media\/8964"}],"wp:attachment":[{"href":"http:\/\/www.rockpixx.com\/wordpress\/wp-json\/wp\/v2\/media?parent=8991"}],"wp:term":[{"taxonomy":"category","embeddable":true,"href":"http:\/\/www.rockpixx.com\/wordpress\/wp-json\/wp\/v2\/categories?post=8991"},{"taxonomy":"post_tag","embeddable":true,"href":"http:\/\/www.rockpixx.com\/wordpress\/wp-json\/wp\/v2\/tags?post=8991"}],"curies":[{"name":"wp","href":"https:\/\/api.w.org\/{rel}","templated":true}]}}