{"id":8999,"date":"2012-09-01T03:00:01","date_gmt":"2012-09-01T02:00:01","guid":{"rendered":"http:\/\/rockpixx.com\/wordpress\/?p=8999"},"modified":"2013-02-13T12:08:42","modified_gmt":"2013-02-13T11:08:42","slug":"ohrenfeindt-01-09-2012-missunde-5-missunder-rocknacht","status":"publish","type":"post","link":"http:\/\/www.rockpixx.com\/wordpress\/ohrenfeindt-01-09-2012-missunde-5-missunder-rocknacht\/","title":{"rendered":"Ohrenfeindt, 01.09.2012, Missunde, 5. Missunder Rocknacht"},"content":{"rendered":"<p>\u201eOhrenfeindt\u201c\u2026 das zweite Mal vor unseren Kameras. Aufgefallen ist mir das sehr originelle Intro \u2013 \u00e1 la Tatort. Dies l\u00e4sst auch schon die Portion Schwarzen Humors erkennen, die sich in den Texten von \u201eOhrenfeindt\u201c wiederspiegelt.\u00a0<!--more--><\/p>\n<p>Der niedrigen B\u00fchne mit ihrem \u201etiefergelegten\u201c Dach fiel leider diesmal das ausdrucksstarke Posen von Chris mit seinem Bass zum Opfer. Aus diesem Grund nehmen wir gerne die Einladung wahr und werden versuchen, die Jungs am 2. Weihnachtsfeiertag in Hamburg abzulichten.<\/p>\n<p>Verwunderlich ist auch, dass die Musiker von \u201eOhrenfeindt\u201c als Hamburger Urgesteine so selten im Norden auf der B\u00fchne stehen. Sollten die s\u00fcddeutschen Veranstalter und Konzertbesucher einen besseren Musikgeschmack als der Norden haben?<\/p>\n<p style=\"text-align: right;\">Fotos:\u00a0<a href=\"mailto:info@rockpixx.com?subject=Fotos%20von%20Ohrenfeindt,%20Missunde%20%E2%80%9EAn%20de%20Wees%E2%80%9C,%2001.09.2012\">Alex<\/a>,\u00a0<a href=\"mailto:a.roselt@rockpixx.com?subject=Fotos%20von%20Ohrenfeindt,%20Missunde%20%E2%80%9EAn%20de%20Wees%E2%80%9C,%2001.09.2012\">Anja<\/a>\u00a0| Text:\u00a0<a href=\"mailto:a.roselt@rockpixx.com?subject=Reviewtext%20von%20Ohrenfeindt,%20Missunde%20%E2%80%9EAn%20de%20Wees%E2%80%9C,%2001.09.2012\">Anja<\/a><\/p>\n<p>&nbsp;<\/p>\n<p>[slideshow id=221]<\/p>\n","protected":false},"excerpt":{"rendered":"<p>\u201eOhrenfeindt\u201c\u2026 das zweite Mal vor unseren Kameras. Aufgefallen ist mir das sehr originelle Intro \u2013 <a href=\"http:\/\/www.rockpixx.com\/wordpress\/ohrenfeindt-01-09-2012-missunde-5-missunder-rocknacht\/\">Read more<\/a><\/p>\n","protected":false},"author":2,"featured_media":8966,"comment_status":"open","ping_status":"open","sticky":false,"template":"","format":"standard","meta":{"_jetpack_memberships_contains_paid_content":false,"footnotes":"","jetpack_publicize_message":"","jetpack_publicize_feature_enabled":true,"jetpack_social_post_already_shared":true,"jetpack_social_options":{"image_generator_settings":{"template":"highway","default_image_id":0,"font":"","enabled":false},"version":2}},"categories":[34,432],"tags":[1759,893,894,1815],"class_list":["post-8999","post","type-post","status-publish","format-standard","has-post-thumbnail","hentry","category-acts","category-ohrenfeindt","tag-1759","tag-missunde","tag-missunder-rocknacht","tag-ohrenfeindt"],"aioseo_notices":[],"jetpack_publicize_connections":[],"jetpack_featured_media_url":"http:\/\/www.rockpixx.com\/wordpress\/wp-content\/uploads\/2013\/02\/20120901-03-ohrenfeindt-Artikel.jpg","jetpack-related-posts":[{"id":8991,"url":"http:\/\/www.rockpixx.com\/wordpress\/piece-road-57-01-09-2012-missunde-5-missunder-rocknacht\/","url_meta":{"origin":8999,"position":0},"title":"Piece Road 57, 01.09.2012, Missunde, 5. Missunder Rocknacht","author":"Anja","date":"1. September 2012","format":false,"excerpt":"Nach W:O:A und dem Deichbrandfestival genie\u00dfen wir es heute mal wieder, vor einer \u201ekleineren\u201c B\u00fchne zu fotografieren. Begr\u00fc\u00dft werden wir ganz lieb von Niels Nissen, den wir dann sp\u00e4ter noch auf der B\u00fchne erleben d\u00fcrfen und Thomas Jacobs \u2013 die beiden veranstalten die \u201eMissunder Rocknacht\u201c bereits in der 5. Auflage.\u2026","rel":"","context":"In &quot;Acts&quot;","block_context":{"text":"Acts","link":"http:\/\/www.rockpixx.com\/wordpress\/category\/acts\/"},"img":{"alt_text":"Piece Road 57, 01.09.2012, Missunde, 5. Missunder Rocknacht","src":"https:\/\/i0.wp.com\/www.rockpixx.com\/wordpress\/wp-content\/uploads\/2013\/02\/20120901-01-piece-road-57-Artikel.jpg?resize=350%2C200","width":350,"height":200,"srcset":"https:\/\/i0.wp.com\/www.rockpixx.com\/wordpress\/wp-content\/uploads\/2013\/02\/20120901-01-piece-road-57-Artikel.jpg?resize=350%2C200 1x, https:\/\/i0.wp.com\/www.rockpixx.com\/wordpress\/wp-content\/uploads\/2013\/02\/20120901-01-piece-road-57-Artikel.jpg?resize=525%2C300 1.5x, https:\/\/i0.wp.com\/www.rockpixx.com\/wordpress\/wp-content\/uploads\/2013\/02\/20120901-01-piece-road-57-Artikel.jpg?resize=700%2C400 2x"},"classes":[]},{"id":16738,"url":"http:\/\/www.rockpixx.com\/wordpress\/knock-on-wood-06-09-2014-missunder-rocknacht-2014\/","url_meta":{"origin":8999,"position":1},"title":"Knock on Wood, 06.09.2014, Missunder Rocknacht 2014","author":"Anja","date":"13. September 2014","format":false,"excerpt":"Der Festivalsommer geht dem Ende entgegen und es entwickelt sich zu einer sch\u00f6nen Tradition, diesen mit der Missunder Rocknacht ausklingen zu lassen. Einer kleinen aber feinen Open Air Veranstaltung direkt an den Ufern der Schlei, die sich dieses Jahr zum 6. Mal j\u00e4hrt. Zu Beginn der Rocknacht zogen dunkle Wolken\u2026","rel":"","context":"In &quot;Acts&quot;","block_context":{"text":"Acts","link":"http:\/\/www.rockpixx.com\/wordpress\/category\/acts\/"},"img":{"alt_text":"Knock on Wood, 06.09.2014, Missunde, Missunder Rocknacht 2014","src":"https:\/\/i0.wp.com\/www.rockpixx.com\/wordpress\/wp-content\/uploads\/2014\/09\/20140906-02-028.jpg?resize=350%2C200","width":350,"height":200,"srcset":"https:\/\/i0.wp.com\/www.rockpixx.com\/wordpress\/wp-content\/uploads\/2014\/09\/20140906-02-028.jpg?resize=350%2C200 1x, https:\/\/i0.wp.com\/www.rockpixx.com\/wordpress\/wp-content\/uploads\/2014\/09\/20140906-02-028.jpg?resize=525%2C300 1.5x, https:\/\/i0.wp.com\/www.rockpixx.com\/wordpress\/wp-content\/uploads\/2014\/09\/20140906-02-028.jpg?resize=700%2C400 2x"},"classes":[]},{"id":4907,"url":"http:\/\/www.rockpixx.com\/wordpress\/ohrenfeindt-21-06-2009-kiel-kieler-woche-musikzelt\/","url_meta":{"origin":8999,"position":2},"title":"Ohrenfeindt, 21.06.2009, Kiel, Kieler Woche Musikzelt","author":"Anja","date":"21. Juni 2009","format":false,"excerpt":"\u201e\u2026 mei o mei!\u201c w\u00fcrden jetzt unsere bayrischen Nachbarn sagen, die Jungs machen ihrem Namen alle Ehre. Ich stand im Graben und hatte trotz der obligatorischen Ohrenst\u00f6psel das Gef\u00fchl, gleich taub zu werden, was aber nur an der Lautst\u00e4rke lag, denn die Mucke war Klasse. Die drei Musiker lieferten auch\u2026","rel":"","context":"In &quot;Acts&quot;","block_context":{"text":"Acts","link":"http:\/\/www.rockpixx.com\/wordpress\/category\/acts\/"},"img":{"alt_text":"Ohrenfeindt, 21.06.2009, Kiel, Kieler Woche Musikzelt","src":"https:\/\/i0.wp.com\/www.rockpixx.com\/wordpress\/wp-content\/uploads\/2013\/01\/20090621-03-ohrenfeindt-Artikel.jpg?resize=350%2C200","width":350,"height":200,"srcset":"https:\/\/i0.wp.com\/www.rockpixx.com\/wordpress\/wp-content\/uploads\/2013\/01\/20090621-03-ohrenfeindt-Artikel.jpg?resize=350%2C200 1x, https:\/\/i0.wp.com\/www.rockpixx.com\/wordpress\/wp-content\/uploads\/2013\/01\/20090621-03-ohrenfeindt-Artikel.jpg?resize=525%2C300 1.5x, https:\/\/i0.wp.com\/www.rockpixx.com\/wordpress\/wp-content\/uploads\/2013\/01\/20090621-03-ohrenfeindt-Artikel.jpg?resize=700%2C400 2x"},"classes":[]},{"id":8995,"url":"http:\/\/www.rockpixx.com\/wordpress\/up-to-you-01-09-2012-missunde-5-missunder-rocknacht\/","url_meta":{"origin":8999,"position":3},"title":"UP TO YOU, 01.09.2012, Missunde, 5. Missunder Rocknacht","author":"Anja","date":"1. September 2012","format":false,"excerpt":"\u201eUP TO YOU\u201c sind sozusagen die Local Heros der \u201eMissunder Rocknacht\u201c, denn hier steht mit Niels Nissen einer der Veranstalter am Mikro und \u201eklampft\u201c den Bass. Wobei \u201eklampfen\u201c eigentlich nicht das ausdr\u00fcckt, was wir auf der B\u00fchne erleben. Guter deutschsprachiger Metal-Rock \u2013 bei dem man eine Melodie in den Liedern\u2026","rel":"","context":"In &quot;Acts&quot;","block_context":{"text":"Acts","link":"http:\/\/www.rockpixx.com\/wordpress\/category\/acts\/"},"img":{"alt_text":"UP TO YOU, 01.09.2012, Missunde, 5. Missunder Rocknacht","src":"https:\/\/i0.wp.com\/www.rockpixx.com\/wordpress\/wp-content\/uploads\/2013\/02\/20120901-02-up-to-you-Artikel.jpg?resize=350%2C200","width":350,"height":200,"srcset":"https:\/\/i0.wp.com\/www.rockpixx.com\/wordpress\/wp-content\/uploads\/2013\/02\/20120901-02-up-to-you-Artikel.jpg?resize=350%2C200 1x, https:\/\/i0.wp.com\/www.rockpixx.com\/wordpress\/wp-content\/uploads\/2013\/02\/20120901-02-up-to-you-Artikel.jpg?resize=525%2C300 1.5x, https:\/\/i0.wp.com\/www.rockpixx.com\/wordpress\/wp-content\/uploads\/2013\/02\/20120901-02-up-to-you-Artikel.jpg?resize=700%2C400 2x"},"classes":[]},{"id":16740,"url":"http:\/\/www.rockpixx.com\/wordpress\/up-to-you-06-09-2014-missunder-rocknacht-2014\/","url_meta":{"origin":8999,"position":4},"title":"UP TO YOU, 06.09.2014, Missunder Rocknacht 2014","author":"Anja","date":"13. September 2014","format":false,"excerpt":"Den Abschlu\u00df der Missunder Rocknacht bilden die Gastgeber von \u201eUP TO YOU\u201c. Zum \u2192 dritten Mal erleben wir die Musiker um Nils Nissen auf der B\u00fchne und sind auch diesmal wieder von der B\u00fchnenpr\u00e4senz begeistert. Sie rei\u00dfen \u2013 egal ob auf einer kleineren B\u00fchne wie hier auf der Missunder Rocknacht\u2026","rel":"","context":"In &quot;Acts&quot;","block_context":{"text":"Acts","link":"http:\/\/www.rockpixx.com\/wordpress\/category\/acts\/"},"img":{"alt_text":"Up to You, 06.09.2014, Missunde, Missunder Rocknacht 2014","src":"https:\/\/i0.wp.com\/www.rockpixx.com\/wordpress\/wp-content\/uploads\/2014\/09\/20140906-03-107.jpg?resize=350%2C200","width":350,"height":200,"srcset":"https:\/\/i0.wp.com\/www.rockpixx.com\/wordpress\/wp-content\/uploads\/2014\/09\/20140906-03-107.jpg?resize=350%2C200 1x, https:\/\/i0.wp.com\/www.rockpixx.com\/wordpress\/wp-content\/uploads\/2014\/09\/20140906-03-107.jpg?resize=525%2C300 1.5x, https:\/\/i0.wp.com\/www.rockpixx.com\/wordpress\/wp-content\/uploads\/2014\/09\/20140906-03-107.jpg?resize=700%2C400 2x"},"classes":[]},{"id":4877,"url":"http:\/\/www.rockpixx.com\/wordpress\/5vor12-21-06-2009-kiel-schankwerk-buhne\/","url_meta":{"origin":8999,"position":5},"title":"5vor12, 21.06.2009, Kiel, Schankwerk-B\u00fchne","author":"Anja","date":"21. Juni 2009","format":false,"excerpt":"Vor meinen eigentlich geplanten Konzerten hatte ich noch etwas Zeit und so schlenderte ich zur B\u00fchne vom Schankwerk. Dort spielten trotz der wenigen Zuschauer die Jungs von \u201e5vor12\u201c mit Enthusiasmus und voller Freude. Die Jungs haben in ihren Liedern eing\u00e4ngige Musik mit zum Teil sozialkritischen Texten sehr gut verbunden, so\u2026","rel":"","context":"In &quot;5vor12&quot;","block_context":{"text":"5vor12","link":"http:\/\/www.rockpixx.com\/wordpress\/category\/acts\/5vor12\/"},"img":{"alt_text":"5vor12, 21.06.2009, Kiel, Schankwerk-B\u00fchne","src":"https:\/\/i0.wp.com\/www.rockpixx.com\/wordpress\/wp-content\/uploads\/2013\/01\/20090621-01-5vor12-Artikel.jpg?resize=350%2C200","width":350,"height":200,"srcset":"https:\/\/i0.wp.com\/www.rockpixx.com\/wordpress\/wp-content\/uploads\/2013\/01\/20090621-01-5vor12-Artikel.jpg?resize=350%2C200 1x, https:\/\/i0.wp.com\/www.rockpixx.com\/wordpress\/wp-content\/uploads\/2013\/01\/20090621-01-5vor12-Artikel.jpg?resize=525%2C300 1.5x, https:\/\/i0.wp.com\/www.rockpixx.com\/wordpress\/wp-content\/uploads\/2013\/01\/20090621-01-5vor12-Artikel.jpg?resize=700%2C400 2x"},"classes":[]}],"jetpack_sharing_enabled":true,"publishpress_future_action":{"enabled":false,"date":"2026-05-06 19:06:56","action":"change-status","newStatus":"draft","terms":[],"taxonomy":"category","extraData":[]},"publishpress_future_workflow_manual_trigger":{"enabledWorkflows":[]},"_links":{"self":[{"href":"http:\/\/www.rockpixx.com\/wordpress\/wp-json\/wp\/v2\/posts\/8999","targetHints":{"allow":["GET"]}}],"collection":[{"href":"http:\/\/www.rockpixx.com\/wordpress\/wp-json\/wp\/v2\/posts"}],"about":[{"href":"http:\/\/www.rockpixx.com\/wordpress\/wp-json\/wp\/v2\/types\/post"}],"author":[{"embeddable":true,"href":"http:\/\/www.rockpixx.com\/wordpress\/wp-json\/wp\/v2\/users\/2"}],"replies":[{"embeddable":true,"href":"http:\/\/www.rockpixx.com\/wordpress\/wp-json\/wp\/v2\/comments?post=8999"}],"version-history":[{"count":0,"href":"http:\/\/www.rockpixx.com\/wordpress\/wp-json\/wp\/v2\/posts\/8999\/revisions"}],"wp:featuredmedia":[{"embeddable":true,"href":"http:\/\/www.rockpixx.com\/wordpress\/wp-json\/wp\/v2\/media\/8966"}],"wp:attachment":[{"href":"http:\/\/www.rockpixx.com\/wordpress\/wp-json\/wp\/v2\/media?parent=8999"}],"wp:term":[{"taxonomy":"category","embeddable":true,"href":"http:\/\/www.rockpixx.com\/wordpress\/wp-json\/wp\/v2\/categories?post=8999"},{"taxonomy":"post_tag","embeddable":true,"href":"http:\/\/www.rockpixx.com\/wordpress\/wp-json\/wp\/v2\/tags?post=8999"}],"curies":[{"name":"wp","href":"https:\/\/api.w.org\/{rel}","templated":true}]}}