{"id":9026,"date":"2012-09-08T05:00:52","date_gmt":"2012-09-08T04:00:52","guid":{"rendered":"http:\/\/rockpixx.com\/wordpress\/?p=9026"},"modified":"2013-02-13T13:10:20","modified_gmt":"2013-02-13T12:10:20","slug":"doro-08-09-2012-schleswig-boa-2012","status":"publish","type":"post","link":"http:\/\/www.rockpixx.com\/wordpress\/doro-08-09-2012-schleswig-boa-2012\/","title":{"rendered":"Doro, 08.09.2012, Schleswig, B:O:A 2012"},"content":{"rendered":"<p>Und endlich hat es auch mit \u201eDoro\u201c geklappt. Beim diesj\u00e4hrigen \u201eDeichbrand-Festival\u201c fiel sie der mehrst\u00fcndigen Wartezeit an der Elbf\u00e4hre zum Opfer und in Wacken stand sie erst nach dem 3. Song von \u2192\u00a0<a title=\"U.D.O., 02.08.2012, Wacken, W:O:A 2012\" href=\"http:\/\/rockpixx.com\/wordpress\/?p=8923\">\u201eU.D.O.\u201c<\/a> mit ihm auf der B\u00fchne.<!--more--><\/p>\n<p>Egal, nun rockte sie kr\u00e4ftig vor unseren Kameras ab und das Warten hatte sich gelohnt \u2013 \u00fcbrigens auch f\u00fcr das Publikum. W\u00e4hrend des folgenden Auftrittes von \u201eBarock\u201c kam sie \u00fcbrigens noch in den Technik-Bereich direkt auf und neben der B\u00fchne und sah sich gut 40 Minuten der Show an. Dabei konnte unser Fotograf auch der Gelegenheit nicht widerstehen und hat ein Bild von sich und Doro Pesch machen lassen\u2026<\/p>\n<p style=\"text-align: right;\">Fotos:\u00a0<a href=\"mailto:info@rockpixx.com?subject=Fotos%20von%20Doro,%20Schleswig%20%E2%80%9EB:O:A%202012%E2%80%9C,%2008.09.2012\">Alex<\/a>,\u00a0<a href=\"mailto:a.roselt@rockpixx.com?subject=Fotos%20von%20Doro,%20Schleswig%20%E2%80%9EB:O:A%202012%E2%80%9C,%2008.09.2012\">Anja<\/a>\u00a0| Text:\u00a0<a href=\"mailto:info@rockpixx.com?subject=Reviewtext%20von%20Doro,%20Schleswig%20%E2%80%9EB:O:A%202012%E2%80%9C,%2008.09.2012\">Alex<\/a><\/p>\n<p>&nbsp;<\/p>\n<p>[slideshow id=226]<\/p>\n","protected":false},"excerpt":{"rendered":"<p>Und endlich hat es auch mit \u201eDoro\u201c geklappt. Beim diesj\u00e4hrigen \u201eDeichbrand-Festival\u201c fiel sie der mehrst\u00fcndigen <a href=\"http:\/\/www.rockpixx.com\/wordpress\/doro-08-09-2012-schleswig-boa-2012\/\">Read more<\/a><\/p>\n","protected":false},"author":2,"featured_media":8971,"comment_status":"open","ping_status":"open","sticky":false,"template":"","format":"standard","meta":{"_jetpack_memberships_contains_paid_content":false,"footnotes":"","jetpack_publicize_message":"","jetpack_publicize_feature_enabled":true,"jetpack_social_post_already_shared":true,"jetpack_social_options":{"image_generator_settings":{"template":"highway","default_image_id":0,"font":"","enabled":false},"version":2}},"categories":[34,268],"tags":[1759,2062,255,895,1758,133,1749],"class_list":["post-9026","post","type-post","status-publish","format-standard","has-post-thumbnail","hentry","category-acts","category-doro","tag-1759","tag-auf-der-freiheit","tag-boa","tag-baltic-open-air","tag-doro","tag-festivals","tag-schleswig"],"aioseo_notices":[],"jetpack_publicize_connections":[],"jetpack_featured_media_url":"http:\/\/www.rockpixx.com\/wordpress\/wp-content\/uploads\/2013\/02\/20120908-05-doro-Artikel.jpg","jetpack-related-posts":[{"id":16725,"url":"http:\/\/www.rockpixx.com\/wordpress\/doro-30-08-2014-baltic-open-air-schleswig\/","url_meta":{"origin":9026,"position":0},"title":"Doro, 30.08.2014, Baltic Open Air, Schleswig","author":"Anja","date":"10. September 2014","format":false,"excerpt":"Bekannterma\u00dfen hei\u00dft es ja \u201eAller guten Dinge sind Drei.\u201c und so halten wir es auch nach dem Baltic Open Air 2013 und dem diesj\u00e4hrigen Wacken Open Air d\u00fcrfen wir \u2192 Doro zum dritten Mal vor unseren Kameras begr\u00fc\u00dfen. Es erstaunt mich immer wieder, mit was f\u00fcr einer Power diese zierliche\u2026","rel":"","context":"In &quot;Acts&quot;","block_context":{"text":"Acts","link":"http:\/\/www.rockpixx.com\/wordpress\/category\/acts\/"},"img":{"alt_text":"Doro, 30.08.2014, Baltic Open Air, Schleswig","src":"https:\/\/i0.wp.com\/www.rockpixx.com\/wordpress\/wp-content\/uploads\/2014\/09\/20140830-06-166_doro_Artikel.jpg?resize=350%2C200","width":350,"height":200,"srcset":"https:\/\/i0.wp.com\/www.rockpixx.com\/wordpress\/wp-content\/uploads\/2014\/09\/20140830-06-166_doro_Artikel.jpg?resize=350%2C200 1x, https:\/\/i0.wp.com\/www.rockpixx.com\/wordpress\/wp-content\/uploads\/2014\/09\/20140830-06-166_doro_Artikel.jpg?resize=525%2C300 1.5x, https:\/\/i0.wp.com\/www.rockpixx.com\/wordpress\/wp-content\/uploads\/2014\/09\/20140830-06-166_doro_Artikel.jpg?resize=700%2C400 2x"},"classes":[]},{"id":11965,"url":"http:\/\/www.rockpixx.com\/wordpress\/doro-02-08-2013-wacken-woa-2013\/","url_meta":{"origin":9026,"position":1},"title":"Doro, 02.08.2013, Wacken, W:O:A 2013","author":"Anja","date":"6. August 2013","format":false,"excerpt":"Doro Pesch komponiert ja nicht nur die Hymnen f\u00fcr Ihre Freundin die Boxerin Regina Halmich, sondern ist nat\u00fcrlich auch so etwas wie die \u201eMetal-Queen\u201c in der gesamten Szene. In diesem Jahr begeht sie ihr 30-j\u00e4hriges B\u00fchnenjubil\u00e4um und so etwas will nat\u00fcrlich standesgem\u00e4\u00df in Wacken zelebriert werden. Also st\u00fcrmt sie nach\u2026","rel":"","context":"In &quot;Acts&quot;","block_context":{"text":"Acts","link":"http:\/\/www.rockpixx.com\/wordpress\/category\/acts\/"},"img":{"alt_text":"","src":"https:\/\/i0.wp.com\/www.rockpixx.com\/wordpress\/wp-content\/uploads\/2013\/08\/20130802-06-387_doro.jpg?resize=350%2C200","width":350,"height":200,"srcset":"https:\/\/i0.wp.com\/www.rockpixx.com\/wordpress\/wp-content\/uploads\/2013\/08\/20130802-06-387_doro.jpg?resize=350%2C200 1x, https:\/\/i0.wp.com\/www.rockpixx.com\/wordpress\/wp-content\/uploads\/2013\/08\/20130802-06-387_doro.jpg?resize=525%2C300 1.5x, https:\/\/i0.wp.com\/www.rockpixx.com\/wordpress\/wp-content\/uploads\/2013\/08\/20130802-06-387_doro.jpg?resize=700%2C400 2x"},"classes":[]},{"id":17395,"url":"http:\/\/www.rockpixx.com\/wordpress\/doro-14-11-2014-weissenhaeuser-strand-metal-hammer-paradise-maximum-metal-stage\/","url_meta":{"origin":9026,"position":2},"title":"Doro, 14.11.2014, Weissenh\u00e4user Strand, \u201eMetal Hammer Paradise\u201c, Maximum Metal Stage","author":"Anja","date":"17. November 2014","format":false,"excerpt":"Doro ist eine verl\u00e4ssliche Gr\u00f6\u00dfe, wenn es darum geht, Fotos von ihren Live-Auftritten zu machen. Mit etwas Erfahrung kann man ziemlich genau vorhersehen, wann welche Pose wo auf der B\u00fchne zu erwarten ist. Das ist nicht etwa langweilig, sondern es erleichtert einem die gesamte Arbeitssituation, weil man viel entspannter auf\u2026","rel":"","context":"In &quot;Acts&quot;","block_context":{"text":"Acts","link":"http:\/\/www.rockpixx.com\/wordpress\/category\/acts\/"},"img":{"alt_text":"","src":"https:\/\/i0.wp.com\/www.rockpixx.com\/wordpress\/wp-content\/uploads\/2015\/02\/20141114-08-084_doro_Artikel1.jpg?resize=350%2C200","width":350,"height":200,"srcset":"https:\/\/i0.wp.com\/www.rockpixx.com\/wordpress\/wp-content\/uploads\/2015\/02\/20141114-08-084_doro_Artikel1.jpg?resize=350%2C200 1x, https:\/\/i0.wp.com\/www.rockpixx.com\/wordpress\/wp-content\/uploads\/2015\/02\/20141114-08-084_doro_Artikel1.jpg?resize=525%2C300 1.5x, https:\/\/i0.wp.com\/www.rockpixx.com\/wordpress\/wp-content\/uploads\/2015\/02\/20141114-08-084_doro_Artikel1.jpg?resize=700%2C400 2x"},"classes":[]},{"id":8923,"url":"http:\/\/www.rockpixx.com\/wordpress\/u-d-o-02-08-2012-wacken-woa-2012\/","url_meta":{"origin":9026,"position":3},"title":"U.D.O., 02.08.2012, Wacken, W:O:A 2012","author":"Anja","date":"2. August 2012","format":false,"excerpt":"Udo Dirkschneider und seine Mannen stehen auf der B\u00fchne und zum ersten (und gl\u00fccklicherweise einzigen) Mal an diesem Abend sch\u00fcttet es w\u00e4hrend des Gigs wie aus K\u00fcbeln. Aber das kennen wir ja schon vom Deichbrand\u2026 Was ich da vom ehemaligen \u201eTeilzeit-Frontmann\u201c von \u201eAccept\u201c und seinen Mitstreitern zu h\u00f6ren bekomme, das\u2026","rel":"","context":"In &quot;Acts&quot;","block_context":{"text":"Acts","link":"http:\/\/www.rockpixx.com\/wordpress\/category\/acts\/"},"img":{"alt_text":"U.D.O., 02.08.2012, Wacken, W:O:A 2012","src":"https:\/\/i0.wp.com\/www.rockpixx.com\/wordpress\/wp-content\/uploads\/2013\/02\/20120802-06-udo-Artikel.jpg?resize=350%2C200","width":350,"height":200,"srcset":"https:\/\/i0.wp.com\/www.rockpixx.com\/wordpress\/wp-content\/uploads\/2013\/02\/20120802-06-udo-Artikel.jpg?resize=350%2C200 1x, https:\/\/i0.wp.com\/www.rockpixx.com\/wordpress\/wp-content\/uploads\/2013\/02\/20120802-06-udo-Artikel.jpg?resize=525%2C300 1.5x, https:\/\/i0.wp.com\/www.rockpixx.com\/wordpress\/wp-content\/uploads\/2013\/02\/20120802-06-udo-Artikel.jpg?resize=700%2C400 2x"},"classes":[]},{"id":12229,"url":"http:\/\/www.rockpixx.com\/wordpress\/glasperlenspiel-01-09-2013-schleswig-rsh-kindertag\/","url_meta":{"origin":9026,"position":4},"title":"Glasperlenspiel, 01.09.2013, Schleswig, RSH-Kindertag","author":"Anja","date":"4. September 2013","format":false,"excerpt":"Zum zweiten Mal in diesem Jahr (nach dem \u2192\u00a0Auftritt auf der NDR-B\u00fchne auf der \u201eKieler Woche\u201c) erleben wir \u201eGlasperlenspiel\u201c in diesem Jahr hier im Norden und zum ersten Mal darf auch der Fotograf von rockpixx.com mit in den Graben. (In Kiel war er zeitgleich vor einer anderen B\u00fchne zugange.) Tja\u2026\u2026","rel":"","context":"In &quot;Acts&quot;","block_context":{"text":"Acts","link":"http:\/\/www.rockpixx.com\/wordpress\/category\/acts\/"},"img":{"alt_text":"Glasperlenspiel","src":"https:\/\/i0.wp.com\/www.rockpixx.com\/wordpress\/wp-content\/uploads\/2013\/09\/20130901-04-201_glasperlenspiel-Artikel.jpg?resize=350%2C200","width":350,"height":200,"srcset":"https:\/\/i0.wp.com\/www.rockpixx.com\/wordpress\/wp-content\/uploads\/2013\/09\/20130901-04-201_glasperlenspiel-Artikel.jpg?resize=350%2C200 1x, https:\/\/i0.wp.com\/www.rockpixx.com\/wordpress\/wp-content\/uploads\/2013\/09\/20130901-04-201_glasperlenspiel-Artikel.jpg?resize=525%2C300 1.5x, https:\/\/i0.wp.com\/www.rockpixx.com\/wordpress\/wp-content\/uploads\/2013\/09\/20130901-04-201_glasperlenspiel-Artikel.jpg?resize=700%2C400 2x"},"classes":[]},{"id":16015,"url":"http:\/\/www.rockpixx.com\/wordpress\/motoerhead-01-08-2014-wacken-woa-2014\/","url_meta":{"origin":9026,"position":5},"title":"Mot\u00f6rhead, 01.08.2014, Wacken, W:O:A 2014","author":"admin","date":"2. August 2014","format":false,"excerpt":"Letztes Jahr in Wacken hatte Lemmy ja \u2192 nur einen kurzen Auftritt. Dank der Kunst der \u00c4rzte und Umstieg auf weniger harte alkoholische Getr\u00e4nke ist er nun wieder so weit fit, dass er erneut auf einer B\u00fchne stehen kann. Wie \u00fcblich, wird das Konzert mit dem Standardsatz \u201eWe are Mot\u00f6rhead.\u2026","rel":"","context":"In &quot;Acts&quot;","block_context":{"text":"Acts","link":"http:\/\/www.rockpixx.com\/wordpress\/category\/acts\/"},"img":{"alt_text":"Mot\u00f6rhead, 01.08.2014, Wacken, Wacken Open Air 2014","src":"https:\/\/i0.wp.com\/www.rockpixx.com\/wordpress\/wp-content\/uploads\/2014\/08\/20140801-07-133_mot%C3%B6rhead_Artikel.jpg?resize=350%2C200","width":350,"height":200,"srcset":"https:\/\/i0.wp.com\/www.rockpixx.com\/wordpress\/wp-content\/uploads\/2014\/08\/20140801-07-133_mot%C3%B6rhead_Artikel.jpg?resize=350%2C200 1x, https:\/\/i0.wp.com\/www.rockpixx.com\/wordpress\/wp-content\/uploads\/2014\/08\/20140801-07-133_mot%C3%B6rhead_Artikel.jpg?resize=525%2C300 1.5x, https:\/\/i0.wp.com\/www.rockpixx.com\/wordpress\/wp-content\/uploads\/2014\/08\/20140801-07-133_mot%C3%B6rhead_Artikel.jpg?resize=700%2C400 2x"},"classes":[]}],"jetpack_sharing_enabled":true,"publishpress_future_action":{"enabled":false,"date":"2026-05-06 16:28:49","action":"change-status","newStatus":"draft","terms":[],"taxonomy":"category","extraData":[]},"publishpress_future_workflow_manual_trigger":{"enabledWorkflows":[]},"_links":{"self":[{"href":"http:\/\/www.rockpixx.com\/wordpress\/wp-json\/wp\/v2\/posts\/9026","targetHints":{"allow":["GET"]}}],"collection":[{"href":"http:\/\/www.rockpixx.com\/wordpress\/wp-json\/wp\/v2\/posts"}],"about":[{"href":"http:\/\/www.rockpixx.com\/wordpress\/wp-json\/wp\/v2\/types\/post"}],"author":[{"embeddable":true,"href":"http:\/\/www.rockpixx.com\/wordpress\/wp-json\/wp\/v2\/users\/2"}],"replies":[{"embeddable":true,"href":"http:\/\/www.rockpixx.com\/wordpress\/wp-json\/wp\/v2\/comments?post=9026"}],"version-history":[{"count":0,"href":"http:\/\/www.rockpixx.com\/wordpress\/wp-json\/wp\/v2\/posts\/9026\/revisions"}],"wp:featuredmedia":[{"embeddable":true,"href":"http:\/\/www.rockpixx.com\/wordpress\/wp-json\/wp\/v2\/media\/8971"}],"wp:attachment":[{"href":"http:\/\/www.rockpixx.com\/wordpress\/wp-json\/wp\/v2\/media?parent=9026"}],"wp:term":[{"taxonomy":"category","embeddable":true,"href":"http:\/\/www.rockpixx.com\/wordpress\/wp-json\/wp\/v2\/categories?post=9026"},{"taxonomy":"post_tag","embeddable":true,"href":"http:\/\/www.rockpixx.com\/wordpress\/wp-json\/wp\/v2\/tags?post=9026"}],"curies":[{"name":"wp","href":"https:\/\/api.w.org\/{rel}","templated":true}]}}