{"id":9031,"date":"2012-09-08T06:00:41","date_gmt":"2012-09-08T05:00:41","guid":{"rendered":"http:\/\/rockpixx.com\/wordpress\/?p=9031"},"modified":"2013-02-13T14:12:09","modified_gmt":"2013-02-13T13:12:09","slug":"barock-08-09-2012-schleswig-boa-2012","status":"publish","type":"post","link":"http:\/\/www.rockpixx.com\/wordpress\/barock-08-09-2012-schleswig-boa-2012\/","title":{"rendered":"Barock, 08.09.2012, Schleswig, B:O:A 2012"},"content":{"rendered":"<p>\u2192 <a title=\"Barock\" href=\"http:\/\/rockpixx.com\/wordpress\/?cat=47\">\u201eBarock\u008d\u201c<\/a> die 28. Auflage (ich bin ehrlich \u2013 ich musste nachschauen). Ja es kommen einige Konzerte zusammen, wenn man eine Band schon 5 Jahre auf ihren Konzerten begleitet.<!--more--><\/p>\n<p>Das uns die Show, die die Musiker von \u201eBarock\u201c auf die B\u00fchne zaubern, immer noch begeistert, brauche ich ja nicht zu erw\u00e4hnen. Sch\u00f6n ist es f\u00fcr uns aber immer wieder, wenn ein neues Element in die Show eingebaut wird. Diesmal waren Flames mit dabei. Bei den jetzt schon zur Nacht empfindlich k\u00fchlen Temperaturen hier in Schleswig-Holstein waren die Flammen ein willkommener W\u00e4rmespender, sowohl f\u00fcr die Musiker auf der B\u00fchne als auch f\u00fcr mich im Graben.<\/p>\n<p>Und weil wir mit zwei Fotografen vor Ort waren, musste die Fotografin die ganze Zeit im Graben schuften, w\u00e4hrend es sich der Fotograf auf der B\u00fchne h\u00e4uslich eingerichtet hatte\u2026 Daf\u00fcr gibt&#8217;s dann aber auch wieder einmal die doppelte Anzahl von Bildern\u2026 zum Teil aus anderer \/ ungewohnter Perspektive.<\/p>\n<p style=\"text-align: right;\">Fotos:\u00a0<a href=\"mailto:info@rockpixx.com?subject=Fotos%20von%20Barock,%20Schleswig%20%E2%80%9EB:O:A%202012%E2%80%9C,%2008.09.2012\">Alex<\/a>,\u00a0<a href=\"mailto:a.roselt@rockpixx.com?subject=Fotos%20von%20Barock,%20Schleswig%20%E2%80%9EB:O:A%202012%E2%80%9C,%2008.09.2012\">Anja<\/a>\u00a0| Text:\u00a0<a href=\"mailto:info@rockpixx.com?subject=Reviewtext%20von%20Barock,%20Schleswig%20%E2%80%9EB:O:A%202012%E2%80%9C,%2008.09.2012\">Alex<\/a>,\u00a0<a href=\"mailto:a.roselt@rockpixx.com?subject=Reviewtext%20von%20Barock,%20Schleswig%20%E2%80%9EB:O:A%202012%E2%80%9C,%2008.09.2012\">Anja<\/a><\/p>\n<p>&nbsp;<\/p>\n<p>[slideshow id=227]<\/p>\n","protected":false},"excerpt":{"rendered":"<p>\u2192 \u201eBarock\u008d\u201c die 28. Auflage (ich bin ehrlich \u2013 ich musste nachschauen). Ja es kommen <a href=\"http:\/\/www.rockpixx.com\/wordpress\/barock-08-09-2012-schleswig-boa-2012\/\">Read more<\/a><\/p>\n","protected":false},"author":2,"featured_media":8972,"comment_status":"open","ping_status":"open","sticky":false,"template":"","format":"standard","meta":{"_jetpack_memberships_contains_paid_content":false,"footnotes":"","jetpack_publicize_message":"","jetpack_publicize_feature_enabled":true,"jetpack_social_post_already_shared":true,"jetpack_social_options":{"image_generator_settings":{"template":"highway","default_image_id":0,"font":"","enabled":false},"version":2}},"categories":[8,34,47,5],"tags":[1759,1716,2062,255,895,1724,133,1749],"class_list":["post-9031","post","type-post","status-publish","format-standard","has-post-thumbnail","hentry","category-acdc","category-acts","category-barock","category-tributebands","tag-1759","tag-acdc","tag-auf-der-freiheit","tag-boa","tag-baltic-open-air","tag-barock","tag-festivals","tag-schleswig"],"aioseo_notices":[],"jetpack_publicize_connections":[],"jetpack_featured_media_url":"http:\/\/www.rockpixx.com\/wordpress\/wp-content\/uploads\/2013\/02\/20120908-06-barock-Artikel.jpg","jetpack-related-posts":[{"id":16695,"url":"http:\/\/www.rockpixx.com\/wordpress\/barock-30-08-2014-baltic-open-air-schleswig\/","url_meta":{"origin":9031,"position":0},"title":"Barock, 30.08.2014, Baltic Open Air, Schleswig","author":"admin","date":"6. September 2014","format":false,"excerpt":"Normalerweise k\u00f6nnen wir mit der Graben-Security ja gut. Die machen ihren Job und lassen uns den unseren machen. Was da aber bei \u201eBarock\u201c f\u00fcr ein Vollpfosten im Graben stand, das spottet jeder Beschreibung. Er hatte etwas von \u201ePyros\u201c geh\u00f6rt und das veranlasste ihn, den Zugang zum Graben generell zu verweigern.\u2026","rel":"","context":"In &quot;AC\/DC&quot;","block_context":{"text":"AC\/DC","link":"http:\/\/www.rockpixx.com\/wordpress\/category\/acts\/tributebands\/acdc\/"},"img":{"alt_text":"Barock, 30.08.2014, Baltic Open Air, Schleswig","src":"https:\/\/i0.wp.com\/www.rockpixx.com\/wordpress\/wp-content\/uploads\/2014\/09\/20140830-04-466.jpg?resize=350%2C200","width":350,"height":200,"srcset":"https:\/\/i0.wp.com\/www.rockpixx.com\/wordpress\/wp-content\/uploads\/2014\/09\/20140830-04-466.jpg?resize=350%2C200 1x, https:\/\/i0.wp.com\/www.rockpixx.com\/wordpress\/wp-content\/uploads\/2014\/09\/20140830-04-466.jpg?resize=525%2C300 1.5x, https:\/\/i0.wp.com\/www.rockpixx.com\/wordpress\/wp-content\/uploads\/2014\/09\/20140830-04-466.jpg?resize=700%2C400 2x"},"classes":[]},{"id":9087,"url":"http:\/\/www.rockpixx.com\/wordpress\/barock-19-01-2013-soest-stadthalle\/","url_meta":{"origin":9031,"position":1},"title":"Barock, 19.01.2013, Soest, Stadthalle","author":"Anja","date":"19. Januar 2013","format":false,"excerpt":"Bevor wir nun also bei Barock aus dem Graben der proppenvollen und seit Monaten ausverkauften Soester Stadthalle erstmals die acht Kanonen in Aktion erleben konnten, war erst einmal Warten angesagt\u2026 Was war geschehen? Ein Stromausfall auf der B\u00fchne lie\u00df zuvor die Elektroboys still und im Halbdunkel stehen, so dass eine\u2026","rel":"","context":"In &quot;AC\/DC&quot;","block_context":{"text":"AC\/DC","link":"http:\/\/www.rockpixx.com\/wordpress\/category\/acts\/tributebands\/acdc\/"},"img":{"alt_text":"Barock, 19.01.2013, Soest, Stadthalle","src":"https:\/\/i0.wp.com\/www.rockpixx.com\/wordpress\/wp-content\/uploads\/2013\/02\/20130119-02-barock-Artikel.jpg?resize=350%2C200","width":350,"height":200,"srcset":"https:\/\/i0.wp.com\/www.rockpixx.com\/wordpress\/wp-content\/uploads\/2013\/02\/20130119-02-barock-Artikel.jpg?resize=350%2C200 1x, https:\/\/i0.wp.com\/www.rockpixx.com\/wordpress\/wp-content\/uploads\/2013\/02\/20130119-02-barock-Artikel.jpg?resize=525%2C300 1.5x, https:\/\/i0.wp.com\/www.rockpixx.com\/wordpress\/wp-content\/uploads\/2013\/02\/20130119-02-barock-Artikel.jpg?resize=700%2C400 2x"},"classes":[]},{"id":7592,"url":"http:\/\/www.rockpixx.com\/wordpress\/barock-19-03-2011-gersthofen-stadthalle\/","url_meta":{"origin":9031,"position":2},"title":"Barock, 19.03.2011, Gersthofen, Stadthalle","author":"Anja","date":"19. M\u00e4rz 2011","format":false,"excerpt":"So\u2026 dann also der Mainact des Abends: \u201eBarock\u201c. Eigentlich h\u00e4tte alles in bew\u00e4hrter Art und Weise laufen k\u00f6nnen, wenn nicht\u2026 Also gut, der Reihe nach: Es fing schon damit an, dass das Intro nicht lief und die Musiker auf der teilbeleuchteten B\u00fchne wie Falschgeld herumstanden. Den verschnarchten Spotfahrer konnten alle\u2026","rel":"","context":"In &quot;AC\/DC&quot;","block_context":{"text":"AC\/DC","link":"http:\/\/www.rockpixx.com\/wordpress\/category\/acts\/tributebands\/acdc\/"},"img":{"alt_text":"Barock, 19.03.2011, Gersthofen, Stadthalle","src":"https:\/\/i0.wp.com\/www.rockpixx.com\/wordpress\/wp-content\/uploads\/2013\/01\/20110319-02-barock-Artikel.jpg?resize=350%2C200","width":350,"height":200,"srcset":"https:\/\/i0.wp.com\/www.rockpixx.com\/wordpress\/wp-content\/uploads\/2013\/01\/20110319-02-barock-Artikel.jpg?resize=350%2C200 1x, https:\/\/i0.wp.com\/www.rockpixx.com\/wordpress\/wp-content\/uploads\/2013\/01\/20110319-02-barock-Artikel.jpg?resize=525%2C300 1.5x, https:\/\/i0.wp.com\/www.rockpixx.com\/wordpress\/wp-content\/uploads\/2013\/01\/20110319-02-barock-Artikel.jpg?resize=700%2C400 2x"},"classes":[]},{"id":12229,"url":"http:\/\/www.rockpixx.com\/wordpress\/glasperlenspiel-01-09-2013-schleswig-rsh-kindertag\/","url_meta":{"origin":9031,"position":3},"title":"Glasperlenspiel, 01.09.2013, Schleswig, RSH-Kindertag","author":"Anja","date":"4. September 2013","format":false,"excerpt":"Zum zweiten Mal in diesem Jahr (nach dem \u2192\u00a0Auftritt auf der NDR-B\u00fchne auf der \u201eKieler Woche\u201c) erleben wir \u201eGlasperlenspiel\u201c in diesem Jahr hier im Norden und zum ersten Mal darf auch der Fotograf von rockpixx.com mit in den Graben. (In Kiel war er zeitgleich vor einer anderen B\u00fchne zugange.) Tja\u2026\u2026","rel":"","context":"In &quot;Acts&quot;","block_context":{"text":"Acts","link":"http:\/\/www.rockpixx.com\/wordpress\/category\/acts\/"},"img":{"alt_text":"Glasperlenspiel","src":"https:\/\/i0.wp.com\/www.rockpixx.com\/wordpress\/wp-content\/uploads\/2013\/09\/20130901-04-201_glasperlenspiel-Artikel.jpg?resize=350%2C200","width":350,"height":200,"srcset":"https:\/\/i0.wp.com\/www.rockpixx.com\/wordpress\/wp-content\/uploads\/2013\/09\/20130901-04-201_glasperlenspiel-Artikel.jpg?resize=350%2C200 1x, https:\/\/i0.wp.com\/www.rockpixx.com\/wordpress\/wp-content\/uploads\/2013\/09\/20130901-04-201_glasperlenspiel-Artikel.jpg?resize=525%2C300 1.5x, https:\/\/i0.wp.com\/www.rockpixx.com\/wordpress\/wp-content\/uploads\/2013\/09\/20130901-04-201_glasperlenspiel-Artikel.jpg?resize=700%2C400 2x"},"classes":[]},{"id":12182,"url":"http:\/\/www.rockpixx.com\/wordpress\/barock-24-08-2013-schleswig-baltic-open-air\/","url_meta":{"origin":9031,"position":4},"title":"Barock, 24.08.2013, Schleswig, Baltic Open Air","author":"Anja","date":"31. August 2013","format":false,"excerpt":"\u201eBarock\u201c zum 31. Mal vor unseren Kameras. Auf dieses Konzert hatten wir uns besonders gefreut, da hier der Einsatz der vollen Kanonenbatterie, der Flames, der Glocke und die Konfettikanone geplant waren. Pustekuchen im wahrsten Sinne des Wortes. Der starke Nordostwind, welcher dann auch noch genau in die B\u00fchne blies, lie\u00df\u2026","rel":"","context":"In &quot;AC\/DC&quot;","block_context":{"text":"AC\/DC","link":"http:\/\/www.rockpixx.com\/wordpress\/category\/acts\/tributebands\/acdc\/"},"img":{"alt_text":"","src":"https:\/\/i0.wp.com\/www.rockpixx.com\/wordpress\/wp-content\/uploads\/2013\/08\/20130824-07-115_barock-Artikel.jpg?resize=350%2C200","width":350,"height":200,"srcset":"https:\/\/i0.wp.com\/www.rockpixx.com\/wordpress\/wp-content\/uploads\/2013\/08\/20130824-07-115_barock-Artikel.jpg?resize=350%2C200 1x, https:\/\/i0.wp.com\/www.rockpixx.com\/wordpress\/wp-content\/uploads\/2013\/08\/20130824-07-115_barock-Artikel.jpg?resize=525%2C300 1.5x, https:\/\/i0.wp.com\/www.rockpixx.com\/wordpress\/wp-content\/uploads\/2013\/08\/20130824-07-115_barock-Artikel.jpg?resize=700%2C400 2x"},"classes":[]},{"id":4352,"url":"http:\/\/www.rockpixx.com\/wordpress\/barock-17-01-2009-soest-stadthalle-2\/","url_meta":{"origin":9031,"position":5},"title":"Barock, 17.01.2009, Soest, Stadthalle","author":"Anja","date":"17. Januar 2009","format":false,"excerpt":"Weiter gings zwei Tage sp\u00e4ter in der schon ein paar Wochen vorher (traditionell) ausverkauften Stadthalle in Soest\u2026 Wieder mit beiden S\u00e4ngern im Doppelpack, dieses Mal bestritt \u201eBon Scott\u201c das erste Set. Auf einer gro\u00dfen B\u00fchne wie dort kommt die Show von Barock nat\u00fcrlich noch besser zur Geltung und auch lichttechnisch\u2026","rel":"","context":"In &quot;AC\/DC&quot;","block_context":{"text":"AC\/DC","link":"http:\/\/www.rockpixx.com\/wordpress\/category\/acts\/tributebands\/acdc\/"},"img":{"alt_text":"Barock, 17.01.2009, Soest, Stadthalle","src":"https:\/\/i0.wp.com\/www.rockpixx.com\/wordpress\/wp-content\/uploads\/2013\/01\/20090117-barock-Artikel.jpg?resize=350%2C200","width":350,"height":200,"srcset":"https:\/\/i0.wp.com\/www.rockpixx.com\/wordpress\/wp-content\/uploads\/2013\/01\/20090117-barock-Artikel.jpg?resize=350%2C200 1x, https:\/\/i0.wp.com\/www.rockpixx.com\/wordpress\/wp-content\/uploads\/2013\/01\/20090117-barock-Artikel.jpg?resize=525%2C300 1.5x, https:\/\/i0.wp.com\/www.rockpixx.com\/wordpress\/wp-content\/uploads\/2013\/01\/20090117-barock-Artikel.jpg?resize=700%2C400 2x"},"classes":[]}],"jetpack_sharing_enabled":true,"publishpress_future_action":{"enabled":false,"date":"2026-05-07 04:48:49","action":"change-status","newStatus":"draft","terms":[],"taxonomy":"category","extraData":[]},"publishpress_future_workflow_manual_trigger":{"enabledWorkflows":[]},"_links":{"self":[{"href":"http:\/\/www.rockpixx.com\/wordpress\/wp-json\/wp\/v2\/posts\/9031","targetHints":{"allow":["GET"]}}],"collection":[{"href":"http:\/\/www.rockpixx.com\/wordpress\/wp-json\/wp\/v2\/posts"}],"about":[{"href":"http:\/\/www.rockpixx.com\/wordpress\/wp-json\/wp\/v2\/types\/post"}],"author":[{"embeddable":true,"href":"http:\/\/www.rockpixx.com\/wordpress\/wp-json\/wp\/v2\/users\/2"}],"replies":[{"embeddable":true,"href":"http:\/\/www.rockpixx.com\/wordpress\/wp-json\/wp\/v2\/comments?post=9031"}],"version-history":[{"count":0,"href":"http:\/\/www.rockpixx.com\/wordpress\/wp-json\/wp\/v2\/posts\/9031\/revisions"}],"wp:featuredmedia":[{"embeddable":true,"href":"http:\/\/www.rockpixx.com\/wordpress\/wp-json\/wp\/v2\/media\/8972"}],"wp:attachment":[{"href":"http:\/\/www.rockpixx.com\/wordpress\/wp-json\/wp\/v2\/media?parent=9031"}],"wp:term":[{"taxonomy":"category","embeddable":true,"href":"http:\/\/www.rockpixx.com\/wordpress\/wp-json\/wp\/v2\/categories?post=9031"},{"taxonomy":"post_tag","embeddable":true,"href":"http:\/\/www.rockpixx.com\/wordpress\/wp-json\/wp\/v2\/tags?post=9031"}],"curies":[{"name":"wp","href":"https:\/\/api.w.org\/{rel}","templated":true}]}}