{"id":9068,"date":"2013-02-13T15:24:10","date_gmt":"2013-02-13T14:24:10","guid":{"rendered":"http:\/\/rockpixx.com\/wordpress\/?p=9068"},"modified":"2013-02-13T15:24:10","modified_gmt":"2013-02-13T14:24:10","slug":"neues-introbild","status":"publish","type":"post","link":"http:\/\/www.rockpixx.com\/wordpress\/neues-introbild\/","title":{"rendered":"Neues Introbild"},"content":{"rendered":"<p>Passend zum Relaunch gibt&#8217;s auch wieder ein neues Introbild.<\/p>\n<p>Deborah Anne Dyer alias \u201eSkin\u201c von \u2192 <a title=\"Skunk Anansie, 24.07.2011, Nordholz, Deichbrand Festival\" href=\"http:\/\/rockpixx.com\/wordpress\/?p=8247\">Skunk Anansie<\/a> darf nun auch in den wohlverdienten Ruhestand. Daf\u00fcr ist ab jetzt Rudolf Schenker von den \u2192 <a title=\"The Scorpions, 04.08.2012, Wacken, W:O:A 2012\" href=\"http:\/\/rockpixx.com\/wordpress\/?p=8958\">Scorpions<\/a> unser neuer Frontman.<\/p>\n<p>Alle bisherigen Introbilder gibt es nach wie vor \u2192 <a title=\"Introbilder von rockpixx.com\" href=\"http:\/\/rockpixx.com\/wordpress\/?p=1047\">hier<\/a> zu sehen.<\/p>\n","protected":false},"excerpt":{"rendered":"<p>Passend zum Relaunch gibt&#8217;s auch wieder ein neues Introbild. Deborah Anne Dyer alias \u201eSkin\u201c von <a href=\"http:\/\/www.rockpixx.com\/wordpress\/neues-introbild\/\">Read more<\/a><\/p>\n","protected":false},"author":1,"featured_media":9077,"comment_status":"open","ping_status":"open","sticky":false,"template":"","format":"standard","meta":{"_jetpack_memberships_contains_paid_content":false,"footnotes":"","jetpack_publicize_message":"Neues Introbild","jetpack_publicize_feature_enabled":true,"jetpack_social_post_already_shared":true,"jetpack_social_options":{"image_generator_settings":{"template":"highway","default_image_id":0,"font":"","enabled":false},"version":2}},"categories":[32,108],"tags":[109,228,110,227],"class_list":["post-9068","post","type-post","status-publish","format-standard","has-post-thumbnail","hentry","category-sonstiges","category-updates","tag-intern","tag-introbilder","tag-update","tag-webseite"],"aioseo_notices":[],"jetpack_publicize_connections":[],"jetpack_featured_media_url":"http:\/\/www.rockpixx.com\/wordpress\/wp-content\/uploads\/2013\/02\/intro_2013.jpg","jetpack-related-posts":[{"id":1047,"url":"http:\/\/www.rockpixx.com\/wordpress\/introbilder-von-rockpixx-com\/","url_meta":{"origin":9068,"position":0},"title":"Introbilder von rockpixx.com","author":"admin","date":"3. Mai 2011","format":false,"excerpt":"Einer Anregung unserer Fotografin folgend, stellen wir hier einfach einmal unsere Introbilder der letzten Jahre vor: Update 13.02.2013 Introbild ab Februar 2013 (mit dem Relaunch): \u00a0 Update 05.10.2011 Introbild ab Oktober 2011: Introbild ab Mai 2011: Introbild 2010: Introbild ca. 2009: Das sind die Bilder, die bisher mit diesem Layout\u2026","rel":"","context":"In &quot;Internes&quot;","block_context":{"text":"Internes","link":"http:\/\/www.rockpixx.com\/wordpress\/category\/sonstiges\/"},"img":{"alt_text":"Introbild ab 2013-02","src":"https:\/\/i0.wp.com\/rockpixx.com\/wordpress\/wp-content\/uploads\/2013\/02\/intro_2013.jpg?resize=350%2C200","width":350,"height":200,"srcset":"https:\/\/i0.wp.com\/rockpixx.com\/wordpress\/wp-content\/uploads\/2013\/02\/intro_2013.jpg?resize=350%2C200 1x, https:\/\/i0.wp.com\/rockpixx.com\/wordpress\/wp-content\/uploads\/2013\/02\/intro_2013.jpg?resize=525%2C300 1.5x"},"classes":[]},{"id":1073,"url":"http:\/\/www.rockpixx.com\/wordpress\/update-unsere-introbilder\/","url_meta":{"origin":9068,"position":1},"title":"Update, 05.10.2011: Unsere Introbilder","author":"admin","date":"5. Oktober 2011","format":false,"excerpt":"Kurz vor unserem wohlverdienten Urlaub gibt's noch ein neues Introbild f\u00fcr rockpixx.com: Zur Galerie mit allen bisherigen Bildern geht's hier: \u2192 Unsere Introbilder","rel":"","context":"In &quot;Internes&quot;","block_context":{"text":"Internes","link":"http:\/\/www.rockpixx.com\/wordpress\/category\/sonstiges\/"},"img":{"alt_text":"rockpixx.com, Introbild 2011-2012","src":"https:\/\/i0.wp.com\/www.rockpixx.com\/wordpress\/wp-content\/uploads\/2012\/12\/backintro_2011-2.jpg?resize=350%2C200","width":350,"height":200,"srcset":"https:\/\/i0.wp.com\/www.rockpixx.com\/wordpress\/wp-content\/uploads\/2012\/12\/backintro_2011-2.jpg?resize=350%2C200 1x, https:\/\/i0.wp.com\/www.rockpixx.com\/wordpress\/wp-content\/uploads\/2012\/12\/backintro_2011-2.jpg?resize=525%2C300 1.5x"},"classes":[]},{"id":12428,"url":"http:\/\/www.rockpixx.com\/wordpress\/neues-introbild-2\/","url_meta":{"origin":9068,"position":2},"title":"Neues Introbild","author":"admin","date":"19. Dezember 2013","format":false,"excerpt":"Alle Jahre wieder\u2026 So auch (fast) am Ende eines ereignisreichen Konzertjahres 2013: Wir haben unser Introbild aufgefrischt. Dieses Mal zeigen wir die gro\u00dfartige Orianthi, welche Altmeister \u2192 Alice Cooper im Sommer 2013 in Wacken unterst\u00fctzt hat. Wir hoffen, das Motiv gef\u00e4llt Euch. Und hier noch einmal die Bilder der vergangenen\u2026","rel":"","context":"In &quot;2013&quot;","block_context":{"text":"2013","link":"http:\/\/www.rockpixx.com\/wordpress\/category\/backstage\/2013\/"},"img":{"alt_text":"Intro_2014","src":"https:\/\/i0.wp.com\/www.rockpixx.com\/wordpress\/wp-content\/uploads\/2013\/12\/intro_2014.jpg?resize=350%2C200","width":350,"height":200,"srcset":"https:\/\/i0.wp.com\/www.rockpixx.com\/wordpress\/wp-content\/uploads\/2013\/12\/intro_2014.jpg?resize=350%2C200 1x, https:\/\/i0.wp.com\/www.rockpixx.com\/wordpress\/wp-content\/uploads\/2013\/12\/intro_2014.jpg?resize=525%2C300 1.5x, https:\/\/i0.wp.com\/www.rockpixx.com\/wordpress\/wp-content\/uploads\/2013\/12\/intro_2014.jpg?resize=700%2C400 2x"},"classes":[]},{"id":5158,"url":"http:\/\/www.rockpixx.com\/wordpress\/update-08-08-2010\/","url_meta":{"origin":9068,"position":3},"title":"Update, 08.08.2010","author":"admin","date":"8. August 2010","format":false,"excerpt":"Neues Introbild","rel":"","context":"In &quot;Internes&quot;","block_context":{"text":"Internes","link":"http:\/\/www.rockpixx.com\/wordpress\/category\/sonstiges\/"},"img":{"alt_text":"Introbild 2010","src":"https:\/\/i0.wp.com\/www.rockpixx.com\/wordpress\/wp-content\/uploads\/2011\/05\/Introbild-2010.jpg?resize=350%2C200","width":350,"height":200,"srcset":"https:\/\/i0.wp.com\/www.rockpixx.com\/wordpress\/wp-content\/uploads\/2011\/05\/Introbild-2010.jpg?resize=350%2C200 1x, https:\/\/i0.wp.com\/www.rockpixx.com\/wordpress\/wp-content\/uploads\/2011\/05\/Introbild-2010.jpg?resize=525%2C300 1.5x"},"classes":[]},{"id":5223,"url":"http:\/\/www.rockpixx.com\/wordpress\/update-03-05-2011\/","url_meta":{"origin":9068,"position":4},"title":"Update, 03.05.2011","author":"admin","date":"3. Mai 2011","format":false,"excerpt":"rockpixx.com hat mal wieder ein neues Introbild","rel":"","context":"In &quot;Internes&quot;","block_context":{"text":"Internes","link":"http:\/\/www.rockpixx.com\/wordpress\/category\/sonstiges\/"},"img":{"alt_text":"Introbild 2011 ab Mai 2011","src":"https:\/\/i0.wp.com\/www.rockpixx.com\/wordpress\/wp-content\/uploads\/2011\/05\/Introbild-201105.jpg?resize=350%2C200","width":350,"height":200,"srcset":"https:\/\/i0.wp.com\/www.rockpixx.com\/wordpress\/wp-content\/uploads\/2011\/05\/Introbild-201105.jpg?resize=350%2C200 1x, https:\/\/i0.wp.com\/www.rockpixx.com\/wordpress\/wp-content\/uploads\/2011\/05\/Introbild-201105.jpg?resize=525%2C300 1.5x"},"classes":[]},{"id":2526,"url":"http:\/\/www.rockpixx.com\/wordpress\/glamnasty-international-22-06-2008-kiel-maxbuhne\/","url_meta":{"origin":9068,"position":5},"title":"Glamnasty International, 22.06.2008, Kiel, MAXB\u00fchne","author":"Anja","date":"22. Juni 2008","format":false,"excerpt":"Das Introbild l\u00e4sst es ja schon vermuten: Glam-Rock vom Feinsten \u2013 als Parodie sehr ernsthaft und sehr engagiert mit einem kr\u00e4ftigen Augenzwinkern vorgetragen. Die schrillen Kost\u00fcme, die B\u00fchnenshow und auch das ausgew\u00e4hlte Songmaterial von T-Rex \u00fcber The Sweet bis hin zu vielen anderen Nummern aus dieser Zeit\u00a0bieten in Summe einen\u2026","rel":"","context":"In &quot;Acts&quot;","block_context":{"text":"Acts","link":"http:\/\/www.rockpixx.com\/wordpress\/category\/acts\/"},"img":{"alt_text":"Glamnasty International, 22.06.2008, Kiel, MAXB\u00fchne","src":"https:\/\/i0.wp.com\/www.rockpixx.com\/wordpress\/wp-content\/uploads\/2008\/06\/20080622-02-glamnasty-international-Artikel.jpg?resize=350%2C200","width":350,"height":200,"srcset":"https:\/\/i0.wp.com\/www.rockpixx.com\/wordpress\/wp-content\/uploads\/2008\/06\/20080622-02-glamnasty-international-Artikel.jpg?resize=350%2C200 1x, https:\/\/i0.wp.com\/www.rockpixx.com\/wordpress\/wp-content\/uploads\/2008\/06\/20080622-02-glamnasty-international-Artikel.jpg?resize=525%2C300 1.5x, https:\/\/i0.wp.com\/www.rockpixx.com\/wordpress\/wp-content\/uploads\/2008\/06\/20080622-02-glamnasty-international-Artikel.jpg?resize=700%2C400 2x"},"classes":[]}],"jetpack_sharing_enabled":true,"publishpress_future_action":{"enabled":false,"date":"2026-05-07 17:15:47","action":"change-status","newStatus":"draft","terms":[],"taxonomy":"category","extraData":[]},"publishpress_future_workflow_manual_trigger":{"enabledWorkflows":[]},"_links":{"self":[{"href":"http:\/\/www.rockpixx.com\/wordpress\/wp-json\/wp\/v2\/posts\/9068","targetHints":{"allow":["GET"]}}],"collection":[{"href":"http:\/\/www.rockpixx.com\/wordpress\/wp-json\/wp\/v2\/posts"}],"about":[{"href":"http:\/\/www.rockpixx.com\/wordpress\/wp-json\/wp\/v2\/types\/post"}],"author":[{"embeddable":true,"href":"http:\/\/www.rockpixx.com\/wordpress\/wp-json\/wp\/v2\/users\/1"}],"replies":[{"embeddable":true,"href":"http:\/\/www.rockpixx.com\/wordpress\/wp-json\/wp\/v2\/comments?post=9068"}],"version-history":[{"count":0,"href":"http:\/\/www.rockpixx.com\/wordpress\/wp-json\/wp\/v2\/posts\/9068\/revisions"}],"wp:featuredmedia":[{"embeddable":true,"href":"http:\/\/www.rockpixx.com\/wordpress\/wp-json\/wp\/v2\/media\/9077"}],"wp:attachment":[{"href":"http:\/\/www.rockpixx.com\/wordpress\/wp-json\/wp\/v2\/media?parent=9068"}],"wp:term":[{"taxonomy":"category","embeddable":true,"href":"http:\/\/www.rockpixx.com\/wordpress\/wp-json\/wp\/v2\/categories?post=9068"},{"taxonomy":"post_tag","embeddable":true,"href":"http:\/\/www.rockpixx.com\/wordpress\/wp-json\/wp\/v2\/tags?post=9068"}],"curies":[{"name":"wp","href":"https:\/\/api.w.org\/{rel}","templated":true}]}}