{"id":9607,"date":"2012-09-08T14:41:58","date_gmt":"2012-09-08T13:41:58","guid":{"rendered":"http:\/\/rockpixx.com\/wordpress\/?p=9607"},"modified":"2013-03-02T14:56:35","modified_gmt":"2013-03-02T13:56:35","slug":"angekommen-auf-dem-boa","status":"publish","type":"post","link":"http:\/\/www.rockpixx.com\/wordpress\/angekommen-auf-dem-boa\/","title":{"rendered":"Angekommen auf dem B:O:A"},"content":{"rendered":"<p>&#8230; und irgendwie haben wir wetterm\u00e4\u00dfig gerade ein D\u00e9j\u00e0-vu!<!--more--><\/p>\n<p><img loading=\"lazy\" decoding=\"async\" data-attachment-id=\"9611\" data-permalink=\"http:\/\/www.rockpixx.com\/wordpress\/angekommen-auf-dem-boa\/20120908-2\/\" data-orig-file=\"http:\/\/www.rockpixx.com\/wordpress\/wp-content\/uploads\/2013\/03\/20120908-2.jpg\" data-orig-size=\"450,300\" data-comments-opened=\"0\" data-image-meta=\"{&quot;aperture&quot;:&quot;0&quot;,&quot;credit&quot;:&quot;&quot;,&quot;camera&quot;:&quot;&quot;,&quot;caption&quot;:&quot;&quot;,&quot;created_timestamp&quot;:&quot;1347123918&quot;,&quot;copyright&quot;:&quot;&quot;,&quot;focal_length&quot;:&quot;0&quot;,&quot;iso&quot;:&quot;0&quot;,&quot;shutter_speed&quot;:&quot;0&quot;,&quot;title&quot;:&quot;&quot;}\" data-image-title=\"D\u00e9j\u00e0-vu auf dem B:O:A\" data-image-description=\"\" data-image-caption=\"\" data-large-file=\"http:\/\/www.rockpixx.com\/wordpress\/wp-content\/uploads\/2013\/03\/20120908-2.jpg\" class=\"alignleft size-full wp-image-9611\" alt=\"D\u00e9j\u00e0-vu auf dem B:O:A\" src=\"http:\/\/rockpixx.com\/wordpress\/wp-content\/uploads\/2013\/03\/20120908-2.jpg\" width=\"450\" height=\"300\" srcset=\"http:\/\/www.rockpixx.com\/wordpress\/wp-content\/uploads\/2013\/03\/20120908-2.jpg 450w, http:\/\/www.rockpixx.com\/wordpress\/wp-content\/uploads\/2013\/03\/20120908-2-300x200.jpg 300w, http:\/\/www.rockpixx.com\/wordpress\/wp-content\/uploads\/2013\/03\/20120908-2-120x80.jpg 120w\" sizes=\"auto, (max-width: 450px) 100vw, 450px\" \/>Wobei, hier ist&#8217;s asphaltiert (im Gegensatz zu Wacken oder dem \u2192 <a title=\"Deichbrand Festival 2011, Tag 2\" href=\"http:\/\/rockpixx.com\/wordpress\/deichbrand-festival-2011-tag-2\/http:\/\/\">Deichbrand<\/a>) und wir haben ein trocknes Pl\u00e4tzchen f\u00fcr unsere Kameras und die EDV (im Gegensatz zu\u00a0\u2192 <a title=\"Summerdays Festival in Arbon\" href=\"http:\/\/rockpixx.com\/wordpress\/summerdays-festival-in-arbon\/\">Arbon<\/a>).<\/p>\n<p>Auf dass es noch ein gelungener Abend werde sowie es einigerma\u00dfen trocken bleiben m\u00f6ge\u2026<\/p>\n","protected":false},"excerpt":{"rendered":"<p>&#8230; und irgendwie haben wir wetterm\u00e4\u00dfig gerade ein D\u00e9j\u00e0-vu!<\/p>\n","protected":false},"author":1,"featured_media":9608,"comment_status":"open","ping_status":"open","sticky":false,"template":"","format":"standard","meta":{"_jetpack_memberships_contains_paid_content":false,"footnotes":"","jetpack_publicize_message":"Angekommen auf dem B:O:A","jetpack_publicize_feature_enabled":true,"jetpack_social_post_already_shared":true,"jetpack_social_options":{"image_generator_settings":{"template":"highway","default_image_id":0,"font":"","enabled":false},"version":2}},"categories":[269,19],"tags":[1759,255,895,221],"class_list":["post-9607","post","type-post","status-publish","format-standard","has-post-thumbnail","hentry","category-269","category-backstage","tag-1759","tag-boa","tag-baltic-open-air","tag-tourbericht"],"aioseo_notices":[],"jetpack_publicize_connections":[],"jetpack_featured_media_url":"http:\/\/www.rockpixx.com\/wordpress\/wp-content\/uploads\/2013\/03\/20120908-1.jpg","jetpack-related-posts":[{"id":8483,"url":"http:\/\/www.rockpixx.com\/wordpress\/drive-16-06-2012-kiel-maxbuhne\/","url_meta":{"origin":9607,"position":0},"title":"Drive!, 16.06.2012, Kiel, MAXB\u00fchne","author":"Anja","date":"16. Juni 2012","format":false,"excerpt":"Nachdem wir im letzten Jahr \u2013 im Gegensatz zu \u201eDrive!\u201c \u2013 an deren Auftrittstag an der MAXB\u00fchne eine Pause eingelegt hatten, sind wir dieses Jahr also wieder dabei, als die Musiker locker und voller Elan geschlagene vier Stunden gegen den fiesen Regen anspielen und trotzdem die Leute auf dem Bahnhofsvorplatz\u2026","rel":"","context":"In &quot;Acts&quot;","block_context":{"text":"Acts","link":"http:\/\/www.rockpixx.com\/wordpress\/category\/acts\/"},"img":{"alt_text":"Drive!, 16.06.2012, Kiel, MAXB\u00fchne","src":"https:\/\/i0.wp.com\/www.rockpixx.com\/wordpress\/wp-content\/uploads\/2013\/02\/20120616-04-drive-Artikel.jpg?resize=350%2C200","width":350,"height":200,"srcset":"https:\/\/i0.wp.com\/www.rockpixx.com\/wordpress\/wp-content\/uploads\/2013\/02\/20120616-04-drive-Artikel.jpg?resize=350%2C200 1x, https:\/\/i0.wp.com\/www.rockpixx.com\/wordpress\/wp-content\/uploads\/2013\/02\/20120616-04-drive-Artikel.jpg?resize=525%2C300 1.5x, https:\/\/i0.wp.com\/www.rockpixx.com\/wordpress\/wp-content\/uploads\/2013\/02\/20120616-04-drive-Artikel.jpg?resize=700%2C400 2x"},"classes":[]},{"id":1074,"url":"http:\/\/www.rockpixx.com\/wordpress\/das-war-2011\/","url_meta":{"origin":9607,"position":1},"title":"Das war 2011","author":"admin","date":"29. Dezember 2011","format":false,"excerpt":"Ein ereignisreiches Jahr neigt sich dem Ende zu. Es war f\u00fcr uns das Jahr, in dem wir die bisher meisten Acts fotografiert haben: Erstmals haben wir die Hunderter-Marke mit insgesamt 116 Acts geknackt! In der Gesamtheit ist ja alles auf \u2192 rockpixx.com nachzulesen \u2013 hier soll dagegen unser pers\u00f6nliches Fazit\u2026","rel":"","context":"In &quot;2011&quot;","block_context":{"text":"2011","link":"http:\/\/www.rockpixx.com\/wordpress\/category\/backstage\/2011\/"},"img":{"alt_text":"Konzertposter 2011","src":"https:\/\/i0.wp.com\/www.rockpixx.com\/wordpress\/wp-content\/uploads\/2013\/03\/20111229-Konzerte-2011-100x70.jpg?resize=350%2C200","width":350,"height":200,"srcset":"https:\/\/i0.wp.com\/www.rockpixx.com\/wordpress\/wp-content\/uploads\/2013\/03\/20111229-Konzerte-2011-100x70.jpg?resize=350%2C200 1x, https:\/\/i0.wp.com\/www.rockpixx.com\/wordpress\/wp-content\/uploads\/2013\/03\/20111229-Konzerte-2011-100x70.jpg?resize=525%2C300 1.5x, https:\/\/i0.wp.com\/www.rockpixx.com\/wordpress\/wp-content\/uploads\/2013\/03\/20111229-Konzerte-2011-100x70.jpg?resize=700%2C400 2x"},"classes":[]},{"id":967,"url":"http:\/\/www.rockpixx.com\/wordpress\/beobachtungen-zu-fotografierenden-zeitgenossen-auf-konzerten\/","url_meta":{"origin":9607,"position":2},"title":"Beobachtungen zu fotografierenden Zeitgenossen auf Konzerten","author":"admin","date":"22. November 2007","format":false,"excerpt":"Der Besuch eines Konzertes ist f\u00fcr wohl fast jeden Besucher ein tolles Erlebnis. Verst\u00e4ndlich, dass so etwas auch in Bild und\/oder Ton festgehalten werden soll. Nun muss aber unterschieden werden, wer da so alles Bilder macht \u2013 fangen wir doch 'mal mit einer groben Unterteilung an: 1. \u201eNormale\u201c Besucher \u2026\u2026","rel":"","context":"In &quot;2007&quot;","block_context":{"text":"2007","link":"http:\/\/www.rockpixx.com\/wordpress\/category\/backstage\/2007\/"},"img":{"alt_text":"Fotodeppen","src":"https:\/\/i0.wp.com\/www.rockpixx.com\/wordpress\/wp-content\/uploads\/2007\/11\/20091010-0308.jpg?resize=350%2C200","width":350,"height":200,"srcset":"https:\/\/i0.wp.com\/www.rockpixx.com\/wordpress\/wp-content\/uploads\/2007\/11\/20091010-0308.jpg?resize=350%2C200 1x, https:\/\/i0.wp.com\/www.rockpixx.com\/wordpress\/wp-content\/uploads\/2007\/11\/20091010-0308.jpg?resize=525%2C300 1.5x, https:\/\/i0.wp.com\/www.rockpixx.com\/wordpress\/wp-content\/uploads\/2007\/11\/20091010-0308.jpg?resize=700%2C400 2x"},"classes":[]},{"id":1019,"url":"http:\/\/www.rockpixx.com\/wordpress\/kieler-woche-2010-2\/","url_meta":{"origin":9607,"position":3},"title":"Kieler Woche 2010","author":"admin","date":"5. Juni 2010","format":false,"excerpt":"Moin! So, es geht in ein paar Tagen los! Diese Kieler Woche steht dieses Jahr unter einem ganz besonderen Stern: Erstmals ist rockpixx.com Medienpartner einer der gro\u00dfen B\u00fchnen auf der diesj\u00e4hrigen Kieler Woche. Mit der \u201eMAXB\u00fchne\u201c verbindet uns seit 2008 ja eine besondere Beziehung: Wir haben dort backstage gewisserma\u00dfen \u201egewohnt\u201c\u2026","rel":"","context":"In &quot;2010&quot;","block_context":{"text":"2010","link":"http:\/\/www.rockpixx.com\/wordpress\/category\/backstage\/2010\/"},"img":{"alt_text":"","src":"","width":0,"height":0},"classes":[]},{"id":15222,"url":"http:\/\/www.rockpixx.com\/wordpress\/heaven-shall-burn-19-07-2014-deichbrand-festival-nordholz\/","url_meta":{"origin":9607,"position":4},"title":"Heaven Shall Burn, 19.07.2014, Deichbrand Festival, Nordholz","author":"admin","date":"19. Juli 2014","format":false,"excerpt":"Noch nicht warm genug? Fein, dann z\u00fcnden wir mal gleich zu Beginn etliche Flames! Wenn man schon \u201eHeaven Shall Burn\u201c hei\u00dft, dann muss man ja seinem Namen irgendwie gerecht werden, oder? Toll, was so alles aus Th\u00fcringen kommt: Von mir geliebte Th\u00fcringer Kl\u00f6\u00dfe (aber bitte ohne so schrecklich viel So\u00dfe),\u2026","rel":"","context":"In &quot;Acts&quot;","block_context":{"text":"Acts","link":"http:\/\/www.rockpixx.com\/wordpress\/category\/acts\/"},"img":{"alt_text":"Heaven Shall Burn, 19.07.2014, Deichbrand Open Air, Seeflughafen, Nordholz","src":"https:\/\/i0.wp.com\/www.rockpixx.com\/wordpress\/wp-content\/uploads\/2014\/07\/20140719-08-092_heaven-shall-burn_Artikel2.jpg?resize=350%2C200","width":350,"height":200,"srcset":"https:\/\/i0.wp.com\/www.rockpixx.com\/wordpress\/wp-content\/uploads\/2014\/07\/20140719-08-092_heaven-shall-burn_Artikel2.jpg?resize=350%2C200 1x, https:\/\/i0.wp.com\/www.rockpixx.com\/wordpress\/wp-content\/uploads\/2014\/07\/20140719-08-092_heaven-shall-burn_Artikel2.jpg?resize=525%2C300 1.5x, https:\/\/i0.wp.com\/www.rockpixx.com\/wordpress\/wp-content\/uploads\/2014\/07\/20140719-08-092_heaven-shall-burn_Artikel2.jpg?resize=700%2C400 2x"},"classes":[]},{"id":1068,"url":"http:\/\/www.rockpixx.com\/wordpress\/summerdays-festival-in-arbon\/","url_meta":{"origin":9607,"position":5},"title":"Summerdays Festival in Arbon","author":"admin","date":"1. September 2011","format":false,"excerpt":"Es ist das letzte Augustwochenende und wir hoffen, dass uns das Wetter nicht im Stich l\u00e4sst. Die vorherige Woche st\u00f6hnte ganz Mitteleuropa unter der tropischen Hitze und so war f\u00fcr das Wochenende Regen angesagt. Davon lie\u00dfen wir uns nicht unterkriegen und sind am Freitag Richtung Bodensee aufgebrochen. So wie letztes\u2026","rel":"","context":"In &quot;2011&quot;","block_context":{"text":"2011","link":"http:\/\/www.rockpixx.com\/wordpress\/category\/backstage\/2011\/"},"img":{"alt_text":"Miniaturgitarren in Bregenz","src":"https:\/\/i0.wp.com\/www.rockpixx.com\/wordpress\/wp-content\/uploads\/2013\/03\/20110901-20110826-IMG_1955.jpg?resize=350%2C200","width":350,"height":200,"srcset":"https:\/\/i0.wp.com\/www.rockpixx.com\/wordpress\/wp-content\/uploads\/2013\/03\/20110901-20110826-IMG_1955.jpg?resize=350%2C200 1x, https:\/\/i0.wp.com\/www.rockpixx.com\/wordpress\/wp-content\/uploads\/2013\/03\/20110901-20110826-IMG_1955.jpg?resize=525%2C300 1.5x, https:\/\/i0.wp.com\/www.rockpixx.com\/wordpress\/wp-content\/uploads\/2013\/03\/20110901-20110826-IMG_1955.jpg?resize=700%2C400 2x"},"classes":[]}],"jetpack_sharing_enabled":true,"publishpress_future_action":{"enabled":false,"date":"2026-05-07 06:15:09","action":"change-status","newStatus":"draft","terms":[],"taxonomy":"category","extraData":[]},"publishpress_future_workflow_manual_trigger":{"enabledWorkflows":[]},"_links":{"self":[{"href":"http:\/\/www.rockpixx.com\/wordpress\/wp-json\/wp\/v2\/posts\/9607","targetHints":{"allow":["GET"]}}],"collection":[{"href":"http:\/\/www.rockpixx.com\/wordpress\/wp-json\/wp\/v2\/posts"}],"about":[{"href":"http:\/\/www.rockpixx.com\/wordpress\/wp-json\/wp\/v2\/types\/post"}],"author":[{"embeddable":true,"href":"http:\/\/www.rockpixx.com\/wordpress\/wp-json\/wp\/v2\/users\/1"}],"replies":[{"embeddable":true,"href":"http:\/\/www.rockpixx.com\/wordpress\/wp-json\/wp\/v2\/comments?post=9607"}],"version-history":[{"count":0,"href":"http:\/\/www.rockpixx.com\/wordpress\/wp-json\/wp\/v2\/posts\/9607\/revisions"}],"wp:featuredmedia":[{"embeddable":true,"href":"http:\/\/www.rockpixx.com\/wordpress\/wp-json\/wp\/v2\/media\/9608"}],"wp:attachment":[{"href":"http:\/\/www.rockpixx.com\/wordpress\/wp-json\/wp\/v2\/media?parent=9607"}],"wp:term":[{"taxonomy":"category","embeddable":true,"href":"http:\/\/www.rockpixx.com\/wordpress\/wp-json\/wp\/v2\/categories?post=9607"},{"taxonomy":"post_tag","embeddable":true,"href":"http:\/\/www.rockpixx.com\/wordpress\/wp-json\/wp\/v2\/tags?post=9607"}],"curies":[{"name":"wp","href":"https:\/\/api.w.org\/{rel}","templated":true}]}}