{"id":9614,"date":"2012-12-05T15:42:55","date_gmt":"2012-12-05T14:42:55","guid":{"rendered":"http:\/\/rockpixx.com\/wordpress\/?p=9614"},"modified":"2013-03-02T15:47:58","modified_gmt":"2013-03-02T14:47:58","slug":"wandschmuck","status":"publish","type":"post","link":"http:\/\/www.rockpixx.com\/wordpress\/wandschmuck\/","title":{"rendered":"Wandschmuck"},"content":{"rendered":"<p>Moin,<\/p>\n<p>so allm\u00e4hlich kann man auch unserem neuen Domizil ansehen, dass wir vermutlich \u201eirgend etwas mit Musik\u201c wohl ganz gut finden.<\/p>\n<p>An der einen Wand im Eingangsbereich h\u00e4ngt nun endlich unsere blaue Strat im Paisley-Design neben einem gro\u00dfen Bild von den \u2192 <a title=\"The Scorpions, 04.08.2012, Wacken, W:O:A 2012\" href=\"http:\/\/rockpixx.com\/wordpress\/the-scorpions-04-08-2012-wacken-woa-2012\/\">Scorpions<\/a> auf Wacken. (Und einmal um die Ecke h\u00e4ngen dann unsere ganzen \u2192 <a title=\"Unsere Fotop\u00e4sse\" href=\"http:\/\/rockpixx.com\/wordpress\/unsere-fotopasse\/\">Fotop\u00e4sse<\/a>\u2026)<\/p>\n","protected":false},"excerpt":{"rendered":"<p>Moin, so allm\u00e4hlich kann man auch unserem neuen Domizil ansehen, dass wir vermutlich \u201eirgend etwas <a href=\"http:\/\/www.rockpixx.com\/wordpress\/wandschmuck\/\">Read more<\/a><\/p>\n","protected":false},"author":1,"featured_media":9615,"comment_status":"open","ping_status":"open","sticky":false,"template":"","format":"standard","meta":{"_jetpack_memberships_contains_paid_content":false,"footnotes":"","jetpack_publicize_message":"Wandschmuck","jetpack_publicize_feature_enabled":true,"jetpack_social_post_already_shared":true,"jetpack_social_options":{"image_generator_settings":{"template":"highway","default_image_id":0,"font":"","enabled":false},"version":2}},"categories":[269,19],"tags":[1759,917,109,918,919],"class_list":["post-9614","post","type-post","status-publish","format-standard","has-post-thumbnail","hentry","category-269","category-backstage","tag-1759","tag-fender","tag-intern","tag-scorpions","tag-stratocaster"],"aioseo_notices":[],"jetpack_publicize_connections":[],"jetpack_featured_media_url":"http:\/\/www.rockpixx.com\/wordpress\/wp-content\/uploads\/2013\/03\/20121205-004.jpg","jetpack-related-posts":[{"id":8958,"url":"http:\/\/www.rockpixx.com\/wordpress\/the-scorpions-04-08-2012-wacken-woa-2012\/","url_meta":{"origin":9614,"position":0},"title":"The Scorpions, 04.08.2012, Wacken, W:O:A 2012","author":"Anja","date":"4. August 2012","format":false,"excerpt":"Was soll ich \u00fcber die \u201eScorpions\u201c noch gro\u00dfartig schreiben, was nicht schon andere im Laufe der Jahrzehnte viel treffender ausgedr\u00fcckt haben? Vielleicht so viel: Es ist vermutlich der letzte gro\u00dfe OpenAir-Auftritt dieser Band gewesen, die Show war beeindruckend (die Menge der anwesenden Fotografen ebenfalls) und das \u201eHannoversche Englisch\u201c von Herrn\u2026","rel":"","context":"In &quot;Acts&quot;","block_context":{"text":"Acts","link":"http:\/\/www.rockpixx.com\/wordpress\/category\/acts\/"},"img":{"alt_text":"The Scorpions, 04.08.2012, Wacken, W:O:A 2012","src":"https:\/\/i0.wp.com\/www.rockpixx.com\/wordpress\/wp-content\/uploads\/2013\/02\/20120804-08-scorpions-Artikel.jpg?resize=350%2C200","width":350,"height":200,"srcset":"https:\/\/i0.wp.com\/www.rockpixx.com\/wordpress\/wp-content\/uploads\/2013\/02\/20120804-08-scorpions-Artikel.jpg?resize=350%2C200 1x, https:\/\/i0.wp.com\/www.rockpixx.com\/wordpress\/wp-content\/uploads\/2013\/02\/20120804-08-scorpions-Artikel.jpg?resize=525%2C300 1.5x, https:\/\/i0.wp.com\/www.rockpixx.com\/wordpress\/wp-content\/uploads\/2013\/02\/20120804-08-scorpions-Artikel.jpg?resize=700%2C400 2x"},"classes":[]},{"id":9068,"url":"http:\/\/www.rockpixx.com\/wordpress\/neues-introbild\/","url_meta":{"origin":9614,"position":1},"title":"Neues Introbild","author":"admin","date":"13. Februar 2013","format":false,"excerpt":"Passend zum Relaunch gibt's auch wieder ein neues Introbild. Deborah Anne Dyer alias \u201eSkin\u201c von \u2192 Skunk Anansie darf nun auch in den wohlverdienten Ruhestand. Daf\u00fcr ist ab jetzt Rudolf Schenker von den \u2192 Scorpions unser neuer Frontman. Alle bisherigen Introbilder gibt es nach wie vor \u2192 hier zu sehen.","rel":"","context":"In &quot;Internes&quot;","block_context":{"text":"Internes","link":"http:\/\/www.rockpixx.com\/wordpress\/category\/sonstiges\/"},"img":{"alt_text":"Introbild ab 2013-02","src":"https:\/\/i0.wp.com\/www.rockpixx.com\/wordpress\/wp-content\/uploads\/2013\/02\/intro_2013.jpg?resize=350%2C200","width":350,"height":200,"srcset":"https:\/\/i0.wp.com\/www.rockpixx.com\/wordpress\/wp-content\/uploads\/2013\/02\/intro_2013.jpg?resize=350%2C200 1x, https:\/\/i0.wp.com\/www.rockpixx.com\/wordpress\/wp-content\/uploads\/2013\/02\/intro_2013.jpg?resize=525%2C300 1.5x, https:\/\/i0.wp.com\/www.rockpixx.com\/wordpress\/wp-content\/uploads\/2013\/02\/intro_2013.jpg?resize=700%2C400 2x"},"classes":[]},{"id":11965,"url":"http:\/\/www.rockpixx.com\/wordpress\/doro-02-08-2013-wacken-woa-2013\/","url_meta":{"origin":9614,"position":2},"title":"Doro, 02.08.2013, Wacken, W:O:A 2013","author":"Anja","date":"6. August 2013","format":false,"excerpt":"Doro Pesch komponiert ja nicht nur die Hymnen f\u00fcr Ihre Freundin die Boxerin Regina Halmich, sondern ist nat\u00fcrlich auch so etwas wie die \u201eMetal-Queen\u201c in der gesamten Szene. In diesem Jahr begeht sie ihr 30-j\u00e4hriges B\u00fchnenjubil\u00e4um und so etwas will nat\u00fcrlich standesgem\u00e4\u00df in Wacken zelebriert werden. Also st\u00fcrmt sie nach\u2026","rel":"","context":"In &quot;Acts&quot;","block_context":{"text":"Acts","link":"http:\/\/www.rockpixx.com\/wordpress\/category\/acts\/"},"img":{"alt_text":"","src":"https:\/\/i0.wp.com\/www.rockpixx.com\/wordpress\/wp-content\/uploads\/2013\/08\/20130802-06-387_doro.jpg?resize=350%2C200","width":350,"height":200,"srcset":"https:\/\/i0.wp.com\/www.rockpixx.com\/wordpress\/wp-content\/uploads\/2013\/08\/20130802-06-387_doro.jpg?resize=350%2C200 1x, https:\/\/i0.wp.com\/www.rockpixx.com\/wordpress\/wp-content\/uploads\/2013\/08\/20130802-06-387_doro.jpg?resize=525%2C300 1.5x, https:\/\/i0.wp.com\/www.rockpixx.com\/wordpress\/wp-content\/uploads\/2013\/08\/20130802-06-387_doro.jpg?resize=700%2C400 2x"},"classes":[]},{"id":18039,"url":"http:\/\/www.rockpixx.com\/wordpress\/edguy-15-11-2014-metal-hammer-paradise-weissenhaeuser-strand\/","url_meta":{"origin":9614,"position":3},"title":"Edguy, 15.11.2014, \u201eMetal Hammer Paradise\u201c, Weissenh\u00e4user Strand","author":"admin","date":"18. November 2014","format":false,"excerpt":"Den Frontmann von \u201eEdguy\u201c, Tobias Sammet, kennen wir ja schon von seinem Solo-Projekt \u2192 \u201eAvantasia\u201c. Nun erlebe ich ihn also in seiner originalen Band, die er immerhin schon 1992 als 14-j\u00e4hriger Sch\u00fcler gegr\u00fcndet hat. Kurzer Vorabcheck bez\u00fcglich Licht: Auch zum letzten Act in diesem Jahr auf dem \u201eMetal Hammer Paradise\u201c\u2026","rel":"","context":"In &quot;Acts&quot;","block_context":{"text":"Acts","link":"http:\/\/www.rockpixx.com\/wordpress\/category\/acts\/"},"img":{"alt_text":"Edguy, 15.11.2014, Metal Hammer Paradise, Weissenh\u00e4user Strand","src":"https:\/\/i0.wp.com\/www.rockpixx.com\/wordpress\/wp-content\/uploads\/2015\/05\/20141115-11-087.jpg?resize=350%2C200","width":350,"height":200,"srcset":"https:\/\/i0.wp.com\/www.rockpixx.com\/wordpress\/wp-content\/uploads\/2015\/05\/20141115-11-087.jpg?resize=350%2C200 1x, https:\/\/i0.wp.com\/www.rockpixx.com\/wordpress\/wp-content\/uploads\/2015\/05\/20141115-11-087.jpg?resize=525%2C300 1.5x, https:\/\/i0.wp.com\/www.rockpixx.com\/wordpress\/wp-content\/uploads\/2015\/05\/20141115-11-087.jpg?resize=700%2C400 2x"},"classes":[]},{"id":61,"url":"http:\/\/www.rockpixx.com\/wordpress\/ein-ungeplanter-gig-und-unsere-kompaktkamera\/","url_meta":{"origin":9614,"position":4},"title":"Ein ungeplanter Gig und unsere Kompaktkamera","author":"admin","date":"29. Juni 2009","format":false,"excerpt":"Moin, eigentlich sollte der letzte Tag der diesj\u00e4hrigen \u201eKieler Woche\u201c f\u00fcr uns ja ein \u201eUrlaubstag\u201c werden \u2013 keine Gigs fotografieren, kein Equipment kiloweise durch die Innenstadt schleppen und kein Gehetze von B\u00fchne zu B\u00fchne. Also Zivilkleidung angezogen und nur f\u00fcr ein paar m\u00f6glicherweise zu t\u00e4tigende Schnappsch\u00fcsse die Kompakte am G\u00fcrtel\u2026","rel":"","context":"In &quot;2009&quot;","block_context":{"text":"2009","link":"http:\/\/www.rockpixx.com\/wordpress\/category\/backstage\/2009\/"},"img":{"alt_text":"Pop Shop Boys, 28.06.2009, Kiel, Holsten-Park-B\u00fchne","src":"https:\/\/i0.wp.com\/www.rockpixx.com\/wordpress\/wp-content\/uploads\/2013\/01\/20090628-pop-shop-boys-Artikel.jpg?resize=350%2C200","width":350,"height":200,"srcset":"https:\/\/i0.wp.com\/www.rockpixx.com\/wordpress\/wp-content\/uploads\/2013\/01\/20090628-pop-shop-boys-Artikel.jpg?resize=350%2C200 1x, https:\/\/i0.wp.com\/www.rockpixx.com\/wordpress\/wp-content\/uploads\/2013\/01\/20090628-pop-shop-boys-Artikel.jpg?resize=525%2C300 1.5x, https:\/\/i0.wp.com\/www.rockpixx.com\/wordpress\/wp-content\/uploads\/2013\/01\/20090628-pop-shop-boys-Artikel.jpg?resize=700%2C400 2x"},"classes":[]},{"id":4482,"url":"http:\/\/www.rockpixx.com\/wordpress\/unsere-fotopasse\/","url_meta":{"origin":9614,"position":5},"title":"Unsere Fotop\u00e4sse","author":"admin","date":"8. Januar 2013","format":false,"excerpt":"Der Fotopass oder auf neudeutsch auch PitPass genannt: Ohne einen solchen ist bei gr\u00f6\u00dferen Events das Fotografieren nicht m\u00f6glich. Insofern sammeln sich im Laufe der Zeit bei Konzertfotografen einige dieser \u201eTroph\u00e4en\u201c an. Manchesmal sogar mit dem begehrten \u201eAAA\u201c darauf, welches Zutritt zum Backstage-Bereich bedeuten kann. Mittlerweile h\u00e4ngt unsere \u201eTroph\u00e4ensammlung\u201c in\u2026","rel":"","context":"In &quot;Fotopass&quot;","block_context":{"text":"Fotopass","link":"http:\/\/www.rockpixx.com\/wordpress\/category\/verschiedenes\/egomania\/fotopass\/"},"img":{"alt_text":"rockpixx.com, Pitp\u00e4sse","src":"https:\/\/i0.wp.com\/www.rockpixx.com\/wordpress\/wp-content\/uploads\/2012\/12\/20121213-001.jpg?resize=350%2C200","width":350,"height":200,"srcset":"https:\/\/i0.wp.com\/www.rockpixx.com\/wordpress\/wp-content\/uploads\/2012\/12\/20121213-001.jpg?resize=350%2C200 1x, https:\/\/i0.wp.com\/www.rockpixx.com\/wordpress\/wp-content\/uploads\/2012\/12\/20121213-001.jpg?resize=525%2C300 1.5x, https:\/\/i0.wp.com\/www.rockpixx.com\/wordpress\/wp-content\/uploads\/2012\/12\/20121213-001.jpg?resize=700%2C400 2x"},"classes":[]}],"jetpack_sharing_enabled":true,"publishpress_future_action":{"enabled":false,"date":"2026-05-07 07:46:01","action":"change-status","newStatus":"draft","terms":[],"taxonomy":"category","extraData":[]},"publishpress_future_workflow_manual_trigger":{"enabledWorkflows":[]},"_links":{"self":[{"href":"http:\/\/www.rockpixx.com\/wordpress\/wp-json\/wp\/v2\/posts\/9614","targetHints":{"allow":["GET"]}}],"collection":[{"href":"http:\/\/www.rockpixx.com\/wordpress\/wp-json\/wp\/v2\/posts"}],"about":[{"href":"http:\/\/www.rockpixx.com\/wordpress\/wp-json\/wp\/v2\/types\/post"}],"author":[{"embeddable":true,"href":"http:\/\/www.rockpixx.com\/wordpress\/wp-json\/wp\/v2\/users\/1"}],"replies":[{"embeddable":true,"href":"http:\/\/www.rockpixx.com\/wordpress\/wp-json\/wp\/v2\/comments?post=9614"}],"version-history":[{"count":0,"href":"http:\/\/www.rockpixx.com\/wordpress\/wp-json\/wp\/v2\/posts\/9614\/revisions"}],"wp:featuredmedia":[{"embeddable":true,"href":"http:\/\/www.rockpixx.com\/wordpress\/wp-json\/wp\/v2\/media\/9615"}],"wp:attachment":[{"href":"http:\/\/www.rockpixx.com\/wordpress\/wp-json\/wp\/v2\/media?parent=9614"}],"wp:term":[{"taxonomy":"category","embeddable":true,"href":"http:\/\/www.rockpixx.com\/wordpress\/wp-json\/wp\/v2\/categories?post=9614"},{"taxonomy":"post_tag","embeddable":true,"href":"http:\/\/www.rockpixx.com\/wordpress\/wp-json\/wp\/v2\/tags?post=9614"}],"curies":[{"name":"wp","href":"https:\/\/api.w.org\/{rel}","templated":true}]}}