{"id":9618,"date":"2012-07-18T15:54:06","date_gmt":"2012-07-18T14:54:06","guid":{"rendered":"http:\/\/rockpixx.com\/wordpress\/?p=9618"},"modified":"2013-03-20T16:07:02","modified_gmt":"2013-03-20T15:07:02","slug":"dsds-das-wars","status":"publish","type":"post","link":"http:\/\/www.rockpixx.com\/wordpress\/dsds-das-wars\/","title":{"rendered":"DSDS &#8211; Das war&#8217;s!"},"content":{"rendered":"<p>Moin,<\/p>\n<p>so eine neue Erfahrung liegt hinter uns, wir waren beim \u201eDSDS Superstar OpenAir\u201c am Eckernf\u00f6rder S\u00fcdstrand. Nach einigen Anlaufschwierigkeiten, sind wir auch noch zu unseren Fotos gekommen, zu sehen sind sie hier: \u2192 <a title=\"DSDS Superstar OpenAir 2012\" href=\"http:\/\/rockpixx.com\/wordpress\/tag\/dsds-superstar-open-air\/\">DSDS Superstar OpenAir 2012<\/a><\/p>\n<p>Und f\u00fcr alle Fans von \u201ePop Titan Dieter Bohlen und ihm sein DSDS\u201c gibt&#8217;s nun noch eine kitschige Collage von der Kita-Gruppe \u201eSingendes Eckernf\u00f6rde\u201c mit ihrem Erzieher \ud83d\ude42<\/p>\n","protected":false},"excerpt":{"rendered":"<p>Moin, so eine neue Erfahrung liegt hinter uns, wir waren beim \u201eDSDS Superstar OpenAir\u201c am <a href=\"http:\/\/www.rockpixx.com\/wordpress\/dsds-das-wars\/\">Read more<\/a><\/p>\n","protected":false},"author":1,"featured_media":9619,"comment_status":"open","ping_status":"open","sticky":false,"template":"","format":"standard","meta":{"_jetpack_memberships_contains_paid_content":false,"footnotes":"","jetpack_publicize_message":"DSDS - Das war's!","jetpack_publicize_feature_enabled":true,"jetpack_social_post_already_shared":true,"jetpack_social_options":{"image_generator_settings":{"template":"highway","default_image_id":0,"font":"","enabled":false},"version":2}},"categories":[269,19],"tags":[1759,921,876,874],"class_list":["post-9618","post","type-post","status-publish","format-standard","has-post-thumbnail","hentry","category-269","category-backstage","tag-1759","tag-dieter-bohlen","tag-dsds-superstar-open-air","tag-eckernforde"],"aioseo_notices":[],"jetpack_publicize_connections":[],"jetpack_featured_media_url":"http:\/\/www.rockpixx.com\/wordpress\/wp-content\/uploads\/2013\/03\/20120718-20120714-00-028.jpg","jetpack-related-posts":[{"id":11542,"url":"http:\/\/www.rockpixx.com\/wordpress\/menderes-dsds-openair-06-07-2013-soltau-heide-park-resort\/","url_meta":{"origin":9618,"position":0},"title":"Menderes, DSDS OpenAir, 06.07.2013, Soltau, Heide Park Resort","author":"Anja","date":"11. Juli 2013","format":false,"excerpt":"Menderes ist langsam dabei, \u201eseinen pers\u00f6nlichen Stil\u201c zu finden \u2013 so erscheint es uns. Wirkte er \u2192\u00a02012 in Eckernf\u00f6rde noch ein wenig sch\u00fcchtern, so tritt er dieses Mal \u2013 zumindest auf der B\u00fchne \u2013 schon mit deutlich mehr Selbstbewusstsein vor die gut 15.000-k\u00f6pfige Menge und singt und tanzt sich die\u2026","rel":"","context":"In &quot;Acts&quot;","block_context":{"text":"Acts","link":"http:\/\/www.rockpixx.com\/wordpress\/category\/acts\/"},"img":{"alt_text":"","src":"https:\/\/i0.wp.com\/www.rockpixx.com\/wordpress\/wp-content\/uploads\/2013\/07\/20130706-10-025_menderes-Artikel.jpg?resize=350%2C200","width":350,"height":200,"srcset":"https:\/\/i0.wp.com\/www.rockpixx.com\/wordpress\/wp-content\/uploads\/2013\/07\/20130706-10-025_menderes-Artikel.jpg?resize=350%2C200 1x, https:\/\/i0.wp.com\/www.rockpixx.com\/wordpress\/wp-content\/uploads\/2013\/07\/20130706-10-025_menderes-Artikel.jpg?resize=525%2C300 1.5x, https:\/\/i0.wp.com\/www.rockpixx.com\/wordpress\/wp-content\/uploads\/2013\/07\/20130706-10-025_menderes-Artikel.jpg?resize=700%2C400 2x"},"classes":[]},{"id":8750,"url":"http:\/\/www.rockpixx.com\/wordpress\/annemarie-eilfeld-dsds-14-07-2012-eckernforde-sudstrand\/","url_meta":{"origin":9618,"position":1},"title":"Annemarie Eilfeld (DSDS), 14.07.2012, Eckernf\u00f6rde, S\u00fcdstrand","author":"Anja","date":"14. Juli 2012","format":false,"excerpt":"Am Wochenende bewegten wir uns nicht in unserem gewohnten Umfeld\u2026 es war schon der Graben vor einer Konzertb\u00fchne, aber auf der B\u00fchne waren K\u00fcnstler, die nicht zum \u00fcblichen \u201eBeuteschema\u201c von rockpixx.com geh\u00f6ren. Aber was tut man nicht alles f\u00fcr\u2026 nein f\u00fcr Geld haben wir es nicht getan, sondern aus langj\u00e4hriger\u2026","rel":"","context":"In &quot;Acts&quot;","block_context":{"text":"Acts","link":"http:\/\/www.rockpixx.com\/wordpress\/category\/acts\/"},"img":{"alt_text":", Open Air, Openair, Open-Air, rockpixx.com | premium concertpics, Konzerte, Konzertfotografie","src":"https:\/\/i0.wp.com\/www.rockpixx.com\/wordpress\/wp-content\/uploads\/2013\/02\/20120714-01-annemarie-eilfeld-Artikel.jpg?resize=350%2C200","width":350,"height":200,"srcset":"https:\/\/i0.wp.com\/www.rockpixx.com\/wordpress\/wp-content\/uploads\/2013\/02\/20120714-01-annemarie-eilfeld-Artikel.jpg?resize=350%2C200 1x, https:\/\/i0.wp.com\/www.rockpixx.com\/wordpress\/wp-content\/uploads\/2013\/02\/20120714-01-annemarie-eilfeld-Artikel.jpg?resize=525%2C300 1.5x, https:\/\/i0.wp.com\/www.rockpixx.com\/wordpress\/wp-content\/uploads\/2013\/02\/20120714-01-annemarie-eilfeld-Artikel.jpg?resize=700%2C400 2x"},"classes":[]},{"id":8759,"url":"http:\/\/www.rockpixx.com\/wordpress\/mark-medlock-dsds-14-07-2012-eckernforde-sudstrand\/","url_meta":{"origin":9618,"position":2},"title":"Mark Medlock (DSDS), 14.07.2012, Eckernf\u00f6rde, S\u00fcdstrand","author":"Anja","date":"14. Juli 2012","format":false,"excerpt":"Mark Medlock ist der n\u00e4chste DSDS-Sieger \u2013 er gewann die 4. Staffel und war bisher auch einer der erfolgreichsten DSDS-Teilnehmer, was die Platzierung in den Charts betrifft. Einer seiner letzten Auftritte auf einer B\u00fchne\u2026 dies bewegte ihn schon sehr und spiegelte sich auch in seiner Liederauswahl wieder. Eher getragene Songs\u2026","rel":"","context":"In &quot;Acts&quot;","block_context":{"text":"Acts","link":"http:\/\/www.rockpixx.com\/wordpress\/category\/acts\/"},"img":{"alt_text":"Mark Medlock (DSDS), 14.07.2012, Eckernf\u00f6rde, S\u00fcdstrand","src":"https:\/\/i0.wp.com\/www.rockpixx.com\/wordpress\/wp-content\/uploads\/2013\/02\/20120714-05-mark-medlock-Artikel.jpg?resize=350%2C200","width":350,"height":200,"srcset":"https:\/\/i0.wp.com\/www.rockpixx.com\/wordpress\/wp-content\/uploads\/2013\/02\/20120714-05-mark-medlock-Artikel.jpg?resize=350%2C200 1x, https:\/\/i0.wp.com\/www.rockpixx.com\/wordpress\/wp-content\/uploads\/2013\/02\/20120714-05-mark-medlock-Artikel.jpg?resize=525%2C300 1.5x, https:\/\/i0.wp.com\/www.rockpixx.com\/wordpress\/wp-content\/uploads\/2013\/02\/20120714-05-mark-medlock-Artikel.jpg?resize=700%2C400 2x"},"classes":[]},{"id":11447,"url":"http:\/\/www.rockpixx.com\/wordpress\/dsds-zuruck-vom-kreischalarm\/","url_meta":{"origin":9618,"position":3},"title":"DSDS: Zur\u00fcck vom Kreischalarm!","author":"admin","date":"8. Juli 2013","format":false,"excerpt":"Dieses Jahr sind wir erneut beim DSDS Superstar Open Air gewesen. Fand diese Veranstaltung 2012 noch in \u2192 Eckernf\u00f6rde direkt am Ostseestrand statt, so ging es dieses Jahr nach Soltau in das \u201eHeide Park Resort\u201c. Erstmals waren wir bei dieser Veranstaltungsreihe nicht nur als Fotografen, sondern als offizielle Fotografen und\u2026","rel":"","context":"In &quot;2013&quot;","block_context":{"text":"2013","link":"http:\/\/www.rockpixx.com\/wordpress\/category\/backstage\/2013\/"},"img":{"alt_text":"Impressionen DSDS OpenAir 2013, 06.07.2013, Soltau, Heide Park Resort","src":"https:\/\/i0.wp.com\/www.rockpixx.com\/wordpress\/wp-content\/uploads\/2013\/07\/20130706-00-071_DSDS-2013-Artikel.jpg?resize=350%2C200","width":350,"height":200,"srcset":"https:\/\/i0.wp.com\/www.rockpixx.com\/wordpress\/wp-content\/uploads\/2013\/07\/20130706-00-071_DSDS-2013-Artikel.jpg?resize=350%2C200 1x, https:\/\/i0.wp.com\/www.rockpixx.com\/wordpress\/wp-content\/uploads\/2013\/07\/20130706-00-071_DSDS-2013-Artikel.jpg?resize=525%2C300 1.5x, https:\/\/i0.wp.com\/www.rockpixx.com\/wordpress\/wp-content\/uploads\/2013\/07\/20130706-00-071_DSDS-2013-Artikel.jpg?resize=700%2C400 2x"},"classes":[]},{"id":11459,"url":"http:\/\/www.rockpixx.com\/wordpress\/oliver-lukas-sylvia-martens-dsds-openair-2013-06-07-2013-soltau-heide-park-resort\/","url_meta":{"origin":9618,"position":4},"title":"Oliver Lukas, Sylvia Martens, DSDS OpenAir 2013, 06.07.2013, Soltau, Heide Park Resort","author":"admin","date":"9. Juli 2013","format":false,"excerpt":"R\u00e4tselraten unter den anwesenden Pressevertretern: Wer ist das denn? Ok, die beiden m\u00fcssen wohl etwas mit DSDS zu tun haben, aber f\u00fcr Kandidaten sind sie schlicht zu alt und sie passen auch nicht in das optische Schema des Casting-Konzeptes. Die L\u00f6sung der Frage bahnt sich an, als Dieter Bohlen verk\u00fcndet:\u2026","rel":"","context":"In &quot;Acts&quot;","block_context":{"text":"Acts","link":"http:\/\/www.rockpixx.com\/wordpress\/category\/acts\/"},"img":{"alt_text":"","src":"https:\/\/i0.wp.com\/www.rockpixx.com\/wordpress\/wp-content\/uploads\/2013\/07\/20130706-01-021_lukas-martens-Artikel.jpg?resize=350%2C200","width":350,"height":200,"srcset":"https:\/\/i0.wp.com\/www.rockpixx.com\/wordpress\/wp-content\/uploads\/2013\/07\/20130706-01-021_lukas-martens-Artikel.jpg?resize=350%2C200 1x, https:\/\/i0.wp.com\/www.rockpixx.com\/wordpress\/wp-content\/uploads\/2013\/07\/20130706-01-021_lukas-martens-Artikel.jpg?resize=525%2C300 1.5x, https:\/\/i0.wp.com\/www.rockpixx.com\/wordpress\/wp-content\/uploads\/2013\/07\/20130706-01-021_lukas-martens-Artikel.jpg?resize=700%2C400 2x"},"classes":[]},{"id":8761,"url":"http:\/\/www.rockpixx.com\/wordpress\/sarah-engels-dsds-14-07-2012-eckernforde-sudstrand\/","url_meta":{"origin":9618,"position":5},"title":"Sarah Engels (DSDS), 14.07.2012, Eckernf\u00f6rde, S\u00fcdstrand","author":"Anja","date":"14. Juli 2012","format":false,"excerpt":"Sarah Engels war im letzten Jahr im Finale von Dieter Bohlen's DSDS, dort belegte sie den zweiten Platz. Musikalisch wurden die Songs vieler bekannter K\u00fcnstler zum Besten gegeben. Die Darbietung lie\u00df die Vermutung aufkommen, dass hier die gro\u00dfen Vorbilder von Sarah im Bereich von Mariah Carey und Celine Dion zu\u2026","rel":"","context":"In &quot;Acts&quot;","block_context":{"text":"Acts","link":"http:\/\/www.rockpixx.com\/wordpress\/category\/acts\/"},"img":{"alt_text":"Sarah Engels (DSDS), 14.07.2012, Eckernf\u00f6rde, S\u00fcdstrand","src":"https:\/\/i0.wp.com\/www.rockpixx.com\/wordpress\/wp-content\/uploads\/2013\/02\/20120714-06-sarah-engels-Artikel.jpg?resize=350%2C200","width":350,"height":200,"srcset":"https:\/\/i0.wp.com\/www.rockpixx.com\/wordpress\/wp-content\/uploads\/2013\/02\/20120714-06-sarah-engels-Artikel.jpg?resize=350%2C200 1x, https:\/\/i0.wp.com\/www.rockpixx.com\/wordpress\/wp-content\/uploads\/2013\/02\/20120714-06-sarah-engels-Artikel.jpg?resize=525%2C300 1.5x, https:\/\/i0.wp.com\/www.rockpixx.com\/wordpress\/wp-content\/uploads\/2013\/02\/20120714-06-sarah-engels-Artikel.jpg?resize=700%2C400 2x"},"classes":[]}],"jetpack_sharing_enabled":true,"publishpress_future_action":{"enabled":false,"date":"2026-05-07 07:46:41","action":"change-status","newStatus":"draft","terms":[],"taxonomy":"category","extraData":[]},"publishpress_future_workflow_manual_trigger":{"enabledWorkflows":[]},"_links":{"self":[{"href":"http:\/\/www.rockpixx.com\/wordpress\/wp-json\/wp\/v2\/posts\/9618","targetHints":{"allow":["GET"]}}],"collection":[{"href":"http:\/\/www.rockpixx.com\/wordpress\/wp-json\/wp\/v2\/posts"}],"about":[{"href":"http:\/\/www.rockpixx.com\/wordpress\/wp-json\/wp\/v2\/types\/post"}],"author":[{"embeddable":true,"href":"http:\/\/www.rockpixx.com\/wordpress\/wp-json\/wp\/v2\/users\/1"}],"replies":[{"embeddable":true,"href":"http:\/\/www.rockpixx.com\/wordpress\/wp-json\/wp\/v2\/comments?post=9618"}],"version-history":[{"count":0,"href":"http:\/\/www.rockpixx.com\/wordpress\/wp-json\/wp\/v2\/posts\/9618\/revisions"}],"wp:featuredmedia":[{"embeddable":true,"href":"http:\/\/www.rockpixx.com\/wordpress\/wp-json\/wp\/v2\/media\/9619"}],"wp:attachment":[{"href":"http:\/\/www.rockpixx.com\/wordpress\/wp-json\/wp\/v2\/media?parent=9618"}],"wp:term":[{"taxonomy":"category","embeddable":true,"href":"http:\/\/www.rockpixx.com\/wordpress\/wp-json\/wp\/v2\/categories?post=9618"},{"taxonomy":"post_tag","embeddable":true,"href":"http:\/\/www.rockpixx.com\/wordpress\/wp-json\/wp\/v2\/tags?post=9618"}],"curies":[{"name":"wp","href":"https:\/\/api.w.org\/{rel}","templated":true}]}}